{"id":276181,"date":"2021-05-12T17:01:09","date_gmt":"2021-05-12T21:01:09","guid":{"rendered":"http:\/\/diariodominicano.com\/?p=276181"},"modified":"2021-05-12T17:01:09","modified_gmt":"2021-05-12T21:01:09","slug":"baloncesto-argentina-confirma-a-sergio-hernandez-como-tecnico-para-tokio-2021","status":"publish","type":"post","link":"https:\/\/diariodominicano.com\/?p=276181","title":{"rendered":"Baloncesto: Argentina confirma a Sergio Hern\u00e1ndez como t\u00e9cnico para Tokio 2021"},"content":{"rendered":"\n<h3 class=\"wp-block-heading\">diariodominicano.com<a rel=\"noreferrer noopener\" href=\"http:\/\/home.xinhua-news.com\/gdsdetailxhs\/share\/9398449-?pageflag=iframe\" target=\"_blank\"><\/a><\/h3>\n\n\n\n<pre id=\"text-news-description\" class=\"wp-block-preformatted\">   BUENOS AIRES, 12 may (Xinhua) -- Sergio Hern\u00e1ndez fue confirmado hoy mi\u00e9rcoles como entrenador del seleccionado argentino de baloncesto masculino que disputar\u00e1 los Juegos Ol\u00edmpicos de Tokio 2021.\n   La Confederaci\u00f3n Argentina de B\u00e1squetbol (CAB) inform\u00f3, en un comunicado, que el director t\u00e9cnico \"firm\u00f3 el nuevo acuerdo para estar en su cuarta cita ol\u00edmpica\", ya que estuvo en Beijing 2008, Londres 2012 (como asistente) y R\u00edo de Janeiro 2016.\n   Los Juegos Ol\u00edmpicos de Tokio tendr\u00e1n lugar del 23 de julio al 8 de agosto de 2021 en Jap\u00f3n, tras ser pospuestos en 2020 por la pandemia del nuevo coronavirus.\n   \"Estoy realmente muy feliz por tener esta chance de llegar a mi cuarto Juego Ol\u00edmpico, con el plus de hacerlo con este plantel tan especial y al que siento tan cercano a mis afectos\", expres\u00f3 Hern\u00e1ndez, seg\u00fan el texto.\n   El t\u00e9cnico argentino, quien viene de dirigir al Club Baloncesto Zaragoza, de Espa\u00f1a, tuvo su mejor actuaci\u00f3n ol\u00edmpica al frente del seleccionado en Beijing, donde logr\u00f3 la medalla de bronce, mientras que en el Mundial de China 2019, bajo su mandato, Argentina fue la gran sorpresa al llegar a la final, donde cay\u00f3 ante Espa\u00f1a.\n   \"No tengo ning\u00fan problema de salud, pero s\u00ed en su momento se juntaron varios casos de (la enfermedad del nuevo coronavirus) COVID-19 en mis seres queridos, y sent\u00ed que deb\u00eda volver. Son tiempos para estar cerca, no lejos y solo\", explic\u00f3 sobre su salida del Zaragoza.\n   El director t\u00e9cnico, de 57 a\u00f1os, afirm\u00f3 estar ahora \"m\u00e1s tranquilo y ya enfocado en Tokio y la preparaci\u00f3n\".\n   La principal figura del elenco sudamericano es el capit\u00e1n Luis Scola, de 41 a\u00f1os, quien se desempe\u00f1a actualmente en el Pallacanestro Varese, de Italia, y estar\u00e1 por quinta vez consecutiva en una competencia ol\u00edmpica.\n   En ese sentido, Hern\u00e1ndez analiz\u00f3 que su plantel cuenta con \"j\u00f3venes que han confirmado su explosi\u00f3n, otros no tan j\u00f3venes que han dado un salto enorme de calidad, algunos que se han metido definitivamente en la elite mundial y, en el caso de Scola, mantiene su singular caso de eterna juventud\".\n   Respecto de Facundo Campazzo, Gabriel Deck y Luca Vildoza, que actualmente juegan en la Asociaci\u00f3n Nacional de Baloncesto estadounidense (NBA, por sus siglas en ingl\u00e9s), el entrenador remarc\u00f3 que \"en todos los casos coincide con un salto de calidad en el juego\".\n   \"Las tres llegadas a la mejor liga del mundo han ido de la mano de un creciente nivel, cuando no siempre sucede de esa forma\", puntualiz\u00f3.\n   Hern\u00e1ndez cont\u00f3 adem\u00e1s que Estados Unidos invit\u00f3 al seleccionado argentino a entrenarse en Las Vegas, en donde podr\u00edan llevar a cabo amistosos preparatorios con \"Australia, Nigeria y tal vez Espa\u00f1a\".\n   Por su parte, el presidente de la CAB, Fabi\u00e1n Borro, resalt\u00f3 que \"Hern\u00e1ndez es el indiscutido l\u00edder de este plantel\", y asegur\u00f3 que ir\u00e1n a buscar \"el mejor resultado posible a Tokio\".<\/pre>\n","protected":false},"excerpt":{"rendered":"<p>diariodominicano.com BUENOS AIRES, 12 may (Xinhua) &#8212; Sergio Hern\u00e1ndez fue confirmado hoy mi\u00e9rcoles como entrenador del seleccionado argentino de baloncesto masculino que disputar\u00e1 los Juegos Ol\u00edmpicos de Tokio 2021. La Confederaci\u00f3n Argentina de B\u00e1squetbol (CAB) inform\u00f3, en un comunicado, que el director t\u00e9cnico \u00abfirm\u00f3 el nuevo acuerdo para estar en su cuarta cita ol\u00edmpica\u00bb, ya [&hellip;]<\/p>\n","protected":false},"author":5,"featured_media":276182,"comment_status":"closed","ping_status":"","sticky":true,"template":"","format":"standard","meta":{"footnotes":""},"categories":[17,27],"tags":[],"class_list":["post-276181","post","type-post","status-publish","format-standard","has-post-thumbnail","hentry","category-deportes","category-portada"],"_links":{"self":[{"href":"https:\/\/diariodominicano.com\/index.php?rest_route=\/wp\/v2\/posts\/276181","targetHints":{"allow":["GET"]}}],"collection":[{"href":"https:\/\/diariodominicano.com\/index.php?rest_route=\/wp\/v2\/posts"}],"about":[{"href":"https:\/\/diariodominicano.com\/index.php?rest_route=\/wp\/v2\/types\/post"}],"author":[{"embeddable":true,"href":"https:\/\/diariodominicano.com\/index.php?rest_route=\/wp\/v2\/users\/5"}],"replies":[{"embeddable":true,"href":"https:\/\/diariodominicano.com\/index.php?rest_route=%2Fwp%2Fv2%2Fcomments&post=276181"}],"version-history":[{"count":1,"href":"https:\/\/diariodominicano.com\/index.php?rest_route=\/wp\/v2\/posts\/276181\/revisions"}],"predecessor-version":[{"id":276183,"href":"https:\/\/diariodominicano.com\/index.php?rest_route=\/wp\/v2\/posts\/276181\/revisions\/276183"}],"wp:featuredmedia":[{"embeddable":true,"href":"https:\/\/diariodominicano.com\/index.php?rest_route=\/wp\/v2\/media\/276182"}],"wp:attachment":[{"href":"https:\/\/diariodominicano.com\/index.php?rest_route=%2Fwp%2Fv2%2Fmedia&parent=276181"}],"wp:term":[{"taxonomy":"category","embeddable":true,"href":"https:\/\/diariodominicano.com\/index.php?rest_route=%2Fwp%2Fv2%2Fcategories&post=276181"},{"taxonomy":"post_tag","embeddable":true,"href":"https:\/\/diariodominicano.com\/index.php?rest_route=%2Fwp%2Fv2%2Ftags&post=276181"}],"curies":[{"name":"wp","href":"https:\/\/api.w.org\/{rel}","templated":true}]}}