{"id":266256,"date":"2021-03-04T18:34:36","date_gmt":"2021-03-04T22:34:36","guid":{"rendered":"http:\/\/diariodominicano.com\/?p=266256"},"modified":"2021-03-04T18:34:36","modified_gmt":"2021-03-04T22:34:36","slug":"dos-judocas-dominicanos-tras-clasificacion-olimpica-en-uzbekistan","status":"publish","type":"post","link":"https:\/\/diariodominicano.com\/?p=266256","title":{"rendered":"Dos judocas dominicanos tras clasificaci\u00f3n ol\u00edmpica en Uzbekist\u00e1n"},"content":{"rendered":"\n<h1 class=\"wp-block-heading\">diariodominicano.com<\/h1>\n\n\n\n<p>&nbsp;Santo Domingo, 4 mar (Prensa Latina) Los dominicanos Wander Mateo y Medickson del Orbe buscar\u00e1n a partir de ma\u00f1ana la clasificaci\u00f3n ol\u00edmpica en el Grand Slam de judo de Uzbekist\u00e1n, se\u00f1al\u00f3 hoy el portal digital del Comit\u00e9 Ol\u00edmpico.<br>Mateo, quien compite en los 66 kilogramos, tendr\u00e1 su primer combate el viernes ante el italiano Biagio Stefanelli, y Del Orbe enfrentar\u00e1 al representante de Egipto, Abdelraman Mohamed, el s\u00e1bado.<\/p>\n\n\n\n<p>La representaci\u00f3n dominicana al clasificatorio ol\u00edmpico la completa el \u00e1rbitro Orlando Cruz, quien fue designado por la Federaci\u00f3n Internacional de Judo (FIJ) para impartir justicia en el torneo de judo de los Juegos Ol\u00edmpicos de Tokio.<\/p>\n\n\n\n<p>El evento, segundo que efect\u00faa la FIJ, se llevar\u00e1 a cabo hasta el domingo con la participaci\u00f3n de 509 competidores provenientes de los cinco continentes.<\/p>\n\n\n\n<p>car\/ema<\/p>\n","protected":false},"excerpt":{"rendered":"<p>diariodominicano.com &nbsp;Santo Domingo, 4 mar (Prensa Latina) Los dominicanos Wander Mateo y Medickson del Orbe buscar\u00e1n a partir de ma\u00f1ana la clasificaci\u00f3n ol\u00edmpica en el Grand Slam de judo de Uzbekist\u00e1n, se\u00f1al\u00f3 hoy el portal digital del Comit\u00e9 Ol\u00edmpico.Mateo, quien compite en los 66 kilogramos, tendr\u00e1 su primer combate el viernes ante el italiano Biagio [&hellip;]<\/p>\n","protected":false},"author":5,"featured_media":266257,"comment_status":"open","ping_status":"","sticky":true,"template":"","format":"standard","meta":{"footnotes":""},"categories":[17,27],"tags":[],"class_list":["post-266256","post","type-post","status-publish","format-standard","has-post-thumbnail","hentry","category-deportes","category-portada"],"_links":{"self":[{"href":"https:\/\/diariodominicano.com\/index.php?rest_route=\/wp\/v2\/posts\/266256","targetHints":{"allow":["GET"]}}],"collection":[{"href":"https:\/\/diariodominicano.com\/index.php?rest_route=\/wp\/v2\/posts"}],"about":[{"href":"https:\/\/diariodominicano.com\/index.php?rest_route=\/wp\/v2\/types\/post"}],"author":[{"embeddable":true,"href":"https:\/\/diariodominicano.com\/index.php?rest_route=\/wp\/v2\/users\/5"}],"replies":[{"embeddable":true,"href":"https:\/\/diariodominicano.com\/index.php?rest_route=%2Fwp%2Fv2%2Fcomments&post=266256"}],"version-history":[{"count":1,"href":"https:\/\/diariodominicano.com\/index.php?rest_route=\/wp\/v2\/posts\/266256\/revisions"}],"predecessor-version":[{"id":266258,"href":"https:\/\/diariodominicano.com\/index.php?rest_route=\/wp\/v2\/posts\/266256\/revisions\/266258"}],"wp:featuredmedia":[{"embeddable":true,"href":"https:\/\/diariodominicano.com\/index.php?rest_route=\/wp\/v2\/media\/266257"}],"wp:attachment":[{"href":"https:\/\/diariodominicano.com\/index.php?rest_route=%2Fwp%2Fv2%2Fmedia&parent=266256"}],"wp:term":[{"taxonomy":"category","embeddable":true,"href":"https:\/\/diariodominicano.com\/index.php?rest_route=%2Fwp%2Fv2%2Fcategories&post=266256"},{"taxonomy":"post_tag","embeddable":true,"href":"https:\/\/diariodominicano.com\/index.php?rest_route=%2Fwp%2Fv2%2Ftags&post=266256"}],"curies":[{"name":"wp","href":"https:\/\/api.w.org\/{rel}","templated":true}]}}