{"id":265668,"date":"2021-03-01T10:05:08","date_gmt":"2021-03-01T14:05:08","guid":{"rendered":"http:\/\/diariodominicano.com\/?p=265668"},"modified":"2021-03-01T10:05:08","modified_gmt":"2021-03-01T14:05:08","slug":"arrestado-expresidente-fc-barcelona-en-operacion-anticorrupcion","status":"publish","type":"post","link":"https:\/\/diariodominicano.com\/?p=265668","title":{"rendered":"Arrestado expresidente FC Barcelona en operaci\u00f3n anticorrupci\u00f3n"},"content":{"rendered":"\n<h3 class=\"wp-block-heading\">diariodominicano.com<\/h3>\n\n\n\n<pre id=\"text-news-description\" class=\"wp-block-preformatted\">   MADRID, 1 mar (Xinhua) -- El expresidente del FC Barcelona Josep Mar\u00eda Bartomeu fue arrestado hoy lunes junto con el director general del club, \u00d3scar Grau, y el exdirector del \u00c1rea de Presidencia Jaume Masferrer, en una operaci\u00f3n por el caso Bar\u00e7aGate.\n   Los arrestos tuvieron lugar durante el registro por parte de la Polic\u00eda regional catalana (Mossos d'Esquadra) de las oficinas en el estadio del Camp Nou dentro de la investigaci\u00f3n.\n   El caso tiene que ver con el presunto uso ilegal de fondos del club para pagar campa\u00f1as en l\u00ednea destinadas a perjudicar la imagen de quienes se opon\u00edan a Bartomeu, entre ellos varios jugadores.\n   La operaci\u00f3n se lleva a cabo a menos de una semana de que, el 7 de marzo, tengan lugar las elecciones para decidir al sucesor de Bartomeu. <\/pre>\n","protected":false},"excerpt":{"rendered":"<p>diariodominicano.com MADRID, 1 mar (Xinhua) &#8212; El expresidente del FC Barcelona Josep Mar\u00eda Bartomeu fue arrestado hoy lunes junto con el director general del club, \u00d3scar Grau, y el exdirector del \u00c1rea de Presidencia Jaume Masferrer, en una operaci\u00f3n por el caso Bar\u00e7aGate. Los arrestos tuvieron lugar durante el registro por parte de la Polic\u00eda [&hellip;]<\/p>\n","protected":false},"author":5,"featured_media":265669,"comment_status":"open","ping_status":"","sticky":true,"template":"","format":"standard","meta":{"footnotes":""},"categories":[17,27],"tags":[],"class_list":["post-265668","post","type-post","status-publish","format-standard","has-post-thumbnail","hentry","category-deportes","category-portada"],"_links":{"self":[{"href":"https:\/\/diariodominicano.com\/index.php?rest_route=\/wp\/v2\/posts\/265668","targetHints":{"allow":["GET"]}}],"collection":[{"href":"https:\/\/diariodominicano.com\/index.php?rest_route=\/wp\/v2\/posts"}],"about":[{"href":"https:\/\/diariodominicano.com\/index.php?rest_route=\/wp\/v2\/types\/post"}],"author":[{"embeddable":true,"href":"https:\/\/diariodominicano.com\/index.php?rest_route=\/wp\/v2\/users\/5"}],"replies":[{"embeddable":true,"href":"https:\/\/diariodominicano.com\/index.php?rest_route=%2Fwp%2Fv2%2Fcomments&post=265668"}],"version-history":[{"count":1,"href":"https:\/\/diariodominicano.com\/index.php?rest_route=\/wp\/v2\/posts\/265668\/revisions"}],"predecessor-version":[{"id":265670,"href":"https:\/\/diariodominicano.com\/index.php?rest_route=\/wp\/v2\/posts\/265668\/revisions\/265670"}],"wp:featuredmedia":[{"embeddable":true,"href":"https:\/\/diariodominicano.com\/index.php?rest_route=\/wp\/v2\/media\/265669"}],"wp:attachment":[{"href":"https:\/\/diariodominicano.com\/index.php?rest_route=%2Fwp%2Fv2%2Fmedia&parent=265668"}],"wp:term":[{"taxonomy":"category","embeddable":true,"href":"https:\/\/diariodominicano.com\/index.php?rest_route=%2Fwp%2Fv2%2Fcategories&post=265668"},{"taxonomy":"post_tag","embeddable":true,"href":"https:\/\/diariodominicano.com\/index.php?rest_route=%2Fwp%2Fv2%2Ftags&post=265668"}],"curies":[{"name":"wp","href":"https:\/\/api.w.org\/{rel}","templated":true}]}}