{"id":265576,"date":"2021-02-27T22:38:46","date_gmt":"2021-02-28T02:38:46","guid":{"rendered":"http:\/\/diariodominicano.com\/?p=265576"},"modified":"2021-02-27T22:38:46","modified_gmt":"2021-02-28T02:38:46","slug":"edwin-morel-gana-sexta-etapa-de-vuelta-ciclistica-dominicana","status":"publish","type":"post","link":"https:\/\/diariodominicano.com\/?p=265576","title":{"rendered":"Edwin Morel gana sexta etapa de Vuelta Cicl\u00edstica dominicana"},"content":{"rendered":"\n<h1 class=\"wp-block-heading\">diariodominicano.com<\/h1>\n\n\n\n<p>Santo Domingo, 27 feb (Prensa Latina) El ciclista dominicano Edwin Morel gan\u00f3 hoy la sexta etapa de la Vuelta Ciclista Independencia con un tiempo de 03:03.41 horas, corrida a una distancia de 140 kil\u00f3metros.<br>El vencedor del tramo estuvo acompa\u00f1ado en el podio de este s\u00e1bado por Juan Borstelmann del Voler Factory Team y Duvan Farf\u00e1n, de Gesprom Evolution.<\/p>\n\n\n\n<p>Con esos resultados, el venezolano Yurgen Ram\u00edrez, del Venezuela Pa\u00eds del Futuro mantuvo su liderato en la Vuelta y pr\u00e1cticamente tiene en sus bolsillos el t\u00edtulo cuando falta solo el tramo de ma\u00f1ana.<\/p>\n\n\n\n<p>Su compatriota Franklin Chac\u00f3n, marcha en segundo lugar del puesto de honor separado a 05:30 minutos del l\u00edder.<\/p>\n\n\n\n<p>Las metas volantes de la etapa fueron ganadas, las tres primeras por Joel Garc\u00eda, del Inteja; Fred Matute obtuvo la cuarta y Farf\u00e1n se alz\u00f3 con la quinta.<\/p>\n\n\n\n<p>La Vuelta Cicl\u00edstica Independencia concluye ma\u00f1ana cuando se lleve a cabo la s\u00e9ptima etapa en un circuito en la avenida Mirador del Sur, a una distancia de 140 kil\u00f3metros.<\/p>\n\n\n\n<p>msm\/ema<\/p>\n","protected":false},"excerpt":{"rendered":"<p>diariodominicano.com Santo Domingo, 27 feb (Prensa Latina) El ciclista dominicano Edwin Morel gan\u00f3 hoy la sexta etapa de la Vuelta Ciclista Independencia con un tiempo de 03:03.41 horas, corrida a una distancia de 140 kil\u00f3metros.El vencedor del tramo estuvo acompa\u00f1ado en el podio de este s\u00e1bado por Juan Borstelmann del Voler Factory Team y Duvan [&hellip;]<\/p>\n","protected":false},"author":5,"featured_media":265577,"comment_status":"open","ping_status":"","sticky":true,"template":"","format":"standard","meta":{"footnotes":""},"categories":[17,27],"tags":[],"class_list":["post-265576","post","type-post","status-publish","format-standard","has-post-thumbnail","hentry","category-deportes","category-portada"],"_links":{"self":[{"href":"https:\/\/diariodominicano.com\/index.php?rest_route=\/wp\/v2\/posts\/265576","targetHints":{"allow":["GET"]}}],"collection":[{"href":"https:\/\/diariodominicano.com\/index.php?rest_route=\/wp\/v2\/posts"}],"about":[{"href":"https:\/\/diariodominicano.com\/index.php?rest_route=\/wp\/v2\/types\/post"}],"author":[{"embeddable":true,"href":"https:\/\/diariodominicano.com\/index.php?rest_route=\/wp\/v2\/users\/5"}],"replies":[{"embeddable":true,"href":"https:\/\/diariodominicano.com\/index.php?rest_route=%2Fwp%2Fv2%2Fcomments&post=265576"}],"version-history":[{"count":1,"href":"https:\/\/diariodominicano.com\/index.php?rest_route=\/wp\/v2\/posts\/265576\/revisions"}],"predecessor-version":[{"id":265578,"href":"https:\/\/diariodominicano.com\/index.php?rest_route=\/wp\/v2\/posts\/265576\/revisions\/265578"}],"wp:featuredmedia":[{"embeddable":true,"href":"https:\/\/diariodominicano.com\/index.php?rest_route=\/wp\/v2\/media\/265577"}],"wp:attachment":[{"href":"https:\/\/diariodominicano.com\/index.php?rest_route=%2Fwp%2Fv2%2Fmedia&parent=265576"}],"wp:term":[{"taxonomy":"category","embeddable":true,"href":"https:\/\/diariodominicano.com\/index.php?rest_route=%2Fwp%2Fv2%2Fcategories&post=265576"},{"taxonomy":"post_tag","embeddable":true,"href":"https:\/\/diariodominicano.com\/index.php?rest_route=%2Fwp%2Fv2%2Ftags&post=265576"}],"curies":[{"name":"wp","href":"https:\/\/api.w.org\/{rel}","templated":true}]}}