{"id":263933,"date":"2021-02-17T18:52:36","date_gmt":"2021-02-17T22:52:36","guid":{"rendered":"http:\/\/diariodominicano.com\/?p=263933"},"modified":"2021-02-17T22:00:00","modified_gmt":"2021-02-18T02:00:00","slug":"17-de-febrero-de-1925-el-ayuntamiento-de-santiago-declaro-a-la-educadora-ercilia-pepin-hija-benemeritaercilia-pepin-se-dedico-al-magisterio-desde-la-adolescenciaen-1916-se-destaco-por-la-oposicion","status":"publish","type":"post","link":"https:\/\/diariodominicano.com\/?p=263933","title":{"rendered":"El ayuntamiento de Santiago, declar\u00f3 a la educadora Ercilia Pep\u00edn, Hija Benem\u00e9rita"},"content":{"rendered":"\n<p><\/p>\n\n\n\n<p>Ercilia Pep\u00edn se dedic\u00f3 al magisterio desde la adolescencia<\/p>\n\n\n\n<p>En 1916 se destac\u00f3 por la oposici\u00f3n que hizo a la ocupaci\u00f3n militar por parte de Estados Unidos. Hab\u00eda participado en movilizaciones para expresar su repudio<\/p>\n\n\n\n<p>Asimismo, cuando en 1932, sicarios de la dictadura asesinaron en San Jos\u00e9 de las Matas a los hermanos C\u00e9sar, Faustino y el maestro Andr\u00e9s Perozo, Ercilia Pep\u00edn, dirig\u00eda el liceo M\u00e9xico de Santiago, y en se\u00f1al de repudi\u00f3 hizo izar a media asta la bandera nacional<\/p>\n\n\n\n<p>En el magisterio nacional Ercilia Pep\u00edn es un s\u00edmbolo de la maestra consagrada<\/p>\n\n\n\n<p>Dedic\u00f3 su vida a mejorar las condiciones y la calidad de la educaci\u00f3n dominicana. Introdujo el desayuno escolar, laboratorio y uniformes en la primera escuela donde ense\u00f1\u00f3, siendo directora a los 14 a\u00f1os. Tambi\u00e9n dedic\u00f3 tiempo a la docencia privada, formando j\u00f3venes bachilleres en Ciencias y Letras<\/p>\n\n\n\n<p>Ercilia Pep\u00edn, fue una luchadora por la igualdad de g\u00e9nero y mantuvo una posici\u00f3n de rechazo a la ocupaci\u00f3n<\/p>\n\n\n\n<p>estadounidense de 1916-1924. Mantuvo una posici\u00f3n contra la dictadura de Rafael Le\u00f3nidas Trujillo Molina. Por ello, fue cancelada como directora del colegio de se\u00f1oritas<\/p>\n\n\n\n<p>La maestra naci\u00f3 en Santiago, el 7 de Diciembre de 1886, hija de Jos\u00e9 Pep\u00edn y Edelmira Estrella. Y falleci\u00f3 el 14 de junio de 1939<\/p>\n\n\n\n<p>Su muerte uni\u00f3 al pueblo de Santiago que la acompa\u00f1\u00f3 hasta su \u00faltima morada<\/p>\n","protected":false},"excerpt":{"rendered":"<p>Ercilia Pep\u00edn se dedic\u00f3 al magisterio desde la adolescencia En 1916 se destac\u00f3 por la oposici\u00f3n que hizo a la ocupaci\u00f3n militar por parte de Estados Unidos. Hab\u00eda participado en movilizaciones para expresar su repudio Asimismo, cuando en 1932, sicarios de la dictadura asesinaron en San Jos\u00e9 de las Matas a los hermanos C\u00e9sar, Faustino [&hellip;]<\/p>\n","protected":false},"author":2,"featured_media":263978,"comment_status":"open","ping_status":"open","sticky":false,"template":"","format":"standard","meta":{"footnotes":""},"categories":[26],"tags":[],"class_list":["post-263933","post","type-post","status-publish","format-standard","has-post-thumbnail","hentry","category-efemerides"],"_links":{"self":[{"href":"https:\/\/diariodominicano.com\/index.php?rest_route=\/wp\/v2\/posts\/263933","targetHints":{"allow":["GET"]}}],"collection":[{"href":"https:\/\/diariodominicano.com\/index.php?rest_route=\/wp\/v2\/posts"}],"about":[{"href":"https:\/\/diariodominicano.com\/index.php?rest_route=\/wp\/v2\/types\/post"}],"author":[{"embeddable":true,"href":"https:\/\/diariodominicano.com\/index.php?rest_route=\/wp\/v2\/users\/2"}],"replies":[{"embeddable":true,"href":"https:\/\/diariodominicano.com\/index.php?rest_route=%2Fwp%2Fv2%2Fcomments&post=263933"}],"version-history":[{"count":2,"href":"https:\/\/diariodominicano.com\/index.php?rest_route=\/wp\/v2\/posts\/263933\/revisions"}],"predecessor-version":[{"id":263936,"href":"https:\/\/diariodominicano.com\/index.php?rest_route=\/wp\/v2\/posts\/263933\/revisions\/263936"}],"wp:featuredmedia":[{"embeddable":true,"href":"https:\/\/diariodominicano.com\/index.php?rest_route=\/wp\/v2\/media\/263978"}],"wp:attachment":[{"href":"https:\/\/diariodominicano.com\/index.php?rest_route=%2Fwp%2Fv2%2Fmedia&parent=263933"}],"wp:term":[{"taxonomy":"category","embeddable":true,"href":"https:\/\/diariodominicano.com\/index.php?rest_route=%2Fwp%2Fv2%2Fcategories&post=263933"},{"taxonomy":"post_tag","embeddable":true,"href":"https:\/\/diariodominicano.com\/index.php?rest_route=%2Fwp%2Fv2%2Ftags&post=263933"}],"curies":[{"name":"wp","href":"https:\/\/api.w.org\/{rel}","templated":true}]}}