{"id":263772,"date":"2021-02-16T19:00:37","date_gmt":"2021-02-16T23:00:37","guid":{"rendered":"http:\/\/diariodominicano.com\/?p=263772"},"modified":"2021-05-09T23:30:15","modified_gmt":"2021-05-10T03:30:15","slug":"confirman-fusilaron-a-francisco-alberto-caamano-deno-3","status":"publish","type":"post","link":"https:\/\/diariodominicano.com\/?p=263772","title":{"rendered":"Confirman fusilaron a Francisco Alberto Caama\u00f1o De\u00f1\u00f3"},"content":{"rendered":"\n<p><strong> <strong>diariodominicano.com<\/strong>  <\/strong><\/p>\n\n\n\n<p>Claudio Caama\u00f1o, uno de los tres sobrevivientes de la guerrilla, dijo que Heberto Lalane Jos\u00e9 y Alfredo P\u00e9rez Vargas, murieron en combate frente a tropas del Ej\u00e9rcito regular, y Francisco Alberto Caama\u00f1o De\u00f1\u00f3 fue fusilado.<\/p>\n\n\n\n<p><strong>Por H\u00e9ctor Tineo Nolasco<\/strong><\/p>\n\n\n\n<p><strong>NIZAITO, SAN JOSE DE OCOA, el 16 de Febrero de 1973<\/strong>, murieron en Nazaito, San Jos\u00e9 de Ocoa, el ex Coronel Francisco Alberto Caama\u00f1o De\u00f1\u00f3 y sus compa\u00f1eros de lucha Heberto Lalane Jos\u00e9 y Alfredo P\u00e9rez Vargas.<\/p>\n\n\n\n<p>Claudio Caama\u00f1o, uno de los tres sobrevivientes de la guerrilla, dijo que Heberto Lalane Jos\u00e9 y Alfredo P\u00e9rez Vargas, murieron en combate frente a tropas del Ej\u00e9rcito regular, y Francisco Alberto Caama\u00f1o De\u00f1\u00f3 fue fusilado.<\/p>\n\n\n\n<p>El 3 de febrero de 1973, el Coronel Francisco Alberto Caama\u00f1o De\u00f1\u00f3 hab\u00eda desembarcado por Playa Caracoles, al frente de un grupo guerrillero de nueve hombres.<\/p>\n\n\n\n<p>Francis Caama\u00f1o, como era llamado por sus compa\u00f1eros, se hab\u00eda entrenado en Cuba, donde se estableci\u00f3 luego de abandonar la posici\u00f3n de agregado militar de la Embajada dominicana en Londres.<\/p>\n\n\n\n<p>Del grupo de guerrilleros que entraron al pa\u00eds con el Coronel Caama\u00f1o, s\u00f3lo sobrevivieron Claudio Caama\u00f1o, Toribio Pe\u00f1a J\u00e1quez y Hamlet Hermann.<\/p>\n\n\n\n<p>Caama\u00f1o fue hecho prisionero por efectivos del Ej\u00e9rcito Nacional el 16 de febrero de 1973, y fusilado horas despu\u00e9s. El Gobierno del presidente Joaqu\u00edn Balaguer hab\u00eda informado que Caama\u00f1o De\u00f1\u00f3 muri\u00f3 en combate.<\/p>\n\n\n\n<p>El grupo hab\u00eda ingresado al pa\u00eds con la idea de que encontrar\u00eda apoyo interno. Con Caama\u00f1o murieron en Nizaito, San Jos\u00e9 de Ocoa, el 16 de febrero de 1973, Heberto Lalane Jos\u00e9 y Alfredo P\u00e9rez Vargas.<\/p>\n\n\n\n<p>Adem\u00e1s del coronel Francisco Alberto Caama\u00f1o De\u00f1\u00f3, Heberto Lalane Jos\u00e9 y Alfredo P\u00e9rez Vargas, murieron Jos\u00e9 Ram\u00f3n Payero Ulloa, Ram\u00f3n Eucl\u00eddes Holgu\u00edn y Mario Nelson Gal\u00e1n Dur\u00e1n.<\/p>\n\n\n\n<p>El Coronel Francisco Alberto Caama\u00f1o De\u00f1o, fue el presidente del Gobierno constitucionalista hasta el d\u00eda 3 de septiembre de 1965, cuando termin\u00f3 la \u00abGuerra de Abril de 1965\u00bb.<\/p>\n\n\n\n<p>De esa manera termin\u00f3 el per\u00edodo de los dos gobiernos que surgieron en Mayo de ese a\u00f1o, y tom\u00f3 posesi\u00f3n como Presidente Provisional, el doctor H\u00e9ctor Garc\u00eda-Godoy C\u00e1ceres.<\/p>\n\n\n\n<p>La selecci\u00f3n de H\u00e9ctor Garc\u00eda-Godoy C\u00e1ceres, un diplom\u00e1tico de carrera nativo de Estancia Nueva, Moca, fue el fruto de intensas negociaciones entre las partes enfrentadas con la participaci\u00f3n de la representaci\u00f3n de Estados Unidos, ante la Organizaci\u00f3n de los Estados Americanos (OEA).<\/p>\n\n\n\n<p>Durante el per\u00edodo Mayo-Septiembre, el pa\u00eds tuvo dos gobiernos: El Gobierno \u00abConstitucionalista\u00bb, presidido por el Coronel Francisco Alberto Caama\u00f1o De\u00f1\u00f3, l\u00edder de las fuerzas que luchaban por el retorno a la Constitucionalidad, la cual fue interrumpida por el golpe de Estado contra el Presidente Juan Bosch, el 25 de septiembre de 1963; y el \u00abGobierno de Reconstrucci\u00f3n Nacional\u00bb, presidido por el general Antonio Imbert Barreras, quien lideraba a los sectores militares y civiles que se hab\u00edan para derrocar el Gobierno de Bosch.<\/p>\n\n\n\n<p>El \u00abGobierno Constitucionalista\u00bb luchaba por el retorno de Bosch al poder sin elecciones para restaurar la constitucionalidad.<\/p>\n\n\n\n<p>En cambio, el r\u00e9gimen encabezado por Imbert Barreras, sobreviviente de la trama que termin\u00f3 con la vida del dictador Trujillo, se destacaba por su lucha contra el comunismo.<\/p>\n\n\n\n<p>Al terminar la guerra, el Coronel Francisco Alberto Caama\u00f1o De\u00f1\u00f3 fue designado agregado militar dominicano en Londres, pero abandon\u00f3 la posici\u00f3n al poco tiempo y comenz\u00f3 a organizar el grupo guerrillero que se entren\u00f3 en Cuba.<\/p>\n\n\n\n<p>Hasta su aparici\u00f3n en la guerrilla de Playa Caracoles, circulaban m\u00faltiples versiones sobre el paradero del ex l\u00edder constitucionalista.<\/p>\n\n\n\n<p>Al recordar los acontecimientos de la guerrilla de Caama\u00f1o, uno de los sobrevivientes, Claudio Caama\u00f1o dijo que la lucha no fue en vano, porque el pa\u00eds ha logrado avanzar en la lucha por la democracia.<\/p>\n","protected":false},"excerpt":{"rendered":"<p>diariodominicano.com Claudio Caama\u00f1o, uno de los tres sobrevivientes de la guerrilla, dijo que Heberto Lalane Jos\u00e9 y Alfredo P\u00e9rez Vargas, murieron en combate frente a tropas del Ej\u00e9rcito regular, y Francisco Alberto Caama\u00f1o De\u00f1\u00f3 fue fusilado. Por H\u00e9ctor Tineo Nolasco NIZAITO, SAN JOSE DE OCOA, el 16 de Febrero de 1973, murieron en Nazaito, San [&hellip;]<\/p>\n","protected":false},"author":2,"featured_media":0,"comment_status":"open","ping_status":"open","sticky":false,"template":"","format":"standard","meta":{"footnotes":""},"categories":[1],"tags":[],"class_list":["post-263772","post","type-post","status-publish","format-standard","hentry","category-editorial"],"_links":{"self":[{"href":"https:\/\/diariodominicano.com\/index.php?rest_route=\/wp\/v2\/posts\/263772","targetHints":{"allow":["GET"]}}],"collection":[{"href":"https:\/\/diariodominicano.com\/index.php?rest_route=\/wp\/v2\/posts"}],"about":[{"href":"https:\/\/diariodominicano.com\/index.php?rest_route=\/wp\/v2\/types\/post"}],"author":[{"embeddable":true,"href":"https:\/\/diariodominicano.com\/index.php?rest_route=\/wp\/v2\/users\/2"}],"replies":[{"embeddable":true,"href":"https:\/\/diariodominicano.com\/index.php?rest_route=%2Fwp%2Fv2%2Fcomments&post=263772"}],"version-history":[{"count":4,"href":"https:\/\/diariodominicano.com\/index.php?rest_route=\/wp\/v2\/posts\/263772\/revisions"}],"predecessor-version":[{"id":275747,"href":"https:\/\/diariodominicano.com\/index.php?rest_route=\/wp\/v2\/posts\/263772\/revisions\/275747"}],"wp:attachment":[{"href":"https:\/\/diariodominicano.com\/index.php?rest_route=%2Fwp%2Fv2%2Fmedia&parent=263772"}],"wp:term":[{"taxonomy":"category","embeddable":true,"href":"https:\/\/diariodominicano.com\/index.php?rest_route=%2Fwp%2Fv2%2Fcategories&post=263772"},{"taxonomy":"post_tag","embeddable":true,"href":"https:\/\/diariodominicano.com\/index.php?rest_route=%2Fwp%2Fv2%2Ftags&post=263772"}],"curies":[{"name":"wp","href":"https:\/\/api.w.org\/{rel}","templated":true}]}}