{"id":263063,"date":"2021-02-09T20:06:34","date_gmt":"2021-02-10T00:06:34","guid":{"rendered":"http:\/\/diariodominicano.com\/?p=263063"},"modified":"2021-02-09T20:06:34","modified_gmt":"2021-02-10T00:06:34","slug":"el-presidente-y-la-vicepresidenta-reciben-en-el-palacio-nacional-a-los-campeones-de-la-serie-del-caribe","status":"publish","type":"post","link":"https:\/\/diariodominicano.com\/?p=263063","title":{"rendered":"El presidente y la vicepresidenta reciben en el Palacio Nacional a los Campeones de la Serie del Caribe"},"content":{"rendered":"\n<p>diariodominicano.com<\/p>\n\n\n\n<p>Santo Domingo, R. D., 9 de febrero, 2021. &#8211; El presidente Luis Abinader defini\u00f3 como una haza\u00f1a que marca un hito en la historia del pa\u00eds el triunfo invicto del equipo \u00c1guilas Cibae\u00f1as, quienes representaron a la Rep\u00fablica Dominicana en la Serie del Caribe que se realiz\u00f3 en Mazatl\u00e1n, M\u00e9xico.<\/p>\n\n\n\n<p>El mandatario recibi\u00f3 junto a la vicepresidenta, Raquel Pe\u00f1a, al equipo dominicano en el Sal\u00f3n de Embajadores del Palacio Nacional, donde comparti\u00f3 con sus jugadores, directivos y t\u00e9cnicos.<\/p>\n\n\n\n<p>El equipo de Santiago represent\u00f3 al pa\u00eds en la Serie del Caribe y derrot\u00f3 la madrugada de este domingo 4-1 a los Criollos de Caguas, de Puerto Rico. La victoria represent\u00f3 la corona 21 de la Rep\u00fablica Dominicana y la sexta para las \u00c1guilas como equipo en esta serie.<\/p>\n\n\n\n<p>\u201cQuiero felicitarles sinceramente por tan importante haza\u00f1a de las \u00c1guilas Cibae\u00f1as, junto a peloteros de otros equipos, lograron un hito en la historia de nuestro pa\u00eds y por supuesto en este nuevo formato de competici\u00f3n de la Serie del Caribe\u201d, expres\u00f3.<\/p>\n\n\n\n<p>Manifest\u00f3 que este gobierno ha asumido el deporte nacional, en todas sus modalidades, como un gran compromiso, por lo cual el ministerio de Deportes estar\u00e1 enteramente implicado con la tarea de multiplicar los resultados positivos de las distintas disciplinas deportivas.<\/p>\n\n\n\n<p>\u201cHoy, le recibimos nuevamente como les promet\u00ed que pasar\u00eda, lleno de orgullo y muy agradecido por el excelente papel desempe\u00f1ado por ustedes durante toda la Serie del Caribe celebrada en Mazatl\u00e1n, M\u00e9xico, en la que se enfrentaron a fuertes equipos a los cuales por su entrega en el terreno dejaron sin opciones desde el primer momento, poniendo as\u00ed de manifiesto la excepcional profesionalidad de cada uno de ustedes, nuestros guerreros, que poniendo en alto la bandera dominicana ganaron todos los partidos\u201d, expres\u00f3<\/p>\n\n\n\n<p>Abinader sostuvo que los jugadores de b\u00e9isbol son un ejemplo y referente que necesita la sociedad para tener un futuro de esperanza.<\/p>\n\n\n\n<p>Dijo que los j\u00f3venes necesitan contar con hombres y mujeres, como los jugadores de b\u00e9isbol, con los cuales sentirse identificados.<\/p>\n\n\n\n<p>\u201cS\u00e9 que cuento con ustedes, mis queridos peloteros, como los grandes referentes que son para trabajar de manera conjunta en la tarea de llevar a nuestros j\u00f3venes los valores del deporte, acercarlos a su pr\u00e1ctica y amar el b\u00e9isbol porque es parte de nuestro legado y patrimonio\u201d, manifest\u00f3.<\/p>\n\n\n\n<p>Anunci\u00f3 durante el recibimiento de los jugadores que el pr\u00f3ximo a\u00f1o 2022 el pa\u00eds albergar\u00e1 la Serie del Caribe, al tiempo de prometer que esa actividad tendr\u00e1 el mayor apoyo del gobierno.<\/p>\n\n\n\n<p>El mandatario anunci\u00f3 el compromiso del Gobierno en trabajar para acondicionar los diferentes estadios del pa\u00eds, a fin de que en la pr\u00f3xima temporada de b\u00e9isbol profesional est\u00e9n en excelentes condiciones.<\/p>\n\n\n\n<p>Destac\u00f3 el trabajo de Juan Lagares, por alzarse con el premio de Jugador M\u00e1s Valioso, lo mismo que de los siete peloteros dominicanos que fueron seleccionados para el equipo todos estrellas en la Serie del Caribe: Ronald Guzm\u00e1n, Robinson Cano, Juan Lagares y Melky Cabrera, as\u00ed como los lanzadores Carlos Mart\u00ednez, Jumbo D\u00edaz y el dirigente F\u00e9lix Ferm\u00edn.<\/p>\n\n\n\n<p>Tambi\u00e9n felicit\u00f3 a Quilvio Hern\u00e1ndez, presidente de las \u00c1guilas Cibae\u00f1as y al gerente general, \u00c1ngel Ovalles y al presidente de la Liga de B\u00e9isbol Profesional (LIDOM), Vitelio Mej\u00eda.<\/p>\n\n\n\n<p>De su lado, el ministro de Deportes, Francisco Camacho, dijo que los jugadores de las \u00c1guilas Cibae\u00f1as al participar en el Serie del Caribe entregaron el coraz\u00f3n a pesar de los tiempos dif\u00edciles que vive el mundo con el Coronavirus.<\/p>\n\n\n\n<p>El presidente de la LIDOM, Vitelio Mej\u00eda, afirm\u00f3 que Abinader desde antes de ser jefe de Estado apoy\u00f3 a la entidad con coraje y determinaci\u00f3n.<\/p>\n\n\n\n<p>Mientras que el presidente de las \u00c1guilas Cibae\u00f1as, Quilvio Hern\u00e1ndez, asegur\u00f3 que el equipo dominicano jug\u00f3 con total entrega y que demostr\u00f3 con el triunfo que se trabaj\u00f3 para un bien com\u00fan.<\/p>\n\n\n\n<p>Acompa\u00f1aron al mandatario durante el acto, el ministro de Salud, Plutarco Arias; el vicepresidente Administrativo del equipo de las \u00c1guilas Cibae\u00f1as, Fabio Augusto Jorge; el gerente general, \u00c1ngel Ovalles y el expresidente del Comit\u00e9 Ol\u00edmpico Dominicano (COD), Luis\u00edn Mej\u00eda.<\/p>\n\n\n\n<p>De igual modo, el comisionado de b\u00e9isbol dominicano, Junior Novoa; administrador general del Banco de Reservas, Samuel Pereira; el vicepresidente de LIDOM, Winston Enriquillo Llenas D\u00e1vila (Chilote); el dirigente de las \u00c1guilas Cibae\u00f1as, F\u00e9lix Ferm\u00edn y el se\u00f1or Adriano Valdez; el presidente de la Confederaci\u00f3n de B\u00e9isbol del Caribe, Juan Francisco Puello Herrera y Juan Carlos P\u00e9rez, capit\u00e1n del equipo.<\/p>\n\n\n\n<p>Algunos de los jugadores de las \u00c1guilas Cibae\u00f1as que estuvieron presentes durante el acto fueron: Carlos Mart\u00ednez, Joe Van Meter, Yunesky Maya, Lisalverto Bonilla, Marcos Dipl\u00e1n, Dar\u00edo \u00c1lvarez, Johan Camargo, Rangel Ravelo,Robel Garc\u00eda, C\u00e9sar Valdez, Robinson Can\u00f3, Francisco Pe\u00f1a, Jhan Mari\u00f1ez y Dar\u00edo \u00c1lvarez.<\/p>\n\n\n\n<p>Tambi\u00e9n, Melky Cabrera, Tj Pe\u00f1a, Luis Polonia, Sergio M\u00e9ndez, Braly Guzm\u00e1n, Raymi Dicent, Joan Cid y Tonny Batista.<\/p>\n\n\n\n<p>Previo a realizarse la Serie de Caribe en M\u00e9xico, el equipo de las \u00c1guilas Cibae\u00f1as se coronaron campeones del Torneo de B\u00e9isbol Profesional Oto\u00f1o-Invernal realizado en el pa\u00eds, luego de vencer 7-4 a los Gigantes del Cibao, en el s\u00e9ptimo juego de la serie final, celebrado en el Estadio Juli\u00e1n Javier, de la ciudad de San Francisco de Macor\u00eds en la provincia Duarte.<\/p>\n\n\n\n<p>La edici\u00f3n 63 de la Serie del Caribe se realiz\u00f3 en Mazatl\u00e1n, M\u00e9xico, siendo el estadio sede el Teodoro Mariscal, casa de los Venados de Mazatl\u00e1n de la Liga Mexicana del Pac\u00edfico.<\/p>\n\n\n\n<p>Los pa\u00edses que jugaron en esta serie fueron Rep\u00fablica Dominicana, Puerto Rico, Venezuela, Panam\u00e1, Colombia y M\u00e9xico.<\/p>\n\n\n\n<p>Fuente: Presidencia de la Rep\u00fablica Dominicana<\/p>\n\n\n\n<p>Noticias<\/p>\n","protected":false},"excerpt":{"rendered":"<p>diariodominicano.com Santo Domingo, R. D., 9 de febrero, 2021. &#8211; El presidente Luis Abinader defini\u00f3 como una haza\u00f1a que marca un hito en la historia del pa\u00eds el triunfo invicto del equipo \u00c1guilas Cibae\u00f1as, quienes representaron a la Rep\u00fablica Dominicana en la Serie del Caribe que se realiz\u00f3 en Mazatl\u00e1n, M\u00e9xico. El mandatario recibi\u00f3 junto [&hellip;]<\/p>\n","protected":false},"author":5,"featured_media":263064,"comment_status":"open","ping_status":"open","sticky":true,"template":"","format":"standard","meta":{"footnotes":""},"categories":[17,27],"tags":[],"class_list":["post-263063","post","type-post","status-publish","format-standard","has-post-thumbnail","hentry","category-deportes","category-portada"],"_links":{"self":[{"href":"https:\/\/diariodominicano.com\/index.php?rest_route=\/wp\/v2\/posts\/263063","targetHints":{"allow":["GET"]}}],"collection":[{"href":"https:\/\/diariodominicano.com\/index.php?rest_route=\/wp\/v2\/posts"}],"about":[{"href":"https:\/\/diariodominicano.com\/index.php?rest_route=\/wp\/v2\/types\/post"}],"author":[{"embeddable":true,"href":"https:\/\/diariodominicano.com\/index.php?rest_route=\/wp\/v2\/users\/5"}],"replies":[{"embeddable":true,"href":"https:\/\/diariodominicano.com\/index.php?rest_route=%2Fwp%2Fv2%2Fcomments&post=263063"}],"version-history":[{"count":1,"href":"https:\/\/diariodominicano.com\/index.php?rest_route=\/wp\/v2\/posts\/263063\/revisions"}],"predecessor-version":[{"id":263065,"href":"https:\/\/diariodominicano.com\/index.php?rest_route=\/wp\/v2\/posts\/263063\/revisions\/263065"}],"wp:featuredmedia":[{"embeddable":true,"href":"https:\/\/diariodominicano.com\/index.php?rest_route=\/wp\/v2\/media\/263064"}],"wp:attachment":[{"href":"https:\/\/diariodominicano.com\/index.php?rest_route=%2Fwp%2Fv2%2Fmedia&parent=263063"}],"wp:term":[{"taxonomy":"category","embeddable":true,"href":"https:\/\/diariodominicano.com\/index.php?rest_route=%2Fwp%2Fv2%2Fcategories&post=263063"},{"taxonomy":"post_tag","embeddable":true,"href":"https:\/\/diariodominicano.com\/index.php?rest_route=%2Fwp%2Fv2%2Ftags&post=263063"}],"curies":[{"name":"wp","href":"https:\/\/api.w.org\/{rel}","templated":true}]}}