{"id":262549,"date":"2021-02-02T12:27:23","date_gmt":"2021-02-02T16:27:23","guid":{"rendered":"http:\/\/diariodominicano.com\/?p=262549"},"modified":"2021-02-02T12:27:23","modified_gmt":"2021-02-02T16:27:23","slug":"deporte-dominicano-reabrira-actividades-en-un-60-por-ciento","status":"publish","type":"post","link":"https:\/\/diariodominicano.com\/?p=262549","title":{"rendered":"Deporte dominicano reabrir\u00e1 actividades en un 60 por ciento"},"content":{"rendered":"\n<h1 class=\"wp-block-heading\">diariodominicano.com<\/h1>\n\n\n\n<p>&nbsp;Santo Domingo, 2 feb (Prensa Latina) El Ministerio de Deportes y Recreaci\u00f3n de Dominicana (Miderec), dio a conocer los protocolos para la reapertura del 60 por ciento de sus actividades, divulg\u00f3 hoy el portal digital del Comit\u00e9 Ol\u00edmpico del pa\u00eds.<br>El viceministro Administrativo de la cartera, Franklin De la Mota, expres\u00f3 al informar las medidas a tomar para evitar los contagios con el coronavirus SARS-CoV-2, causante de la Covid-19, en medio de la reapertura autorizada, que &#8216;est\u00e1 en manos de deportistas, entrenadores y directivos continuar la apertura&#8217;.<\/p>\n\n\n\n<p>De la Mota manifest\u00f3 que el Miderec dar\u00e1 &#8216;fiel cumplimiento&#8217; al decreto 37-21 emitido por el presidente, Luis Abinader, el cual, entre otros puntos, dispone la regulaci\u00f3n de los escenarios dedicados a las pr\u00e1cticas deportivas y ejercicios f\u00edsicos.<\/p>\n\n\n\n<p>Asimismo, proh\u00edbe la participaci\u00f3n de p\u00fablico en eventos deportivos, y que cualquier solicitud en ese sentido debe de ser tramitada y avalada por el Ministerio de Salud P\u00fablica a trav\u00e9s del de Deportes.<\/p>\n\n\n\n<p>Rep\u00fablica Dominicana en estos momentos se encuentra bajo una oleada de la Covid-19 con un crecimiento importante de decesos y las cifras de infectados diarios con el virus no baja de mil, algo que preocupa a todos.<\/p>\n\n\n\n<p>agp\/ema<\/p>\n","protected":false},"excerpt":{"rendered":"<p>diariodominicano.com &nbsp;Santo Domingo, 2 feb (Prensa Latina) El Ministerio de Deportes y Recreaci\u00f3n de Dominicana (Miderec), dio a conocer los protocolos para la reapertura del 60 por ciento de sus actividades, divulg\u00f3 hoy el portal digital del Comit\u00e9 Ol\u00edmpico del pa\u00eds.El viceministro Administrativo de la cartera, Franklin De la Mota, expres\u00f3 al informar las medidas [&hellip;]<\/p>\n","protected":false},"author":5,"featured_media":262550,"comment_status":"open","ping_status":"open","sticky":true,"template":"","format":"standard","meta":{"footnotes":""},"categories":[17,27],"tags":[],"class_list":["post-262549","post","type-post","status-publish","format-standard","has-post-thumbnail","hentry","category-deportes","category-portada"],"_links":{"self":[{"href":"https:\/\/diariodominicano.com\/index.php?rest_route=\/wp\/v2\/posts\/262549","targetHints":{"allow":["GET"]}}],"collection":[{"href":"https:\/\/diariodominicano.com\/index.php?rest_route=\/wp\/v2\/posts"}],"about":[{"href":"https:\/\/diariodominicano.com\/index.php?rest_route=\/wp\/v2\/types\/post"}],"author":[{"embeddable":true,"href":"https:\/\/diariodominicano.com\/index.php?rest_route=\/wp\/v2\/users\/5"}],"replies":[{"embeddable":true,"href":"https:\/\/diariodominicano.com\/index.php?rest_route=%2Fwp%2Fv2%2Fcomments&post=262549"}],"version-history":[{"count":1,"href":"https:\/\/diariodominicano.com\/index.php?rest_route=\/wp\/v2\/posts\/262549\/revisions"}],"predecessor-version":[{"id":262551,"href":"https:\/\/diariodominicano.com\/index.php?rest_route=\/wp\/v2\/posts\/262549\/revisions\/262551"}],"wp:featuredmedia":[{"embeddable":true,"href":"https:\/\/diariodominicano.com\/index.php?rest_route=\/wp\/v2\/media\/262550"}],"wp:attachment":[{"href":"https:\/\/diariodominicano.com\/index.php?rest_route=%2Fwp%2Fv2%2Fmedia&parent=262549"}],"wp:term":[{"taxonomy":"category","embeddable":true,"href":"https:\/\/diariodominicano.com\/index.php?rest_route=%2Fwp%2Fv2%2Fcategories&post=262549"},{"taxonomy":"post_tag","embeddable":true,"href":"https:\/\/diariodominicano.com\/index.php?rest_route=%2Fwp%2Fv2%2Ftags&post=262549"}],"curies":[{"name":"wp","href":"https:\/\/api.w.org\/{rel}","templated":true}]}}