{"id":261975,"date":"2021-01-27T22:20:21","date_gmt":"2021-01-28T02:20:21","guid":{"rendered":"http:\/\/diariodominicano.com\/?p=261975"},"modified":"2021-01-27T22:20:21","modified_gmt":"2021-01-28T02:20:21","slug":"abinader-encabeza-inauguracion-corredor-nunez-de-caceres-beneficiara-mas-10-mil-usuarios-cada-dia","status":"publish","type":"post","link":"https:\/\/diariodominicano.com\/?p=261975","title":{"rendered":"Abinader encabeza inauguraci\u00f3n Corredor N\u00fa\u00f1ez de C\u00e1ceres; beneficiar\u00e1 m\u00e1s 10 mil usuarios cada d\u00eda"},"content":{"rendered":"\n<p>Santo Domingo, R. D., 27 de enero, 2021. &#8211; El presidente Luis Abinader encabez\u00f3 este mi\u00e9rcoles la inauguraci\u00f3n del Corredor N\u00fa\u00f1ez de C\u00e1ceres, primera v\u00eda que se incluye al sistema integral de transporte en un esfuerzo conjunto que integra a la Oficina Metropolitana de Servicios de Autobuses (OMSA), el Metro de Santo Domingo y el Telef\u00e9rico. Adem\u00e1s, es la primera en ser transformada al pasar de la utilizaci\u00f3n de carros de concho a autobuses.<\/p>\n\n\n\n<p>En el discurso central del acto, Abinader resalt\u00f3 el inter\u00e9s de ajustar las necesidades del Gran Santo Domingo, en t\u00e9rminos de transporte, debido a que, de acuerdo a estudios realizados, m\u00e1s de tres millones de personas viajan a diario entre Distrito Nacional y la provincia de Santo Domingo.<\/p>\n\n\n\n<p>Signific\u00f3 que de los m\u00e1s de tres millones que se movilizan cada d\u00eda en el Gran Santo Domingo, el 42% lo hace en transporte privado, el 36% en transporte p\u00fablico, el 21% a pie y menos del 1% utiliza la bicicleta.<\/p>\n\n\n\n<p>\u00abEste gran n\u00famero de desplazamientos diarios requiere de un plan serio y ordenado que d\u00e9 una respuesta eficaz al problema de movilidad\u201d, enfatiz\u00f3 el mandatario.<\/p>\n\n\n\n<p>El presidente resalt\u00f3 que la modalidad en el servicio favorece tanto a los ciudadanos como a los transportistas, porque representa un cambio en el esquema de operaci\u00f3n, al pasar de unidades de carros de concho a autobuses.<\/p>\n\n\n\n<p>Indic\u00f3 que la inauguraci\u00f3n del corredor, el gobierno cumple con lo que establece la ley y promueve tambi\u00e9n la alianza p\u00fablico-privada que genera nuevos empleos, garantiza una movilidad sostenible y de primer nivel.<\/p>\n\n\n\n<p>Expres\u00f3 que el gobierno acompa\u00f1ar\u00e1 al personal que opera el corredor en un proceso de capacitaci\u00f3n para que el servicio que ofrezca sea de la m\u00e1xima calidad.<\/p>\n\n\n\n<p>\u201cMoverse por Santo Domingo ser\u00e1 m\u00e1s seguro, m\u00e1s r\u00e1pido, m\u00e1s limpio y menos costoso\u201d, expres\u00f3 al cierre el jefe de Estado y motiv\u00f3 a los ciudadanos a utilizar el servicio y cuidarlo.<\/p>\n\n\n\n<p>De otro lado, Rafael Arias, director ejecutivo del INTRANT, agradeci\u00f3 el apoyo del presidente para llevar a cabo estas iniciativas. \u201cCon el respaldo del presidente y el inter\u00e9s de transformar el sistema de transporte p\u00fablico, podemos afirmar que estamos cambiando la forma en que nos movemos\u201d, expres\u00f3 Arias.<\/p>\n\n\n\n<p>Tambi\u00e9n Antonio Marte, senador por la provincia Santiago Rodr\u00edguez y representante del gremio que conforma el consorcio Corredor N\u00fa\u00f1ez de C\u00e1ceres, destac\u00f3 el inter\u00e9s de este Gobierno en mejorar las condiciones del transporte p\u00fablico y la calidad de vida de los ciudadanos y los choferes.<\/p>\n\n\n\n<p>Tras el corte de cinta, el presidente Abinader hizo breve un recorrido en uno de los autobuses del Corredor N\u00fa\u00f1ez de C\u00e1ceres.<\/p>\n\n\n\n<p>Estuvieron presentes, Eduardo Estrella, presidente del Senado; Lisandro Macarrulla, ministro de la Presidencia de la Rep\u00fablica; Deligne Ascensi\u00f3n, ministro de Obras P\u00fablicas y Comunicaciones y el embajador de la Rep\u00fablica de China, Zhang Run.<\/p>\n\n\n\n<p>Tambi\u00e9n, Carolina Mej\u00eda; la alcaldesa del Distrito Nacional, Samuel Pereyra, administrador del Banco de Reservas (Banreservas) y Luis Rosado, presidente de la Confederaci\u00f3n Nacional de Transporte (CONATRA-SA).<\/p>\n\n\n\n<p>Igualmente, los senadores Dionis S\u00e1nchez, de la provincia La Altagracia; David Rafael Sosa, de Dajab\u00f3n; Jos\u00e9 Zorrilla, de El Seibo y Ricardo de los Santos, de la provincia S\u00e1nchez Ram\u00edrez, y a su vez, presidente de Fenatrado.<\/p>\n\n\n\n<p><strong>Movilidad segura y sostenible<\/strong><\/p>\n\n\n\n<p>Este nuevo corredor, de 10.2 kil\u00f3metros de longitud, que se integra al sistema de transporte p\u00fablico, contar\u00e1 con autobuses de 90 pasajeros, con circular\u00e1n en intervalos de 4 minutos entre autobuses y un horario de servicio desde las 5 de la ma\u00f1ana hasta las 11 de la noche, en condiciones de trabajo normales y horario especial durante la pandemia.<\/p>\n\n\n\n<p>El corredor cuenta con 37 paradas de pasajeros, una cada 380 metros, y tiene oficinas administrativas que incluye el servicio al cliente, adem\u00e1s de los patios de mantenimiento y alojamiento de las unidades.<\/p>\n\n\n\n<p>El Corredor N\u00fa\u00f1ez de C\u00e1ceres conectar\u00e1 la ciudad de norte a sur, enlazando con la l\u00ednea dos del metro que moviliza los pasajeros desde las avenidas John F. Kennedy, Gustavo Mej\u00eda Ricart, 27 de Febrero, R\u00f3mulo Betancourt, Sarasota, Anacaona e Independencia como ejes principales de la ciudad y que son parte de los corredores de transporte p\u00fablico de la ciudad.<\/p>\n\n\n\n<p>Sectores como: Los R\u00edos, Los Jardines, San Ger\u00f3nimo, Los Prados, El Mill\u00f3n, Mirador Norte, Mirador Sur, Tropical y zonas aleda\u00f1as ser\u00e1n beneficiados de manera directa. Adem\u00e1s, facilitar\u00e1 el acceso a puntos de inter\u00e9s como centros m\u00e9dicos, supermercados, plazas comerciales, oficinas p\u00fablicas, universidades, centros educativos, clubes deportivos y recreativos, el parque mirador sur y la feria ganadera.<\/p>\n\n\n\n<p>Durante los primeros d\u00edas de la puesta en funcionamiento, los usuarios podr\u00e1n pagar en efectivo, siempre que tengan el cambio exacto. De otro modo, se pagar\u00e1 mediante el uso de tarjetas de cr\u00e9dito, d\u00e9bito y sin contacto de cualquier entidad bancaria, la tarjeta del Metro y la SD-Go, lo que significa una facilidad para los usuarios.<\/p>\n\n\n\n<p>Con el funcionamiento del Corredor N\u00fa\u00f1ez de C\u00e1ceres, el gobierno inicia la transformaci\u00f3n integral en el sector de transporte p\u00fablico de pasajeros del pa\u00eds.<\/p>\n\n\n\n<p>El nuevo esquema representa un cambio en la operaci\u00f3n del servicio, al pasar de unidades de carros de concho a autobuses, cumpliendo con lo que establece la ley 63-17, de Movilidad, Transporte Terrestre, Tr\u00e1nsito y Seguridad Vial de la Rep\u00fablica Dominicana.<\/p>\n\n\n\n<p>Este es el primer esfuerzo del gobierno que apunta a transformar los puntos de la ciudad que han sido clasificados como corredores troncales, alimentadores o secundarios del sistema, siendo el corredor N\u00fa\u00f1ez de C\u00e1ceres uno de los m\u00e1s importantes y un avance significativo del plan nacional de transporte.<\/p>\n\n\n\n<p><strong>Capacitaci\u00f3n de conductores y pensi\u00f3n<\/strong><\/p>\n\n\n\n<p>Los conductores del nuevo corredor fueron capacitados a trav\u00e9s de la Escuela Nacional de Educaci\u00f3n Vial (ENEVIAL), sobre manejo defensivo, servicio al usuario, normas de tr\u00e1nsito y se\u00f1alizaciones, entre otras generalidades necesarias para operar los autobuses.<\/p>\n\n\n\n<p>Adem\u00e1s, los conductores agotaron el proceso de cambio de licencia de conducir a categor\u00eda 4.<\/p>\n\n\n\n<p>Los conductores de m\u00e1s de 65 a\u00f1os que operaban en la ruta de la N\u00fa\u00f1ez de C\u00e1ceres, pasar\u00e1n a un proceso de pensi\u00f3n.<\/p>\n\n\n\n<p>Fuente: Presidencia de la Rep\u00fablica Dominicana<\/p>\n\n\n\n<p>Noticias<\/p>\n","protected":false},"excerpt":{"rendered":"<p>Santo Domingo, R. D., 27 de enero, 2021. &#8211; El presidente Luis Abinader encabez\u00f3 este mi\u00e9rcoles la inauguraci\u00f3n del Corredor N\u00fa\u00f1ez de C\u00e1ceres, primera v\u00eda que se incluye al sistema integral de transporte en un esfuerzo conjunto que integra a la Oficina Metropolitana de Servicios de Autobuses (OMSA), el Metro de Santo Domingo y el [&hellip;]<\/p>\n","protected":false},"author":5,"featured_media":261976,"comment_status":"open","ping_status":"open","sticky":true,"template":"","format":"standard","meta":{"footnotes":""},"categories":[20,27],"tags":[],"class_list":["post-261975","post","type-post","status-publish","format-standard","has-post-thumbnail","hentry","category-dominicana-hoy","category-portada"],"_links":{"self":[{"href":"https:\/\/diariodominicano.com\/index.php?rest_route=\/wp\/v2\/posts\/261975","targetHints":{"allow":["GET"]}}],"collection":[{"href":"https:\/\/diariodominicano.com\/index.php?rest_route=\/wp\/v2\/posts"}],"about":[{"href":"https:\/\/diariodominicano.com\/index.php?rest_route=\/wp\/v2\/types\/post"}],"author":[{"embeddable":true,"href":"https:\/\/diariodominicano.com\/index.php?rest_route=\/wp\/v2\/users\/5"}],"replies":[{"embeddable":true,"href":"https:\/\/diariodominicano.com\/index.php?rest_route=%2Fwp%2Fv2%2Fcomments&post=261975"}],"version-history":[{"count":1,"href":"https:\/\/diariodominicano.com\/index.php?rest_route=\/wp\/v2\/posts\/261975\/revisions"}],"predecessor-version":[{"id":261977,"href":"https:\/\/diariodominicano.com\/index.php?rest_route=\/wp\/v2\/posts\/261975\/revisions\/261977"}],"wp:featuredmedia":[{"embeddable":true,"href":"https:\/\/diariodominicano.com\/index.php?rest_route=\/wp\/v2\/media\/261976"}],"wp:attachment":[{"href":"https:\/\/diariodominicano.com\/index.php?rest_route=%2Fwp%2Fv2%2Fmedia&parent=261975"}],"wp:term":[{"taxonomy":"category","embeddable":true,"href":"https:\/\/diariodominicano.com\/index.php?rest_route=%2Fwp%2Fv2%2Fcategories&post=261975"},{"taxonomy":"post_tag","embeddable":true,"href":"https:\/\/diariodominicano.com\/index.php?rest_route=%2Fwp%2Fv2%2Ftags&post=261975"}],"curies":[{"name":"wp","href":"https:\/\/api.w.org\/{rel}","templated":true}]}}