{"id":261970,"date":"2021-01-27T21:43:11","date_gmt":"2021-01-28T01:43:11","guid":{"rendered":"http:\/\/diariodominicano.com\/?p=261970"},"modified":"2021-01-27T22:24:43","modified_gmt":"2021-01-28T02:24:43","slug":"llaman-a-la-unidad-en-america-latina-para-contener-covid-19","status":"publish","type":"post","link":"https:\/\/diariodominicano.com\/?p=261970","title":{"rendered":"Llaman a la unidad en Am\u00e9rica Latina para contener COVID-19"},"content":{"rendered":"\n<h3 class=\"wp-block-heading\"><\/h3>\n\n\n\n<pre id=\"text-news-description\" class=\"wp-block-preformatted\">   diariodominicano.com\nMEXICO, 27 ene (Xinhua) -- Ante el avance de la enfermedad del nuevo coronavirus (COVID-19) en Am\u00e9rica Latina, autoridades de la regi\u00f3n llaman a la unidad para enfrentar el virus y contener el exponencial incremento de casos y muertos.\n   En Brasil, con 8.996.876 casos y 220.161 muertos, el gobierno del estado de Amazonas (norte) inaugur\u00f3 hoy mi\u00e9rcoles una enfermer\u00eda de campa\u00f1a afuera del Hospital Delphina Aziz, de Manaos, para ampliar la capacidad de atenci\u00f3n frente al aumento de casos de la enfermedad en la regi\u00f3n.\n   Equipado con 50 camas y equipos cl\u00ednicos, el espacio atender\u00e1 a los pacientes con COVID-19 leves y moderados, remitidos por el equipo m\u00e9dico del hospital, unidad de referencia en el tratamiento de la enfermedad en la capital amazonense.\n   Durante la inauguraci\u00f3n de la enfermer\u00eda de campa\u00f1a, el gobernador del estado, Wilson Lima, explic\u00f3 que las instalaciones servir\u00e1n para derivar a los pacientes que presentan mejoras en su tratamiento y se estima que sean dados de alta en un tiempo promedio de entre 48 a 72 horas.\n   En M\u00e9xico, con 1.788.905 contagios y 152,016 fallecidos, la Asociaci\u00f3n Mexicana de Venta Online (AMVO) inform\u00f3 que el comercio electr\u00f3nico en el pa\u00eds aument\u00f3 un 81 por ciento en el 2020 tras el confinamiento social derivado de la pandemia, para acumular ventas por 316.000 millones de pesos (poco m\u00e1s de 15.000 millones de d\u00f3lares).\n   De acuerdo con el \"Estudio de Venta Online 2021\" de la organizaci\u00f3n, entre los consumidores se observa una mayor diversificaci\u00f3n con una mayor proporci\u00f3n de mujeres en el 2020, con 53 por ciento, mientras que los hombres observaron un 47 por ciento.\n   \"Como cada a\u00f1o, la AMVO se dio a la tarea de analizar c\u00f3mo est\u00e1 cambiando el e-commerce, pero esta vez dentro del contexto pand\u00e9mico, que impacta directamente en las necesidades y cambios de h\u00e1bitos de los consumidores en l\u00ednea\", indic\u00f3 el documento.\n   En Argentina, con 1.896.053 positivos y 47.435 decesos, el gobierno dispuso restringir la frecuencia de los vuelos desde y hacia Brasil, Estados Unidos, Europa y M\u00e9xico en virtud de la situaci\u00f3n epidemiol\u00f3gica vinculada a la COVID-19.\n   La medida fue adoptada por la Administraci\u00f3n Nacional de Aviaci\u00f3n Civil (ANAC), que determin\u00f3 que las conexiones con Estados Unidos, Europa y M\u00e9xico deber\u00e1n tener una restricci\u00f3n del 30 por ciento respecto de los servicios actuales, as\u00ed como del 50 por ciento con Brasil, seg\u00fan la informaci\u00f3n difundida este mi\u00e9rcoles por la agencia estatal de noticias T\u00e9lam.\n   En tanto, el presidente de Argentina, Alberto Fern\u00e1ndez, convoc\u00f3 hoy en la sede de la Comisi\u00f3n Econ\u00f3mica para Am\u00e9rica Latina y el Caribe (CEPAL) en Chile, a la unidad de la regi\u00f3n para enfrentar los desaf\u00edos que implica la pandemia del nuevo coronavirus.\n   \"La pandemia es mucho m\u00e1s que una enfermedad que se ha llevado vidas. La pandemia ha dejado al descubierto la insuficiencia de un sistema. No hablo de la insuficiencia del capitalismo, sino de recrear un capitalismo m\u00e1s humanitario\", apunt\u00f3.\n   En Chile, con 709.888 confirmados y 18.040 defunciones, el Instituto de Salud P\u00fablica (ISP) del Ministerio de Salud autoriz\u00f3 el uso de emergencia de la vacuna desarrollada por el laboratorio AstraZeneca y la Universidad de Oxford, denominada AZD1222, tras ser aprobada por el Comit\u00e9 de Expertos de la entidad.\n   El IPS precis\u00f3 en un comunicado que la autorizaci\u00f3n de uso se otorga para mayores 18 a\u00f1os teniendo en cuenta la recomendaci\u00f3n del Comit\u00e9 de Expertos y la recepci\u00f3n de antecedentes complementarios con relaci\u00f3n en resultados de inmunogenicidad.\n   Por lo pronto, el presidente chileno, Sebasti\u00e1n Pi\u00f1era, promulg\u00f3 una ley que ampl\u00eda los cr\u00e9ditos con garant\u00eda estatal para impulsar la reactivaci\u00f3n de las peque\u00f1as y medianas empresas (pymes) golpeadas por la COVID-19, principalmente del rubro tur\u00edstico.\n   El Fondo de Garant\u00eda para Peque\u00f1os y Medianos Empresarios (Fogape) busca ayudar a las compa\u00f1\u00edas a sortear la crisis econ\u00f3mica a trav\u00e9s de estos cr\u00e9ditos que podr\u00e1n usarse para inversi\u00f3n o pago de deudas vigentes, adem\u00e1s de capital de trabajo, se\u00f1al\u00f3 la Presidencia en un comunicado.\n   En Cuba, con 23.439 infectados y 204 muertos, el director de Epidemiolog\u00eda, Francisco Dur\u00e1n, dijo que \"hay una transmisi\u00f3n importante en todas las provincias y municipios del pa\u00eds, por lo que se ajustan los protocolos y medidas de enfrentamiento a la pandemia\".\n   Cuba amaneci\u00f3 hoy con modificaciones en sus protocolos de tratamiento a la enfermedad del nuevo coronavirus, que se dieron a conocer el martes en reuni\u00f3n del presidente cubano, Miguel D\u00edaz-Canel, con el grupo de cient\u00edficos que estudia el comportamiento del SARS-CoV-2 y las maneras de controlar su impacto en los seres humanos.\n   Entre los cambios destaca una vigilancia intensiva a los pacientes catalogados como de alto riesgo, su hospitalizaci\u00f3n en salas especializadas aun cuando est\u00e9n asintom\u00e1ticos o sospechosos para disminuir el posible tr\u00e1nsito a manifestaciones graves, y nuevos tratamientos cl\u00ednicos a partir de los medicamentos desarrollados por las instituciones cient\u00edficas cubanas. Fin<\/pre>\n","protected":false},"excerpt":{"rendered":"<p>diariodominicano.com MEXICO, 27 ene (Xinhua) &#8212; Ante el avance de la enfermedad del nuevo coronavirus (COVID-19) en Am\u00e9rica Latina, autoridades de la regi\u00f3n llaman a la unidad para enfrentar el virus y contener el exponencial incremento de casos y muertos. En Brasil, con 8.996.876 casos y 220.161 muertos, el gobierno del estado de Amazonas (norte) [&hellip;]<\/p>\n","protected":false},"author":5,"featured_media":261973,"comment_status":"open","ping_status":"open","sticky":true,"template":"","format":"standard","meta":{"footnotes":""},"categories":[23,27],"tags":[],"class_list":["post-261970","post","type-post","status-publish","format-standard","has-post-thumbnail","hentry","category-internacional","category-portada"],"_links":{"self":[{"href":"https:\/\/diariodominicano.com\/index.php?rest_route=\/wp\/v2\/posts\/261970","targetHints":{"allow":["GET"]}}],"collection":[{"href":"https:\/\/diariodominicano.com\/index.php?rest_route=\/wp\/v2\/posts"}],"about":[{"href":"https:\/\/diariodominicano.com\/index.php?rest_route=\/wp\/v2\/types\/post"}],"author":[{"embeddable":true,"href":"https:\/\/diariodominicano.com\/index.php?rest_route=\/wp\/v2\/users\/5"}],"replies":[{"embeddable":true,"href":"https:\/\/diariodominicano.com\/index.php?rest_route=%2Fwp%2Fv2%2Fcomments&post=261970"}],"version-history":[{"count":1,"href":"https:\/\/diariodominicano.com\/index.php?rest_route=\/wp\/v2\/posts\/261970\/revisions"}],"predecessor-version":[{"id":261971,"href":"https:\/\/diariodominicano.com\/index.php?rest_route=\/wp\/v2\/posts\/261970\/revisions\/261971"}],"wp:featuredmedia":[{"embeddable":true,"href":"https:\/\/diariodominicano.com\/index.php?rest_route=\/wp\/v2\/media\/261973"}],"wp:attachment":[{"href":"https:\/\/diariodominicano.com\/index.php?rest_route=%2Fwp%2Fv2%2Fmedia&parent=261970"}],"wp:term":[{"taxonomy":"category","embeddable":true,"href":"https:\/\/diariodominicano.com\/index.php?rest_route=%2Fwp%2Fv2%2Fcategories&post=261970"},{"taxonomy":"post_tag","embeddable":true,"href":"https:\/\/diariodominicano.com\/index.php?rest_route=%2Fwp%2Fv2%2Ftags&post=261970"}],"curies":[{"name":"wp","href":"https:\/\/api.w.org\/{rel}","templated":true}]}}