{"id":261903,"date":"2021-01-27T18:17:51","date_gmt":"2021-01-27T22:17:51","guid":{"rendered":"http:\/\/diariodominicano.com\/?p=261903"},"modified":"2021-01-27T18:58:28","modified_gmt":"2021-01-27T22:58:28","slug":"fed-mantiene-tasas-de-interes-cerca-de-cero-en-medio-de-recuperacion-economica-mas-lenta","status":"publish","type":"post","link":"https:\/\/diariodominicano.com\/?p=261903","title":{"rendered":"Fed mantiene tasas de inter\u00e9s cerca de cero en medio de recuperaci\u00f3n econ\u00f3mica m\u00e1s lenta"},"content":{"rendered":"\n<pre id=\"text-news-description\" class=\"wp-block-preformatted\">   WASHINGTON, 27 ene (Xinhua) -- La Reserva Federal (Fed) de Estados Unidos mantuvo hoy sin cambios su tasa de inter\u00e9s de referencia en un reducido nivel r\u00e9cord cercano a cero, mientras el pa\u00eds batalla con una recuperaci\u00f3n econ\u00f3mica m\u00e1s lenta y con un n\u00famero creciente de casos de COVID-19.\n    \"El ritmo de recuperaci\u00f3n de la actividad econ\u00f3mica y el empleo se ha moderado en los \u00faltimos meses, con debilidades concentradas en los sectores m\u00e1s adversamente afectados por la pandemia\" , indic\u00f3 la Fed en una declaraci\u00f3n al concluir su primera reuni\u00f3n de elaboraci\u00f3n de pol\u00edticas de 2021.\n    \"Una demanda m\u00e1s d\u00e9bil y tempranas bajas en el precio del petr\u00f3leo han estado conteniendo la inflaci\u00f3n de los precios al consumidor\" , a\u00f1adi\u00f3 la Fed, la cual mantuvo el rango objetivo de la tasa de fondos federales en entre cero y 0,25 por ciento.\n   Adem\u00e1s de se\u00f1alar que la inflaci\u00f3n se ha mantenido de forma persistente por debajo del objetivo de m\u00e1s largo plazo de dos por ciento de la Fed, el Comit\u00e9 Federal de Mercado Abierto, el \u00f3rgano de elaboraci\u00f3n de pol\u00edticas de la Fed, buscar\u00e1 lograr una inflaci\u00f3n moderadamente por encima del dos por ciento durante alg\u00fan tiempo, de modo que la inflaci\u00f3n se ubique en un promedio de dos por ciento con el tiempo.\n    \"Las condiciones financieras en general se mantienen acomodaticias, lo que refleja en parte las medidas de pol\u00edticas para apoyar a la econom\u00eda y el flujo de cr\u00e9dito a familias y empresas estadounidenses\" , a\u00f1adi\u00f3 la declaraci\u00f3n.\n   El banco central se\u00f1al\u00f3 que el camino de la econom\u00eda depender\u00e1 de forma significativa de la evoluci\u00f3n del virus, incluyendo los avances en la vacunaci\u00f3n.\n    \"La actual crisis de salud p\u00fablica sigue influyendo en la actividad econ\u00f3mica, el empleo y la inflaci\u00f3n y representa considerables riesgos para el panorama econ\u00f3mico\" , indic\u00f3 la Fed.\n   La Fed recort\u00f3 las tasas de inter\u00e9s a cerca de cero en dos reuniones no programadas realizadas en marzo de 2020 y comenz\u00f3 la adquisici\u00f3n de cantidades masivas de bonos del Tesoro de Estados Unidos y activos respaldados por hipotecas para reparar los mercados financieros.<\/pre>\n\n\n<ul class=\"wp-block-categories-list wp-block-categories\">\t<li class=\"cat-item cat-item-21\"><a href=\"https:\/\/diariodominicano.com\/?cat=21\">Cultura<\/a>\n<\/li>\n\t<li class=\"cat-item cat-item-36\"><a href=\"https:\/\/diariodominicano.com\/?cat=36\">De Hombres, Mujeres y Cosas<\/a>\n<\/li>\n\t<li class=\"cat-item cat-item-17\"><a href=\"https:\/\/diariodominicano.com\/?cat=17\">Deportes<\/a>\n<\/li>\n\t<li class=\"cat-item cat-item-20\"><a href=\"https:\/\/diariodominicano.com\/?cat=20\">Dominicana Hoy<\/a>\n<\/li>\n\t<li class=\"cat-item cat-item-18\"><a href=\"https:\/\/diariodominicano.com\/?cat=18\">Economia<\/a>\n<\/li>\n\t<li class=\"cat-item cat-item-1\"><a href=\"https:\/\/diariodominicano.com\/?cat=1\">Editorial<\/a>\n<\/li>\n\t<li class=\"cat-item cat-item-26\"><a href=\"https:\/\/diariodominicano.com\/?cat=26\">Efemerides<\/a>\n<\/li>\n\t<li class=\"cat-item cat-item-25\"><a href=\"https:\/\/diariodominicano.com\/?cat=25\">Gente<\/a>\n<\/li>\n\t<li class=\"cat-item cat-item-112\"><a href=\"https:\/\/diariodominicano.com\/?cat=112\">Haiti<\/a>\n<\/li>\n\t<li class=\"cat-item cat-item-113\"><a href=\"https:\/\/diariodominicano.com\/?cat=113\">III Cumbre de la Comunidad de Estados Latinoamericanos y del Caribe (Celac)<\/a>\n<\/li>\n\t<li class=\"cat-item cat-item-23\"><a href=\"https:\/\/diariodominicano.com\/?cat=23\">Internacional<\/a>\n<\/li>\n\t<li class=\"cat-item cat-item-24\"><a href=\"https:\/\/diariodominicano.com\/?cat=24\">Justicia y Derecho<\/a>\n<\/li>\n\t<li class=\"cat-item cat-item-19\"><a href=\"https:\/\/diariodominicano.com\/?cat=19\">Mi Voz<\/a>\n<\/li>\n\t<li class=\"cat-item cat-item-16\"><a href=\"https:\/\/diariodominicano.com\/?cat=16\">Opiniones<\/a>\n<\/li>\n\t<li class=\"cat-item cat-item-29\"><a href=\"https:\/\/diariodominicano.com\/?cat=29\">Policia y Sucesos<\/a>\n<\/li>\n\t<li class=\"cat-item cat-item-22\"><a href=\"https:\/\/diariodominicano.com\/?cat=22\">Politica<\/a>\n<\/li>\n\t<li class=\"cat-item cat-item-27\"><a href=\"https:\/\/diariodominicano.com\/?cat=27\">Portada<\/a>\n<\/li>\n\t<li class=\"cat-item cat-item-32\"><a href=\"https:\/\/diariodominicano.com\/?cat=32\">Turismo<\/a>\n<\/li>\n\t<li class=\"cat-item cat-item-118\"><a href=\"https:\/\/diariodominicano.com\/?cat=118\">XV Cumbre de los BRICS<\/a>\n<\/li>\n\t<li class=\"cat-item cat-item-31\"><a href=\"https:\/\/diariodominicano.com\/?cat=31\">XXIV Feria Internacional del Libro Santo Domingo 2022<\/a>\n<\/li>\n\t<li class=\"cat-item cat-item-117\"><a href=\"https:\/\/diariodominicano.com\/?cat=117\">XXV Feria Internacional Libro Santo Domingo 2023<\/a>\n<\/li>\n<\/ul>\n\n\n<figure class=\"wp-block-gallery columns-1 is-cropped wp-block-gallery-1 is-layout-flex wp-block-gallery-is-layout-flex\"><ul class=\"blocks-gallery-grid\"><li class=\"blocks-gallery-item\"><figure><img loading=\"lazy\" decoding=\"async\" width=\"370\" height=\"252\" src=\"https:\/\/diariodominicano.com\/wp-content\/uploads\/2021\/01\/Fed-United-States27-1-21.jpg\" alt=\"\" data-id=\"261909\" data-full-url=\"https:\/\/diariodominicano.com\/wp-content\/uploads\/2021\/01\/Fed-United-States27-1-21.jpg\" data-link=\"https:\/\/diariodominicano.com\/?attachment_id=261909\" class=\"wp-image-261909\" srcset=\"https:\/\/diariodominicano.com\/wp-content\/uploads\/2021\/01\/Fed-United-States27-1-21.jpg 370w, https:\/\/diariodominicano.com\/wp-content\/uploads\/2021\/01\/Fed-United-States27-1-21-300x204.jpg 300w\" sizes=\"auto, (max-width: 370px) 100vw, 370px\" \/><\/figure><\/li><\/ul><\/figure>\n\n\n\n\n\n<p><\/p>\n","protected":false},"excerpt":{"rendered":"<p>WASHINGTON, 27 ene (Xinhua) &#8212; La Reserva Federal (Fed) de Estados Unidos mantuvo hoy sin cambios su tasa de inter\u00e9s de referencia en un reducido nivel r\u00e9cord cercano a cero, mientras el pa\u00eds batalla con una recuperaci\u00f3n econ\u00f3mica m\u00e1s lenta y con un n\u00famero creciente de casos de COVID-19. \u00abEl ritmo de recuperaci\u00f3n de la [&hellip;]<\/p>\n","protected":false},"author":5,"featured_media":261920,"comment_status":"open","ping_status":"open","sticky":false,"template":"","format":"standard","meta":{"footnotes":""},"categories":[1,23],"tags":[],"class_list":["post-261903","post","type-post","status-publish","format-standard","has-post-thumbnail","hentry","category-editorial","category-internacional"],"_links":{"self":[{"href":"https:\/\/diariodominicano.com\/index.php?rest_route=\/wp\/v2\/posts\/261903","targetHints":{"allow":["GET"]}}],"collection":[{"href":"https:\/\/diariodominicano.com\/index.php?rest_route=\/wp\/v2\/posts"}],"about":[{"href":"https:\/\/diariodominicano.com\/index.php?rest_route=\/wp\/v2\/types\/post"}],"author":[{"embeddable":true,"href":"https:\/\/diariodominicano.com\/index.php?rest_route=\/wp\/v2\/users\/5"}],"replies":[{"embeddable":true,"href":"https:\/\/diariodominicano.com\/index.php?rest_route=%2Fwp%2Fv2%2Fcomments&post=261903"}],"version-history":[{"count":2,"href":"https:\/\/diariodominicano.com\/index.php?rest_route=\/wp\/v2\/posts\/261903\/revisions"}],"predecessor-version":[{"id":261912,"href":"https:\/\/diariodominicano.com\/index.php?rest_route=\/wp\/v2\/posts\/261903\/revisions\/261912"}],"wp:featuredmedia":[{"embeddable":true,"href":"https:\/\/diariodominicano.com\/index.php?rest_route=\/wp\/v2\/media\/261920"}],"wp:attachment":[{"href":"https:\/\/diariodominicano.com\/index.php?rest_route=%2Fwp%2Fv2%2Fmedia&parent=261903"}],"wp:term":[{"taxonomy":"category","embeddable":true,"href":"https:\/\/diariodominicano.com\/index.php?rest_route=%2Fwp%2Fv2%2Fcategories&post=261903"},{"taxonomy":"post_tag","embeddable":true,"href":"https:\/\/diariodominicano.com\/index.php?rest_route=%2Fwp%2Fv2%2Ftags&post=261903"}],"curies":[{"name":"wp","href":"https:\/\/api.w.org\/{rel}","templated":true}]}}