{"id":261882,"date":"2021-01-27T16:39:49","date_gmt":"2021-01-27T20:39:49","guid":{"rendered":"http:\/\/diariodominicano.com\/?p=261882"},"modified":"2021-01-27T22:22:23","modified_gmt":"2021-01-28T02:22:23","slug":"gobierno-de-provincia-sudafricana-condena-quema-de-tiendas-de-extranjeros","status":"publish","type":"post","link":"https:\/\/diariodominicano.com\/?p=261882","title":{"rendered":"Gobierno de provincia sudafricana condena quema de tiendas de extranjeros"},"content":{"rendered":"\n<h3 class=\"wp-block-heading\"><\/h3>\n\n\n\n<pre id=\"text-news-description\" class=\"wp-block-preformatted\">   JOHANNESBURGO, 27 ene (Xinhua) -- El gobierno de la provincia sudafricana de KwaZulu-Natal (KZN) conden\u00f3 hoy el saqueo y la quema de tiendas propiedad de extranjeros.\n   Algunos habitantes locales se dirigieron el lunes al centro de la ciudad de Durban, saquearon negocios de extranjeros y los quemaron tras acusarlos de robar oportunidades y empleos y de ser responsables de delitos.\n    \"El consejo ejecutivo condena el saqueo sin control y la violencia p\u00fablica contra extranjeros, la cual tambi\u00e9n incluy\u00f3 a sudafricanos que fueron victimizados al ser confundidos con extranjeros\" , dijo el portavoz del gobierno de KZN, Lennox Mabaso.\n    \"El gobierno da la bienvenida a la detenci\u00f3n de cinco sospechosos que participaron en los actos de violencia p\u00fablica. La provincia no permitir\u00e1 el estado de anarqu\u00eda y la fianza para los detenidos debe ser rechazada por el estado\" , a\u00f1adi\u00f3.\n   El vocero dijo que el gobierno establecer\u00e1 un equipo integrado de aplicaci\u00f3n de la ley para concentrarse en el cumplimiento de leyes migratorias, laborales y comerciales.\n    \"El gobierno provincial tambi\u00e9n pide compromiso y soluci\u00f3n pac\u00edfica en cualquier \u00e1rea de desaf\u00edo. La violencia nunca ha resuelto ning\u00fan problema. De hecho, viola la ley\" , dijo.<\/pre>\n","protected":false},"excerpt":{"rendered":"<p>JOHANNESBURGO, 27 ene (Xinhua) &#8212; El gobierno de la provincia sudafricana de KwaZulu-Natal (KZN) conden\u00f3 hoy el saqueo y la quema de tiendas propiedad de extranjeros. Algunos habitantes locales se dirigieron el lunes al centro de la ciudad de Durban, saquearon negocios de extranjeros y los quemaron tras acusarlos de robar oportunidades y empleos y [&hellip;]<\/p>\n","protected":false},"author":5,"featured_media":261883,"comment_status":"open","ping_status":"open","sticky":true,"template":"","format":"standard","meta":{"footnotes":""},"categories":[23,27],"tags":[],"class_list":["post-261882","post","type-post","status-publish","format-standard","has-post-thumbnail","hentry","category-internacional","category-portada"],"_links":{"self":[{"href":"https:\/\/diariodominicano.com\/index.php?rest_route=\/wp\/v2\/posts\/261882","targetHints":{"allow":["GET"]}}],"collection":[{"href":"https:\/\/diariodominicano.com\/index.php?rest_route=\/wp\/v2\/posts"}],"about":[{"href":"https:\/\/diariodominicano.com\/index.php?rest_route=\/wp\/v2\/types\/post"}],"author":[{"embeddable":true,"href":"https:\/\/diariodominicano.com\/index.php?rest_route=\/wp\/v2\/users\/5"}],"replies":[{"embeddable":true,"href":"https:\/\/diariodominicano.com\/index.php?rest_route=%2Fwp%2Fv2%2Fcomments&post=261882"}],"version-history":[{"count":4,"href":"https:\/\/diariodominicano.com\/index.php?rest_route=\/wp\/v2\/posts\/261882\/revisions"}],"predecessor-version":[{"id":261902,"href":"https:\/\/diariodominicano.com\/index.php?rest_route=\/wp\/v2\/posts\/261882\/revisions\/261902"}],"wp:featuredmedia":[{"embeddable":true,"href":"https:\/\/diariodominicano.com\/index.php?rest_route=\/wp\/v2\/media\/261883"}],"wp:attachment":[{"href":"https:\/\/diariodominicano.com\/index.php?rest_route=%2Fwp%2Fv2%2Fmedia&parent=261882"}],"wp:term":[{"taxonomy":"category","embeddable":true,"href":"https:\/\/diariodominicano.com\/index.php?rest_route=%2Fwp%2Fv2%2Fcategories&post=261882"},{"taxonomy":"post_tag","embeddable":true,"href":"https:\/\/diariodominicano.com\/index.php?rest_route=%2Fwp%2Fv2%2Ftags&post=261882"}],"curies":[{"name":"wp","href":"https:\/\/api.w.org\/{rel}","templated":true}]}}