{"id":261869,"date":"2020-12-01T21:33:51","date_gmt":"2020-12-01T21:33:51","guid":{"rendered":"http:\/\/diariodominicano.ddns.net\/?p=261869"},"modified":"2020-12-01T21:33:51","modified_gmt":"2020-12-01T21:33:51","slug":"presidente-da-primer-palazo-para-la-construccion-de-hotel-en-gazcue-y-anuncia-fase-ii-de-rehabilitacion-de-la-ciudad-colonial","status":"publish","type":"post","link":"https:\/\/diariodominicano.com\/?p=261869","title":{"rendered":"Presidente da primer palazo para la construcci\u00f3n de hotel en Gazcue y anuncia fase II de Rehabilitaci\u00f3n de la Ciudad Colonial"},"content":{"rendered":"<p><body><\/p>\n<p><img decoding=\"async\" src=\"http:\/\/localhost:8080\/img3\/abinaderHotel1-12-20.jpg\" \/>  <\/p>\n<p><span class=\"text1noticias\">diariodominicano.com<\/span><\/p>\n<p><span class=\"text1noticias\"> <\/span><\/p>\n<p><span class=\"text1noticias\">Santo Domingo, R. D., 1 de diciembre, 2020.- El presidente Luis Abinader dio este martes el primer palazo para la construcci\u00f3n del Hotel Boutique Mauad, en el sector de Gazcue, Distrito Nacional.<\/span><\/p>\n<p><span class=\"text1noticias\"> <\/span><\/p>\n<p><span class=\"text1noticias\">Durante la actividad, el mandatario anunci\u00f3 la construcci\u00f3n de un centro de convenciones y exposiciones en la ciudad de Santo Domingo para fortalecer el turismo, as\u00ed como la Fase II de la rehabilitaci\u00f3n de la Ciudad Colonial.<\/span><\/p>\n<p><span class=\"text1noticias\"> <\/span><\/p>\n<p><span class=\"text1noticias\">Inform\u00f3 que el proyecto est\u00e1 concebido mediante una alianza p\u00fablico privada, lo que consider\u00f3 como una herramienta fundamental para el desarrollo de la hosteler\u00eda en esta ciudad.<\/span><\/p>\n<p><span class=\"text1noticias\"> <\/span><\/p>\n<p><span class=\"text1noticias\">Abinader afirm\u00f3 que pr\u00f3ximamente, junto al ministro de Turismo, David Collado, ofrecer\u00e1n los detalles del Centro de Convenciones y Exposiciones.<\/span><\/p>\n<p><span class=\"text1noticias\"> <\/span><\/p>\n<p><span class=\"text1noticias\">Adelant\u00f3 tambi\u00e9n que en enero del pr\u00f3ximo a\u00f1o comienza la fase II de la rehabilitaci\u00f3n de la Zona Colonial, con el aporte de 90 millones de d\u00f3lares del Banco Interamericano de Desarrollo (BID), m\u00e1s cinco que desembolsar\u00e1 el Gobierno central.<\/span><\/p>\n<p><span class=\"text1noticias\"> <\/span><\/p>\n<p><span class=\"text1noticias\">Mauad Hotel<\/span><\/p>\n<p><span class=\"text1noticias\"> <\/span><\/p>\n<p><span class=\"text1noticias\">Alejandro Mauad, presidente de Mauad Hotel Boutique, manifest\u00f3 su satisfacci\u00f3n por el inicio del hotel que tendr\u00e1 diez niveles y 125 habitaciones.<\/span><\/p>\n<p><span class=\"text1noticias\"> <\/span><\/p>\n<p><span class=\"text1noticias\">Agradeci\u00f3 al Gobierno por el respaldo ofrecido y vaticin\u00f3 que el nuevo hotel contribuir\u00e1 a incrementar la entrada de turistas al pa\u00eds, a generar cientos de empleos y aumentar la inversi\u00f3n extranjera.<\/span><\/p>\n<p><span class=\"text1noticias\"> <\/span><\/p>\n<p><span class=\"text1noticias\">\u00abEstamos muy complacidos por comenzar la construcci\u00f3n del hotel, nuestra segunda apuesta en el turismo de este pa\u00eds, pues desde hace tres a\u00f1os nuestro hotel viene operando de manera exponencial y gracias a esto, hoy podemos continuar aportando al crecimiento econ\u00f3mico de la Rep\u00fablica Dominicana\u00bb, afirm\u00f3 Mauad.<\/span><\/p>\n<p><span class=\"text1noticias\"> <\/span><\/p>\n<p><span class=\"text1noticias\">David Collado<\/span><\/p>\n<p><span class=\"text1noticias\"> <\/span><\/p>\n<p><span class=\"text1noticias\">El ministro de Turismo, David Collado, destac\u00f3 que este tipo de proyecto indica la confianza que tienen los inversionistas en el desarrollo hotelero del pa\u00eds.<\/span><\/p>\n<p><span class=\"text1noticias\"> <\/span><\/p>\n<p><span class=\"text1noticias\">El funcionario expres\u00f3 que \u00abnos complace seguir potenciando el turismo, y comprobar que el pa\u00eds sigue afianz\u00e1ndose d\u00eda a d\u00eda como una potencia en el Caribe y Latinoam\u00e9rica en este sector\u00bb.<\/span><\/p>\n<p><span class=\"text1noticias\"> <\/span><\/p>\n<p><span class=\"text1noticias\">La obra, que proyecta estar terminada en ocho meses, tendr\u00e1 dos piscinas, spa, sal\u00f3n de belleza, restaurantes y sal\u00f3n para eventos, entre otras instalaciones.<\/span><\/p>\n<p><span class=\"text1noticias\"> <\/span><\/p>\n<p><span class=\"text1noticias\">En el acto tambi\u00e9n estuvieron presentes los ministros de Obras P\u00fablicas, Deligne Ascensi\u00f3n Burgos y de Proyectos Especiales de la Presidencia, Jos\u00e9 Leonel Cabrera (Neney); as\u00ed como Paola Rainieri, presidenta de la Asociaci\u00f3n de Hoteles y Restaurantes, entre otras personalidades.<\/span><\/p>\n<p><span class=\"text1noticias\"> <\/span><\/p>\n<p><span class=\"text1noticias\">Fuente: Presidencia de la Rep\u00fablica Dominicana<\/span><\/p>\n<p><span class=\"text1noticias\">Noticia<\/span>s<\/p>\n<h6> 2020-12-01 21:33:51 <\/h6>\n<p><!--\n<link rel=\"stylesheet\" href=\"css\/bootstrap.min.css\">\n\n\n<ul class=\"pagination\">\n\t    \n\t\n\n<li >\n\t<a href='?page_no=68'>Previous<\/a>\n\t<\/li>\n\n\n       \n    \n\n<li><a href='?page_no=1'>1<\/a><\/li>\n\n\n\n<li><a href='?page_no=2'>2<\/a><\/li>\n\n\n\n<li><a>...<\/a><\/li>\n\n\n\n<li><a href='?page_no=66'>66<\/a><\/li>\n\n\n\n<li><a href='?page_no=67'>67<\/a><\/li>\n\n\n\n<li><a href='?page_no=68'>68<\/a><\/li>\n\n\n\n<li class='active'><a>69<\/a><\/li>\n\n\n\n<li><a href='?page_no=70'>70<\/a><\/li>\n\n\n\n<li><a href='?page_no=71'>71<\/a><\/li>\n\n\n\n<li><a href='?page_no=72'>72<\/a><\/li>\n\n    \n\t\n\n<li >\n\t<a href='?page_no=70'>Next<\/a>\n\t<\/li>\n\n\n    \n\n<li><a href='?page_no=72'>Last &rsaquo;&rsaquo;<\/a><\/li>\n\n<\/ul>\n\n\n--><br \/>\n<\/body><\/p>\n","protected":false},"excerpt":{"rendered":"<p>diariodominicano.com Santo Domingo, R. D., 1 de diciembre, 2020.- El presidente Luis Abinader dio este martes el primer palazo para la construcci\u00f3n del Hotel Boutique Mauad, en el sector de Gazcue, Distrito Nacional. Durante la actividad, el mandatario anunci\u00f3 la construcci\u00f3n de un centro de convenciones y exposiciones en la ciudad de Santo Domingo para [&hellip;]<\/p>\n","protected":false},"author":3,"featured_media":0,"comment_status":"open","ping_status":"open","sticky":false,"template":"","format":"standard","meta":{"footnotes":""},"categories":[18],"tags":[],"class_list":["post-261869","post","type-post","status-publish","format-standard","hentry","category-economia"],"_links":{"self":[{"href":"https:\/\/diariodominicano.com\/index.php?rest_route=\/wp\/v2\/posts\/261869","targetHints":{"allow":["GET"]}}],"collection":[{"href":"https:\/\/diariodominicano.com\/index.php?rest_route=\/wp\/v2\/posts"}],"about":[{"href":"https:\/\/diariodominicano.com\/index.php?rest_route=\/wp\/v2\/types\/post"}],"author":[{"embeddable":true,"href":"https:\/\/diariodominicano.com\/index.php?rest_route=\/wp\/v2\/users\/3"}],"replies":[{"embeddable":true,"href":"https:\/\/diariodominicano.com\/index.php?rest_route=%2Fwp%2Fv2%2Fcomments&post=261869"}],"version-history":[{"count":0,"href":"https:\/\/diariodominicano.com\/index.php?rest_route=\/wp\/v2\/posts\/261869\/revisions"}],"wp:attachment":[{"href":"https:\/\/diariodominicano.com\/index.php?rest_route=%2Fwp%2Fv2%2Fmedia&parent=261869"}],"wp:term":[{"taxonomy":"category","embeddable":true,"href":"https:\/\/diariodominicano.com\/index.php?rest_route=%2Fwp%2Fv2%2Fcategories&post=261869"},{"taxonomy":"post_tag","embeddable":true,"href":"https:\/\/diariodominicano.com\/index.php?rest_route=%2Fwp%2Fv2%2Ftags&post=261869"}],"curies":[{"name":"wp","href":"https:\/\/api.w.org\/{rel}","templated":true}]}}