{"id":261868,"date":"2020-12-02T10:41:04","date_gmt":"2020-12-02T10:41:04","guid":{"rendered":"http:\/\/diariodominicano.ddns.net\/?p=261868"},"modified":"2020-12-02T10:41:04","modified_gmt":"2020-12-02T10:41:04","slug":"fao-recomienda-mejorar-sistemas-de-proteccion-social-para-proteger-poblaciones-vulnerables-a-la-inseguridad-alimentaria","status":"publish","type":"post","link":"https:\/\/diariodominicano.com\/?p=261868","title":{"rendered":"FAO recomienda mejorar sistemas de protecci\u00f3n social para proteger poblaciones vulnerables a la inseguridad alimentaria"},"content":{"rendered":"<p><body><\/p>\n<p><img decoding=\"async\" src=\"http:\/\/localhost:8080\/img3\/ESCOLARES REP. DOMINICANA.jpg\" \/><br \/><img decoding=\"async\" src=\"http:\/\/localhost:8080\/img3\/Panorama SAN.jpg\" \/>  <\/p>\n<p><strong>Diariodominicano.com<\/strong><\/p>\n<p><strong>FAO recomienda mejorar sistemas de protecci\u00f3n social para proteger poblaciones vulnerables a la inseguridad alimentaria<\/strong><\/p>\n<p><strong> <\/strong><\/p>\n<p><strong>Informe Panorama de la Seguridad Alimentaria y Nutricional en Am\u00e9rica Latina y el Caribe 2020 alerta sobre la gran desigualdad en la distribuci\u00f3n geogr\u00e1fica de la malnutrici\u00f3n que afecta a los pa\u00edses de la regi\u00f3n<\/strong><\/p>\n<p><strong> <\/strong><\/p>\n<p><strong>Santo Domingo, 2 de diciembre de 2020,. ?<\/strong> Los programas de protecci\u00f3n social deben ser ajustados para mejorar su cobertura en los territorios m\u00e1s rezagados econ\u00f3micamente para que puedan contribuir de manera sostenible a la inclusi\u00f3n social y econ\u00f3mica de la poblaci\u00f3n, indic\u00f3 la FAO en el informe Panorama de la Seguridad Alimentaria y Nutricional en Am\u00e9rica Latina y el Caribe 2020, lanzado hoy.<\/p>\n<\/p>\n<\/p>\n<p>El estudio revela que la protecci\u00f3n social cumple una funci\u00f3n fundamental para impulsar y acelerar los progresos en el \u00e1mbito de la seguridad alimentaria y la nutrici\u00f3n, el desarrollo de distintos tipos de territorios y apoya la resiliencia de las personas que viven en situaciones de mayor vulnerabilidad.<\/p>\n<\/p>\n<\/p>\n<p>\u00abLa protecci\u00f3n social tiene el potencial de aumentar el consumo y la diversidad de alimentos en los hogares. Se ha demostrado que las transferencias monetarias conducen al aumento en el n\u00famero de comidas y a diversificar la alimentaci\u00f3n de las familias vulnerables, especialmente en contextos de crisis como la actual pandemia del COVID-19\u00bb, asegur\u00f3 Rodrigo Casta\u00f1eda, Representante de la FAO en la Rep\u00fablica Dominicana.<\/p>\n<\/p>\n<\/p>\n<p>Para el funcionario de FAO, pol\u00edticas de protecci\u00f3n social como las que desarrolla el programa Progresando con Solidaridad (PROSOLI), son un buen ejemplo de c\u00f3mo abordar las vulnerabilidades econ\u00f3micas y sociales de la inseguridad alimentaria y la pobreza, mediante acciones de protecci\u00f3n y promoci\u00f3n de los medios de vida de las familias.<\/p>\n<\/p>\n<\/p>\n<p>El informe de la FAO alert\u00f3 sobre la gran desigualdad en la distribuci\u00f3n geogr\u00e1fica de la malnutrici\u00f3n que afecta a los pa\u00edses de Am\u00e9rica Latina y el Caribe, y que en la Rep\u00fablica Dominicana se sit\u00faan mayoritariamente en la regi\u00f3n Suroeste.<\/p>\n<\/p>\n<\/p>\n<\/p>\n<p>Hambre, obesidad y sobrepeso aumentan en la regi\u00f3n. En RD desciende subalimentaci\u00f3n<\/p>\n<\/p>\n<p>El Panorama de la seguridad alimentaria y nutricional en Am\u00e9rica Latina y el Caribe, publicado de manera conjunta por FAO, FIDA, OPS\/OMS, PMA y UNICEF, indica que, durante el 2019, el 7,4% de la poblaci\u00f3n de Am\u00e9rica Latina y el Caribe vivi\u00f3 con hambre, lo que equivale a 47,7 millones de personas.<\/p>\n<\/p>\n<\/p>\n<p>Se estima que, en 2030, en la regi\u00f3n el hambre afectar\u00e1 a 67 millones de personas, una cifra que no contempla las repercusiones de la pandemia de COVID-19.<\/p>\n<\/p>\n<\/p>\n<p>En cuanto a la Rep\u00fablica Dominicana, las cifras registran un descenso en los niveles de subalimentaci\u00f3n, al situarse en 5.5%, lo que equivale a 600 mil personas en condici\u00f3n de inseguridad alimentaria.<\/p>\n<\/p>\n<p>\u00abAunque el informe refleja un descenso si lo comparamos con el 20.6% registrado en el a\u00f1o 2000, la \u00fanica cifra aceptable es Hambre Cero, por lo cual debemos seguir trabajando para fortalecer la seguridad alimentaria de todos los dominicanos y dominicanas\u00bb, asegur\u00f3 Rodrigo Casta\u00f1eda.<\/p>\n<\/p>\n<\/p>\n<p>Un dato que llama la atenci\u00f3n en el informe es la prevalec\u00eda de la lactancia materna exclusiva que ubica a la Rep\u00fablica Dominicana en el segundo lugar m\u00e1s bajo de la regi\u00f3n con un 4.6%, lo que coloca al pa\u00eds muy lejos de la meta de los ODS de aumentar el \u00edndice de lactancia hasta un 70% durante los primeros seis meses de vida.<\/p>\n<\/p>\n<\/p>\n<p>Otras formas de malnutrici\u00f3n como el sobrepeso y la obesidad siguen afectando a la poblaci\u00f3n infantil que registra un sobrepeso de 7.6%, mientras que los adultos alcanzan un 61.2% de sobrepeso y una prevalencia en la obesidad de 27.6%.<\/p>\n<\/p>\n<\/p>\n<p>El costo de la doble carga de la malnutrici\u00f3n<\/p>\n<\/p>\n<\/p>\n<p>El informe revela que en para el 2017 el costo de la doble carga de la malnutrici\u00f3n en LA Rep\u00fablica Dominicana ascendi\u00f3 a 1 961,1 millones de d\u00f3lares, lo que equivale al 2,6% del PIB del pa\u00eds. De estos, 499,7 millones (aproximadamente el 25%) son atribuibles a la desnutrici\u00f3n, y 1 461,4 millones, al sobrepeso y la obesidad.<\/p>\n<\/p>\n<\/p>\n<p>En cuanto al costo social, el estudio muestra que el 39% de los ni\u00f1os y ni\u00f1as desnutridos no completa la educaci\u00f3n primaria y solo el 12% finaliza la secundaria y que m\u00e1s de 1,6 millones personas adultas padecen diabetes e hipertensi\u00f3n a consecuencia del sobrepeso y la obesidad, generando el mayor costo en salud.<\/p>\n<\/p>\n<\/p>\n<p>El informe recomienda fortalecer pol\u00edticas p\u00fablicas multisectoriales contra la malnutrici\u00f3n, por exceso y por d\u00e9ficit, de manera que propicien la disminuci\u00f3n sostenida de las prevalencias de malnutrici\u00f3n a trav\u00e9s del abordaje de las causas determinantes del problema.<\/p>\n<\/p>\n<\/p>\n<p>Descarga el informe aqu\u00ed<\/p>\n<\/p>\n<\/p>\n<p>Ver video aqu\u00ed<\/p>\n<\/p>\n<\/p>\n<\/p>\n<\/p>\n<p>Rosa Borg Gil<\/p>\n<\/p>\n<p>Comunicaciones<\/p>\n<\/p>\n<p>Representaci\u00f3n de la FAO en la Rep\u00fablica Dominicana<\/p>\n<h6> 2020-12-02 10:41:04 <\/h6>\n<p><!--\n<link rel=\"stylesheet\" href=\"css\/bootstrap.min.css\">\n\n\n<ul class=\"pagination\">\n\t    \n\t\n\n<li >\n\t<a href='?page_no=67'>Previous<\/a>\n\t<\/li>\n\n\n       \n    \n\n<li><a href='?page_no=1'>1<\/a><\/li>\n\n\n\n<li><a href='?page_no=2'>2<\/a><\/li>\n\n\n\n<li><a>...<\/a><\/li>\n\n\n\n<li><a href='?page_no=66'>66<\/a><\/li>\n\n\n\n<li><a href='?page_no=67'>67<\/a><\/li>\n\n\n\n<li class='active'><a>68<\/a><\/li>\n\n\n\n<li><a href='?page_no=69'>69<\/a><\/li>\n\n\n\n<li><a href='?page_no=70'>70<\/a><\/li>\n\n\n\n<li><a href='?page_no=71'>71<\/a><\/li>\n\n\n\n<li><a href='?page_no=72'>72<\/a><\/li>\n\n    \n\t\n\n<li >\n\t<a href='?page_no=69'>Next<\/a>\n\t<\/li>\n\n\n    \n\n<li><a href='?page_no=72'>Last &rsaquo;&rsaquo;<\/a><\/li>\n\n<\/ul>\n\n\n--><br \/>\n<\/body><\/p>\n","protected":false},"excerpt":{"rendered":"<p>Diariodominicano.com FAO recomienda mejorar sistemas de protecci\u00f3n social para proteger poblaciones vulnerables a la inseguridad alimentaria Informe Panorama de la Seguridad Alimentaria y Nutricional en Am\u00e9rica Latina y el Caribe 2020 alerta sobre la gran desigualdad en la distribuci\u00f3n geogr\u00e1fica de la malnutrici\u00f3n que afecta a los pa\u00edses de la regi\u00f3n Santo Domingo, 2 de [&hellip;]<\/p>\n","protected":false},"author":3,"featured_media":0,"comment_status":"open","ping_status":"open","sticky":false,"template":"","format":"standard","meta":{"footnotes":""},"categories":[18],"tags":[],"class_list":["post-261868","post","type-post","status-publish","format-standard","hentry","category-economia"],"_links":{"self":[{"href":"https:\/\/diariodominicano.com\/index.php?rest_route=\/wp\/v2\/posts\/261868","targetHints":{"allow":["GET"]}}],"collection":[{"href":"https:\/\/diariodominicano.com\/index.php?rest_route=\/wp\/v2\/posts"}],"about":[{"href":"https:\/\/diariodominicano.com\/index.php?rest_route=\/wp\/v2\/types\/post"}],"author":[{"embeddable":true,"href":"https:\/\/diariodominicano.com\/index.php?rest_route=\/wp\/v2\/users\/3"}],"replies":[{"embeddable":true,"href":"https:\/\/diariodominicano.com\/index.php?rest_route=%2Fwp%2Fv2%2Fcomments&post=261868"}],"version-history":[{"count":0,"href":"https:\/\/diariodominicano.com\/index.php?rest_route=\/wp\/v2\/posts\/261868\/revisions"}],"wp:attachment":[{"href":"https:\/\/diariodominicano.com\/index.php?rest_route=%2Fwp%2Fv2%2Fmedia&parent=261868"}],"wp:term":[{"taxonomy":"category","embeddable":true,"href":"https:\/\/diariodominicano.com\/index.php?rest_route=%2Fwp%2Fv2%2Fcategories&post=261868"},{"taxonomy":"post_tag","embeddable":true,"href":"https:\/\/diariodominicano.com\/index.php?rest_route=%2Fwp%2Fv2%2Ftags&post=261868"}],"curies":[{"name":"wp","href":"https:\/\/api.w.org\/{rel}","templated":true}]}}