{"id":261867,"date":"2020-12-02T16:24:31","date_gmt":"2020-12-02T16:24:31","guid":{"rendered":"http:\/\/diariodominicano.ddns.net\/?p=261867"},"modified":"2020-12-02T16:24:31","modified_gmt":"2020-12-02T16:24:31","slug":"micm-y-la-airen-ponen-en-marcha-programa-para-el-desarrollo-de-las-industrias-familiares-manufactureras-de-la-region-norte","status":"publish","type":"post","link":"https:\/\/diariodominicano.com\/?p=261867","title":{"rendered":"MICM y la AIREN ponen en marcha programa para el desarrollo de las industrias familiares manufactureras de la Regi\u00f3n Norte"},"content":{"rendered":"<p><body><\/p>\n<p><img decoding=\"async\" src=\"http:\/\/localhost:8080\/img3\/8663.jpg\" \/><br \/><img decoding=\"async\" src=\"http:\/\/localhost:8080\/img3\/2184.jpg\" \/><br \/><img decoding=\"async\" src=\"http:\/\/localhost:8080\/img3\/0477.jpg\" \/>  <\/p>\n<p><strong>Diariodominicano.com<\/strong><\/p>\n<p><strong> Ministro Bison\u00f3 saluda a los asesores del programa.<\/strong><\/p>\n<p><strong>MICM y la AIREN ponen en marcha programa para el desarrollo de las industrias familiares manufactureras de la Regi\u00f3n Norte<\/strong><\/p>\n<p><strong> <\/strong><\/p>\n<p><strong>SANTIAGO.- <\/strong>El Ministerio de Industria, Comercio y Mipymes (MICM) y la Asociaci\u00f3n de Industriales de la Regi\u00f3n Norte (AIREN) firmaron un acuerdo para impulsar el desarrollo y la sostenibilidad de industrias familiares manufactureras, agrupadas en el Centro de Desarrollo de las Empresas Familiares (CDEF).<\/p>\n<\/p>\n<p>Con el convenio,  presentado este martes, ambas instituciones ponen en marcha el \u00abPrograma de Desarrollo para Industrias Familiares Manufactureras\u00bb, el cual contar\u00e1 con un fondo para su ejecuci\u00f3n por dos a\u00f1os de 107,900 d\u00f3lares, con un aporte de un 49 por ciento del MICM y 51 por ciento de la AIREN.<\/p>\n<\/p>\n<p>El ministro del MICM, V\u00edctor ?Ito- Bison\u00f3, se\u00f1al\u00f3 que entre el 80 y el 90 por ciento de las empresas dominicanas son familiares, por lo que constituyen un pilar fundamental de la econom\u00eda con impacto directo en el mercado laboral y en el Producto Interno Bruto, llegando a aportar hasta un 27 por ciento.  <\/p>\n<\/p>\n<p>Resalt\u00f3 que de las empresas familiares que nacen \u00abel mayor porcentaje no llegan a una segunda generaci\u00f3n y solo unas pocas alcanza la tercera\u00bb, y detall\u00f3 que esa situaci\u00f3n se debe a la falta de planificaci\u00f3n de la sucesi\u00f3n, a la escasa profesionalizaci\u00f3n y al alto nivel de conflictos presentes en la familia.<\/p>\n<\/p>\n<p>En ese sentido, agreg\u00f3 que el objetivo del programa es fortalecer las capacidades de organizaci\u00f3n, ejecuci\u00f3n, comunicaci\u00f3n, di\u00e1logo y consenso de industrias pymes familiares manufactureras para garantizar su continuidad en el tiempo, y explic\u00f3 que el programa inicia con siete pymes de La Vega, Santiago, Valverde y Moca.<\/p>\n<\/p>\n<p>\u00abEl programa que hoy presentamos reafirma el compromiso del Gobierno de impulsar la productividad, competitividad y sostenibilidad en el pa\u00eds, especialmente en las peque\u00f1as y medianas industrias\u00bb, dijo.<\/p>\n<\/p>\n<p>De su lado, Juan Bautista Ventura Pichardo, presidente de la AIREN, precis\u00f3 que las empresas familiares constituyen la mayor parte del tejido empresarial, no solo de la Regi\u00f3n Norte, sino del pa\u00eds y el mundo.<\/p>\n<\/p>\n<p>Ventura expres\u00f3 \u00abagradecemos al Ministro Ito Bison\u00f3 y con \u00e9l, al viceministro Fantino Polanco y a todo su equipo, por abrazar este objetivo junto a nosotros. Estamos seguros, que el a\u00f1o pr\u00f3ximo, cuando escuchen los testimonios de las 8 empresas beneficiarias, este acuerdo que apenas inicia, ser\u00e1 mayor y mejor.\u00bb<\/p>\n<\/p>\n<p>Asimismo, afirm\u00f3 que por su naturaleza, las empresas familiares tienen riesgos y virtudes que le son propias y que su continuidad no es un tema de simple transici\u00f3n de la propiedad de un accionista a otro, sino que implica elementos de sucesi\u00f3n generacional en la direcci\u00f3n de algunos de sus \u00f3rganos de gobierno que le imprimen una mayor vulnerabilidad.  <\/p>\n<\/p>\n<p>Por \u00faltimo, enumer\u00f3 algunas de las ventajas de este tipo de compa\u00f1\u00edas, entre las cuales destacan mayores probabilidades de sobrevivir en tiempos de crisis, ofrecen espacios de desarrollo profesional para los descendientes de los fundadores y crean v\u00ednculos s\u00f3lidos con las comunidades en las que se encuentran ubicadas.<\/p>\n<\/p>\n<p>Al cierre del acto Enrique Bordas, gerente general de la empresa de bebidas alcoh\u00f3licas Isidro Bordas, cont\u00f3 su experiencia en el programa y dijo que como resultado de las asesor\u00edas, se regularon las remuneraciones para que sean justas, se crearon las pautas para abordar las oportunidades de mejora y futuros planes de sucesi\u00f3n.<\/p>\n<\/p>\n<p>DIRECCI\u00d3N DE COMUNICACI\u00d3N<\/p>\n<p> 01 de diciembre de 2020<\/p>\n<\/p>\n<p>Pies de foto:<\/p>\n<\/p>\n<p>8663. Ministro Bison\u00f3 saluda a los asesores del programa.<\/p>\n<\/p>\n<p>0477. Enrique Bordas, gerente general de Isidro Bordas, cuenta su experiencia como tercera generaci\u00f3n de la empresa.<\/p>\n<\/p>\n<p>2184. Juan Ventura Pichardo, presidente de la AIREN; V\u00edctor Bison\u00f3, ministro del MICM; y Ricardo Brugal, durante la firma del acuerdo.<\/p>\n<\/p>\n<h6> 2020-12-02 16:24:31 <\/h6>\n<p><!--\n<link rel=\"stylesheet\" href=\"css\/bootstrap.min.css\">\n\n\n<ul class=\"pagination\">\n\t    \n\t\n\n<li >\n\t<a href='?page_no=66'>Previous<\/a>\n\t<\/li>\n\n\n       \n    \n\n<li><a href='?page_no=1'>1<\/a><\/li>\n\n\n\n<li><a href='?page_no=2'>2<\/a><\/li>\n\n\n\n<li><a>...<\/a><\/li>\n\n\n\n<li><a href='?page_no=65'>65<\/a><\/li>\n\n\n\n<li><a href='?page_no=66'>66<\/a><\/li>\n\n\n\n<li class='active'><a>67<\/a><\/li>\n\n\n\n<li><a href='?page_no=68'>68<\/a><\/li>\n\n\n\n<li><a href='?page_no=69'>69<\/a><\/li>\n\n\n\n<li><a>...<\/a><\/li>\n\n\n\n<li><a href='?page_no=71'>71<\/a><\/li>\n\n\n\n<li><a href='?page_no=72'>72<\/a><\/li>\n\n    \n\t\n\n<li >\n\t<a href='?page_no=68'>Next<\/a>\n\t<\/li>\n\n\n    \n\n<li><a href='?page_no=72'>Last &rsaquo;&rsaquo;<\/a><\/li>\n\n<\/ul>\n\n\n--><br \/>\n<\/body><\/p>\n","protected":false},"excerpt":{"rendered":"<p>Diariodominicano.com Ministro Bison\u00f3 saluda a los asesores del programa. MICM y la AIREN ponen en marcha programa para el desarrollo de las industrias familiares manufactureras de la Regi\u00f3n Norte SANTIAGO.- El Ministerio de Industria, Comercio y Mipymes (MICM) y la Asociaci\u00f3n de Industriales de la Regi\u00f3n Norte (AIREN) firmaron un acuerdo para impulsar el desarrollo [&hellip;]<\/p>\n","protected":false},"author":3,"featured_media":0,"comment_status":"open","ping_status":"open","sticky":false,"template":"","format":"standard","meta":{"footnotes":""},"categories":[18],"tags":[],"class_list":["post-261867","post","type-post","status-publish","format-standard","hentry","category-economia"],"_links":{"self":[{"href":"https:\/\/diariodominicano.com\/index.php?rest_route=\/wp\/v2\/posts\/261867","targetHints":{"allow":["GET"]}}],"collection":[{"href":"https:\/\/diariodominicano.com\/index.php?rest_route=\/wp\/v2\/posts"}],"about":[{"href":"https:\/\/diariodominicano.com\/index.php?rest_route=\/wp\/v2\/types\/post"}],"author":[{"embeddable":true,"href":"https:\/\/diariodominicano.com\/index.php?rest_route=\/wp\/v2\/users\/3"}],"replies":[{"embeddable":true,"href":"https:\/\/diariodominicano.com\/index.php?rest_route=%2Fwp%2Fv2%2Fcomments&post=261867"}],"version-history":[{"count":0,"href":"https:\/\/diariodominicano.com\/index.php?rest_route=\/wp\/v2\/posts\/261867\/revisions"}],"wp:attachment":[{"href":"https:\/\/diariodominicano.com\/index.php?rest_route=%2Fwp%2Fv2%2Fmedia&parent=261867"}],"wp:term":[{"taxonomy":"category","embeddable":true,"href":"https:\/\/diariodominicano.com\/index.php?rest_route=%2Fwp%2Fv2%2Fcategories&post=261867"},{"taxonomy":"post_tag","embeddable":true,"href":"https:\/\/diariodominicano.com\/index.php?rest_route=%2Fwp%2Fv2%2Ftags&post=261867"}],"curies":[{"name":"wp","href":"https:\/\/api.w.org\/{rel}","templated":true}]}}