{"id":261866,"date":"2020-12-02T20:29:11","date_gmt":"2020-12-02T20:29:11","guid":{"rendered":"http:\/\/diariodominicano.ddns.net\/?p=261866"},"modified":"2020-12-02T20:29:11","modified_gmt":"2020-12-02T20:29:11","slug":"ministerio-de-la-presidencia-y-amchamdr-acuerdan-agenda-comun-para-inversion-en-republica-dominicana","status":"publish","type":"post","link":"https:\/\/diariodominicano.com\/?p=261866","title":{"rendered":"Ministerio de la Presidencia y AMCHAMDR acuerdan agenda com\u00fan para inversi\u00f3n en Rep\u00fablica Dominicana"},"content":{"rendered":"<p><body><\/p>\n<p><img decoding=\"async\" src=\"http:\/\/localhost:8080\/img3\/Minpre2-12-20.jpeg\" \/>  <\/p>\n<p><span class=\"text1noticias\">diariodominicano.com<\/span><\/p>\n<p><span class=\"text1noticias\"> <\/span><\/p>\n<p><span class=\"text1noticias\">Santo Domingo, R. D., 2 de diciembre, 2020.- El Ministerio de la Presidencia (MINPRE) y la C\u00e1mara Americana de Comercio de la Rep\u00fablica Dominicana (AMCHAMDR) firmaron este mi\u00e9rcoles un Memor\u00e1ndum de Entendimiento que servir\u00e1 de gu\u00eda para las mesas de trabajo responsables de dar seguimiento a los ejes que componen la alianza estrat\u00e9gica establecida por ambas instituciones.<\/span><\/p>\n<p><span class=\"text1noticias\"> <\/span><\/p>\n<p><span class=\"text1noticias\">El Ministro de la Presidencia, Lisandro Macarrulla, resalt\u00f3 la importancia de las alianzas p\u00fablico-privadas que fortalecen las oportunidades de crecimiento de la econom\u00eda dominicana.<\/span><\/p>\n<p><span class=\"text1noticias\"> <\/span><\/p>\n<p><span class=\"text1noticias\">\u00abLos objetivos que buscamos lograr a trav\u00e9s de estas mesas de trabajo ser\u00e1n determinantes para el crecimiento de las actividades comerciales y la inversi\u00f3n de capital extranjero en nuestro pa\u00eds\u00bb, expres\u00f3 Macarrulla.<\/span><\/p>\n<p><span class=\"text1noticias\"> <\/span><\/p>\n<p><span class=\"text1noticias\">Ram\u00f3n Ortega, presidente del Consejo de Directores de AMCHAMDR, destac\u00f3 la impronta que deja en la sociedad dominicana el ministro de la Presidencia, Lisandro Macarrulla, al asumir compromisos como la firma de este acuerdo, que crean un clima favorable a la inversi\u00f3n en nuestro pa\u00eds a trav\u00e9s de los principales fundamentos de trabajo de la organizaci\u00f3n que dirige.<\/span><\/p>\n<p><span class=\"text1noticias\"> <\/span><\/p>\n<p><span class=\"text1noticias\">Asimismo, Ortega explic\u00f3 que los objetivos del memor\u00e1ndum son establecer acciones puntuales, orientadas a \u00abpromover a la Rep\u00fablica Dominicana como Centro Log\u00edstico Regional; la atracci\u00f3n de inversi\u00f3n extranjera a trav\u00e9s de mecanismos de externalizaci\u00f3n de actividades comerciales o \u00abNearshore\u00bb; la reducci\u00f3n de trabas burocr\u00e1ticas y la transformaci\u00f3n digital\u00bb.<\/span><\/p>\n<p><span class=\"text1noticias\"> <\/span><\/p>\n<p><span class=\"text1noticias\">Durante el encuentro se indic\u00f3 que los comit\u00e9s de trabajo est\u00e1n compuestos por l\u00edderes profesionales de las empresas m\u00e1s prestigiosas del pa\u00eds en materia de tecnolog\u00edas de informaci\u00f3n y comunicaci\u00f3n, asuntos legales, facilitaci\u00f3n de comercio, sostenibilidad y energ\u00eda, cuyos aportes a la sociedad se manifiestan a trav\u00e9s de la difusi\u00f3n de conocimientos y buenas pr\u00e1cticas como la \u00abGu\u00eda del Inversionista\u00bb y los \u00abTalleres de Sostenibilidad\u00bb.<\/span><\/p>\n<p><span class=\"text1noticias\"> <\/span><\/p>\n<p><span class=\"text1noticias\">En ese sentido, se destaca que, bajo el liderazgo del Comit\u00e9 de Facilitaci\u00f3n de Comercio, AMCHAMDR ostenta la calidad de secretario del Comit\u00e9 Nacional de Facilitaci\u00f3n de Comercio, asumiendo la responsabilidad del cumplimiento de los compromisos derivados a partir del Acuerdo de Bali, a trav\u00e9s de la coordinaci\u00f3n de proyectos y estrategias consensuadas por los distintos sectores que lo integran.<\/span><\/p>\n<p><span class=\"text1noticias\"> <\/span><\/p>\n<p><span class=\"text1noticias\">La firma del Memor\u00e1ndum de Entendimiento se realiz\u00f3 en el Sal\u00f3n Los Trinitarios del Palacio Nacional, y cont\u00f3 con la presencia del vicepresidente AMCHAMDR, William Malamud; Perla de la Rosa, coordinadora del comit\u00e9 nacional de facilitaci\u00f3n de comercio de AMCHAMDR, as\u00ed como Jos\u00e9 J\u00f3ribe Castillo y Carmen Minaya, miembros de la secretaria t\u00e9cnica.<\/span><\/p>\n<p><span class=\"text1noticias\"> <\/span><\/p>\n<p><span class=\"text1noticias\">En representaci\u00f3n de la mesa de trabajo para el sector Hub Log\u00edstico, estuvieron presentes por parte del gobierno Andr\u00e9s Lugo, Jean Luis Rodr\u00edguez y Johannes Kelner y de manera virtual, por parte de AMCHAMDR, Alexander Schad.<\/span><\/p>\n<p><span class=\"text1noticias\"> <\/span><\/p>\n<p><span class=\"text1noticias\">En tanto que en la prioridad de atracci\u00f3n de inversi\u00f3n extranjera o Nearshore, asistieron desde el AMCHAM-DR William Malamud y desde el Estado, Hugo Rivera, Miguel N\u00fa\u00f1ez Quezada.<\/span><\/p>\n<p><span class=\"text1noticias\"> <\/span><\/p>\n<p><span class=\"text1noticias\">Trabajando la transformaci\u00f3n digital AMCHAM-DR estuvo representado por Mar\u00eda Waleska \u00c1lvarez, y del Gobierno Pedro Quezada, quien es director de la Oficina Presidencial de Tecnolog\u00edas de la Informaci\u00f3n y Comunicaci\u00f3n (Optic) y Jos\u00e9 David Montilla, viceministro de Agen<\/span>da Digital.<\/p>\n<\/p>\n<p><span class=\"text1noticias\">Fuente: Presidencia de la Rep\u00fablica Dominicana<\/span><\/p>\n<p><span class=\"text1noticias\">Noticias<\/span><\/p>\n<\/p>\n<h6> 2020-12-02 20:29:11 <\/h6>\n<p><!--\n<link rel=\"stylesheet\" href=\"css\/bootstrap.min.css\">\n\n\n<ul class=\"pagination\">\n\t    \n\t\n\n<li >\n\t<a href='?page_no=65'>Previous<\/a>\n\t<\/li>\n\n\n       \n    \n\n<li><a href='?page_no=1'>1<\/a><\/li>\n\n\n\n<li><a href='?page_no=2'>2<\/a><\/li>\n\n\n\n<li><a>...<\/a><\/li>\n\n\n\n<li><a href='?page_no=64'>64<\/a><\/li>\n\n\n\n<li><a href='?page_no=65'>65<\/a><\/li>\n\n\n\n<li class='active'><a>66<\/a><\/li>\n\n\n\n<li><a href='?page_no=67'>67<\/a><\/li>\n\n\n\n<li><a href='?page_no=68'>68<\/a><\/li>\n\n\n\n<li><a>...<\/a><\/li>\n\n\n\n<li><a href='?page_no=71'>71<\/a><\/li>\n\n\n\n<li><a href='?page_no=72'>72<\/a><\/li>\n\n    \n\t\n\n<li >\n\t<a href='?page_no=67'>Next<\/a>\n\t<\/li>\n\n\n    \n\n<li><a href='?page_no=72'>Last &rsaquo;&rsaquo;<\/a><\/li>\n\n<\/ul>\n\n\n--><br \/>\n<\/body><\/p>\n","protected":false},"excerpt":{"rendered":"<p>diariodominicano.com Santo Domingo, R. D., 2 de diciembre, 2020.- El Ministerio de la Presidencia (MINPRE) y la C\u00e1mara Americana de Comercio de la Rep\u00fablica Dominicana (AMCHAMDR) firmaron este mi\u00e9rcoles un Memor\u00e1ndum de Entendimiento que servir\u00e1 de gu\u00eda para las mesas de trabajo responsables de dar seguimiento a los ejes que componen la alianza estrat\u00e9gica establecida [&hellip;]<\/p>\n","protected":false},"author":3,"featured_media":0,"comment_status":"open","ping_status":"open","sticky":false,"template":"","format":"standard","meta":{"footnotes":""},"categories":[18],"tags":[],"class_list":["post-261866","post","type-post","status-publish","format-standard","hentry","category-economia"],"_links":{"self":[{"href":"https:\/\/diariodominicano.com\/index.php?rest_route=\/wp\/v2\/posts\/261866","targetHints":{"allow":["GET"]}}],"collection":[{"href":"https:\/\/diariodominicano.com\/index.php?rest_route=\/wp\/v2\/posts"}],"about":[{"href":"https:\/\/diariodominicano.com\/index.php?rest_route=\/wp\/v2\/types\/post"}],"author":[{"embeddable":true,"href":"https:\/\/diariodominicano.com\/index.php?rest_route=\/wp\/v2\/users\/3"}],"replies":[{"embeddable":true,"href":"https:\/\/diariodominicano.com\/index.php?rest_route=%2Fwp%2Fv2%2Fcomments&post=261866"}],"version-history":[{"count":0,"href":"https:\/\/diariodominicano.com\/index.php?rest_route=\/wp\/v2\/posts\/261866\/revisions"}],"wp:attachment":[{"href":"https:\/\/diariodominicano.com\/index.php?rest_route=%2Fwp%2Fv2%2Fmedia&parent=261866"}],"wp:term":[{"taxonomy":"category","embeddable":true,"href":"https:\/\/diariodominicano.com\/index.php?rest_route=%2Fwp%2Fv2%2Fcategories&post=261866"},{"taxonomy":"post_tag","embeddable":true,"href":"https:\/\/diariodominicano.com\/index.php?rest_route=%2Fwp%2Fv2%2Ftags&post=261866"}],"curies":[{"name":"wp","href":"https:\/\/api.w.org\/{rel}","templated":true}]}}