{"id":261865,"date":"2020-12-03T10:51:04","date_gmt":"2020-12-03T10:51:04","guid":{"rendered":"http:\/\/diariodominicano.ddns.net\/?p=261865"},"modified":"2020-12-03T10:51:04","modified_gmt":"2020-12-03T10:51:04","slug":"presidente-abinader-promulga-ley-de-presupuesto-general-del-estado-para-el-ejercicio-presupuestario-del-2021","status":"publish","type":"post","link":"https:\/\/diariodominicano.com\/?p=261865","title":{"rendered":"Presidente Abinader promulga Ley de Presupuesto General del Estado para el ejercicio presupuestario del 2021"},"content":{"rendered":"<p><body><\/p>\n<p><img decoding=\"async\" src=\"http:\/\/localhost:8080\/img3\/Palacio puerta3-12-20.jpg\" \/>  <\/p>\n<p><span class=\"text1noticias\">diariodominicano.com<\/span><\/p>\n<p><span class=\"text1noticias\"> <\/span><\/p>\n<p><span class=\"text1noticias\">Santo Domingo, R. D., 3 de diciembre, 2020.-  El presidente Luis Abinader promulg\u00f3 este mi\u00e9rcoles la Ley de Presupuesto General del Estado para el Ejercicio Presupuestario del a\u00f1o 2021, luego de su conocimiento y debates en el Congreso Nacional.<\/span><\/p>\n<p><span class=\"text1noticias\"> <\/span><\/p>\n<p><span class=\"text1noticias\">\u00abPromulgo la presente ley y mando que sea publicada en la Gaceta Oficial, para su conocimiento y ejecuci\u00f3n\u00bb, consta en la promulgaci\u00f3n con la firma del presidente Abinader.<\/span><\/p>\n<p><span class=\"text1noticias\"> <\/span><\/p>\n<p><span class=\"text1noticias\">Ley General de Presupuesto del Estado 2021, la 237-20, por un monto de un bill\u00f3n 94 mil 808 millones 402 mil pesos, iniciativa del Poder Ejecutivo, se hab\u00eda aprobado en dos sesiones consecutivas del Senado el 1 de diciembre.<\/span><\/p>\n<p><span class=\"text1noticias\"> <\/span><\/p>\n<p><span class=\"text1noticias\">Previamente, el 25 de noviembre pasado, hab\u00eda sido aprobada por la C\u00e1mara de Diputados en segunda lectura.<\/span><\/p>\n<p><span class=\"text1noticias\"> <\/span><\/p>\n<p><span class=\"text1noticias\">La Ley, dada en la sala de sesiones del Senado de la Rep\u00fablica, incluye entre sus considerandos que en el programa de Gobierno se consigna alinear los objetivos de las pol\u00edticas p\u00fablicas a las necesidades de la gente.<\/span><\/p>\n<p><span class=\"text1noticias\"> <\/span><\/p>\n<p><span class=\"text1noticias\">Firman la ley el presidente del Senado, Eduardo Estrella; Ginette Bournigal y L\u00eda Ynocencia D\u00edaz Santana, secretarias de ese hemiciclo.<\/span><\/p>\n<p><span class=\"text1noticias\"> <\/span><\/p>\n<p><span class=\"text1noticias\">Tambi\u00e9n se consider\u00f3 que el Poder Ejecutivo tiene la firme disposici\u00f3n de realizar una verdadera gesti\u00f3n del Plan de Gobierno, la Estrategia Nacional de Desarrollo y la Agenda ODS 2030, vinculando la planificaci\u00f3n con el presupuesto.<\/span><\/p>\n<p><span class=\"text1noticias\"> <\/span><\/p>\n<p><span class=\"text1noticias\">Corresponde al Poder Ejecutivo la elaboraci\u00f3n del proyecto de Ley de Presupuesto General del Estado, el cual contempla los ingresos probables, los gastos propuestos y el financiamiento requerido, realizado en un marco de sostenibilidad fiscal, asegurando que el endeudamiento p\u00fablico sea compatible con la capacidad de pago del Estado.<\/span><\/p>\n<p><span class=\"text1noticias\"> <\/span><\/p>\n<p><span class=\"text1noticias\">\u00abConsiderando segundo: Que el Estado debe realizar una asignaci\u00f3n equitativa del gasto p\u00fablico en el territorio, y su planificaci\u00f3n, programaci\u00f3n, ejecuci\u00f3n y evaluaci\u00f3n responder\u00e1n a los principios de subsidiaridad y transparencia, as\u00ed como a los criterios de eficiencia, prioridad y econom\u00eda\u00bb, tambi\u00e9n se tom\u00f3 en cuenta para la aprobaci\u00f3n de la ley.<\/span><\/p>\n<p><span class=\"text1noticias\"> <\/span><\/p>\n<p><span class=\"text1noticias\">Medidas ante el COVID-19<\/span><\/p>\n<p><span class=\"text1noticias\"> <\/span><\/p>\n<p><span class=\"text1noticias\">Para a aprobaci\u00f3n presupuestaria tambi\u00e9n se tom\u00f3 en cuenta la crisis econ\u00f3mica provocada por COVID-19, por lo que el Gobierno dominicano est\u00e1 comprometido a realizar medidas corto plazo tendente a eficientizar y elevar la calidad del gasto p\u00fablico, orientando su acci\u00f3n a la protecci\u00f3n de los sectores con vulnerabilidad.<\/span><\/p>\n<p><span class=\"text1noticias\"> <\/span><\/p>\n<p><span class=\"text1noticias\">Este contexto socioecon\u00f3mico actual, se consider\u00f3, obliga a que exista una mayor responsabilidad compartida entre el Estado y la ciudadan\u00eda en su conjunto con el objetivo de mitigar la prolongaci\u00f3n de los efectos de la pandemia en los sectores econ\u00f3micos e impulsar al crecimiento sostenible para el desarr<\/span>ollo humano.<\/p>\n<h6> 2020-12-03 10:51:04 <\/h6>\n<p><!--\n<link rel=\"stylesheet\" href=\"css\/bootstrap.min.css\">\n\n\n<ul class=\"pagination\">\n\t    \n\t\n\n<li >\n\t<a href='?page_no=64'>Previous<\/a>\n\t<\/li>\n\n\n       \n    \n\n<li><a href='?page_no=1'>1<\/a><\/li>\n\n\n\n<li><a href='?page_no=2'>2<\/a><\/li>\n\n\n\n<li><a>...<\/a><\/li>\n\n\n\n<li><a href='?page_no=63'>63<\/a><\/li>\n\n\n\n<li><a href='?page_no=64'>64<\/a><\/li>\n\n\n\n<li class='active'><a>65<\/a><\/li>\n\n\n\n<li><a href='?page_no=66'>66<\/a><\/li>\n\n\n\n<li><a href='?page_no=67'>67<\/a><\/li>\n\n\n\n<li><a>...<\/a><\/li>\n\n\n\n<li><a href='?page_no=71'>71<\/a><\/li>\n\n\n\n<li><a href='?page_no=72'>72<\/a><\/li>\n\n    \n\t\n\n<li >\n\t<a href='?page_no=66'>Next<\/a>\n\t<\/li>\n\n\n    \n\n<li><a href='?page_no=72'>Last &rsaquo;&rsaquo;<\/a><\/li>\n\n<\/ul>\n\n\n--><br \/>\n<\/body><\/p>\n","protected":false},"excerpt":{"rendered":"<p>diariodominicano.com Santo Domingo, R. D., 3 de diciembre, 2020.- El presidente Luis Abinader promulg\u00f3 este mi\u00e9rcoles la Ley de Presupuesto General del Estado para el Ejercicio Presupuestario del a\u00f1o 2021, luego de su conocimiento y debates en el Congreso Nacional. \u00abPromulgo la presente ley y mando que sea publicada en la Gaceta Oficial, para su [&hellip;]<\/p>\n","protected":false},"author":3,"featured_media":0,"comment_status":"open","ping_status":"open","sticky":false,"template":"","format":"standard","meta":{"footnotes":""},"categories":[18],"tags":[],"class_list":["post-261865","post","type-post","status-publish","format-standard","hentry","category-economia"],"_links":{"self":[{"href":"https:\/\/diariodominicano.com\/index.php?rest_route=\/wp\/v2\/posts\/261865","targetHints":{"allow":["GET"]}}],"collection":[{"href":"https:\/\/diariodominicano.com\/index.php?rest_route=\/wp\/v2\/posts"}],"about":[{"href":"https:\/\/diariodominicano.com\/index.php?rest_route=\/wp\/v2\/types\/post"}],"author":[{"embeddable":true,"href":"https:\/\/diariodominicano.com\/index.php?rest_route=\/wp\/v2\/users\/3"}],"replies":[{"embeddable":true,"href":"https:\/\/diariodominicano.com\/index.php?rest_route=%2Fwp%2Fv2%2Fcomments&post=261865"}],"version-history":[{"count":0,"href":"https:\/\/diariodominicano.com\/index.php?rest_route=\/wp\/v2\/posts\/261865\/revisions"}],"wp:attachment":[{"href":"https:\/\/diariodominicano.com\/index.php?rest_route=%2Fwp%2Fv2%2Fmedia&parent=261865"}],"wp:term":[{"taxonomy":"category","embeddable":true,"href":"https:\/\/diariodominicano.com\/index.php?rest_route=%2Fwp%2Fv2%2Fcategories&post=261865"},{"taxonomy":"post_tag","embeddable":true,"href":"https:\/\/diariodominicano.com\/index.php?rest_route=%2Fwp%2Fv2%2Ftags&post=261865"}],"curies":[{"name":"wp","href":"https:\/\/api.w.org\/{rel}","templated":true}]}}