{"id":261863,"date":"2020-12-04T00:22:37","date_gmt":"2020-12-04T00:22:37","guid":{"rendered":"http:\/\/diariodominicano.ddns.net\/?p=261863"},"modified":"2020-12-04T00:22:37","modified_gmt":"2020-12-04T00:22:37","slug":"altice-invertira-mas-de-rd30000-millones-en-el-pais-en-los-proximos-cuatro-anos","status":"publish","type":"post","link":"https:\/\/diariodominicano.com\/?p=261863","title":{"rendered":"ALTICE invertir\u00e1 m\u00e1s de RD$30,000 millones en el pa\u00eds en los pr\u00f3ximos cuatro a\u00f1os"},"content":{"rendered":"<p><body><\/p>\n<p><img decoding=\"async\" src=\"http:\/\/localhost:8080\/img3\/altice1.jpg\" \/><br \/><img decoding=\"async\" src=\"http:\/\/localhost:8080\/img3\/altice2.jpg\" \/><br \/><img decoding=\"async\" src=\"http:\/\/localhost:8080\/img3\/altice3.jpg\" \/>  <\/p>\n<p><strong>Diariodominicano.com<\/strong><\/p>\n<p> Ana Figueiredo, vicepresidenta Raquel Pe\u00f1a, presidente Luis Abinader Corona y Patrick Drahi.<\/p>\n<\/p>\n<p><strong>ALTICE invertir\u00e1 m\u00e1s de RD$30,000 millones en el pa\u00eds en los pr\u00f3ximos cuatro a\u00f1os<\/strong><\/p>\n<p><strong>La empresa de telecomunicaciones reitera su compromiso de contribuir al desarrollo de Rep\u00fablica Dominicana a trav\u00e9s del emprendimiento tecnol\u00f3gico, la reducci\u00f3n de la brecha digital y la democratizaci\u00f3n de los servicios tecnol\u00f3gicos<\/strong><\/p>\n<p><strong>Santo Domingo.<\/strong> La empresa de telecomunicaci\u00f3n Altice Dominicana invertir\u00e1 en el pa\u00eds m\u00e1s de RD$30,000 millones en los pr\u00f3ximos cuatro a\u00f1os, para contribuir con el relanzamiento de la econom\u00eda nacional en beneficio de cada uno de los dominicanos y las dominicanas.<\/p>\n<\/p>\n<p><strong>As\u00ed lo dio a conocer el fundador y presidente global de la empresa, Patrick Drahi, durante un encuentro realizado en el Palacio Nacional con el presidente de la Rep\u00fablica Dominicana, Luis Abinader y la vicepresidenta Raquel Pe\u00f1a. En este encuentro tambi\u00e9n particip\u00f3 la CEO de Altice Dominicana, Ana Figueiredo.<\/strong><\/p>\n<\/p>\n<p>\u00abNuestra confianza en el pa\u00eds es tal, que estamos en la disposici\u00f3n de asegurar una inversi\u00f3n m\u00ednima anual de m\u00e1s de 7,000 millones de pesos por los pr\u00f3ximos cuatro a\u00f1os, lo que representa una inversi\u00f3n directa al desarrollo de las telecomunicaciones del pa\u00eds de 30,000 millones de pesos en cuatro a\u00f1os\u00bb, sostuvo el empresario.<\/p>\n<\/p>\n<p><strong>Productos y servicios de calidad mundial<\/strong><\/p>\n<p>Patrick Drahi indic\u00f3 que la Rep\u00fablica Dominicana es un mercado con un alto potencial de crecimiento. Por eso, desde la llegada de Altice al pa\u00eds hace seis a\u00f1os, han invertido m\u00e1s de 44,700 millones de pesos en redes, infraestructuras tecnol\u00f3gicas, plataformas y equipos. <\/p>\n<\/p>\n<p>Patrick Drahi, due\u00f1o principal de Altice Dominicana, que beneficia a m\u00e1s de cuatro millones de dominicanos con productos y servicios de calidad mundial, tiene inter\u00e9s en realizar aportes en proyectos prioritarios del Gobierno dominicano, as\u00ed como en explorar nuevas oportunidades de inversi\u00f3n adicionales al sector de telecomunicaciones. <\/p>\n<\/p>\n<p>Altice Dominicana se encuentra dentro de las 10 empresas extranjeras de mayor inversi\u00f3n, y la l\u00edder dentro del grupo de empresas europeas en Rep\u00fablica Dominicana. <\/p>\n<\/p>\n<p>Asimismo, la empresa de telecomunicaciones en cumplimiento de su compromiso en aportar al desarrollo del pa\u00eds a trav\u00e9s del emprendimiento tecnol\u00f3gico, la reducci\u00f3n de la brecha digital y la democratizaci\u00f3n de los servicios tecnol\u00f3gicos, genera m\u00e1s de 5,000 empleos directos e indirectos, a quienes desarrolla y capacita de manera permanente, lo que le ha permitido contar con una mano de obra calificada y experta para dar respuesta r\u00e1pida a las necesidades de sus clientes.<\/p>\n<\/p>\n<p>Adem\u00e1s, Altice Dominicana es un ejemplo en la promoci\u00f3n de la inclusi\u00f3n e igualdad de oportunidades entre hombres y mujeres, al mismo tiempo que apuesta el talento de la juventud, a quien le ofrece oportunidades de crecimiento y es la raz\u00f3n por la que el 62% de la organizaci\u00f3n est\u00e1 integrada por millennials.<\/p>\n<\/p>\n<p><strong>Acerca de Altice Europa<\/strong><\/p>\n<p>Altice Europe (ATC &amp; ATCB), que cotiza en Euronext Amsterdam, es un l\u00edder convergente en telecomunicaciones, contenido, medios, entretenimiento y publicidad. <\/p>\n<p>Altice ofrece productos y soluciones innovadoras, centradas en el cliente que le permiten liberar el potencial ilimitado de sus m\u00e1s de 50 millones de clientes a nivel mundial, a trav\u00e9s de la mejor conectividad con su infraestructura de redes de fibra \u00f3ptica y banda ancha m\u00f3vil. Altice tambi\u00e9n es un proveedor de soluciones digitales empresariales para millones de clientes empresariales. La compa\u00f1\u00eda innova con tecnolog\u00eda, investigaci\u00f3n y desarrollo permitiendo a las personas vivir sus pasiones al proporcionar contenido original, programas de televisi\u00f3n atractivos y de alta calidad, y canales de noticias internacionales, nacionales y locales. Altice se destaca por ofrecer eventos deportivos premium de transmisi\u00f3n en vivo a trav\u00e9s de los cuales sus clientes acceden al mundo de entretenimiento de los eventos m\u00e1s conocidos y relevantes.<\/p>\n<\/p>\n<\/p>\n<p> Liza Arzeno \/ larzeno@altice.com.do\/ <\/p>\n<\/p>\n<h6> 2020-12-04 00:22:37 <\/h6>\n<p><!--\n<link rel=\"stylesheet\" href=\"css\/bootstrap.min.css\">\n\n\n<ul class=\"pagination\">\n\t    \n\t\n\n<li >\n\t<a href='?page_no=62'>Previous<\/a>\n\t<\/li>\n\n\n       \n    \n\n<li><a href='?page_no=1'>1<\/a><\/li>\n\n\n\n<li><a href='?page_no=2'>2<\/a><\/li>\n\n\n\n<li><a>...<\/a><\/li>\n\n\n\n<li><a href='?page_no=61'>61<\/a><\/li>\n\n\n\n<li><a href='?page_no=62'>62<\/a><\/li>\n\n\n\n<li class='active'><a>63<\/a><\/li>\n\n\n\n<li><a href='?page_no=64'>64<\/a><\/li>\n\n\n\n<li><a href='?page_no=65'>65<\/a><\/li>\n\n\n\n<li><a>...<\/a><\/li>\n\n\n\n<li><a href='?page_no=71'>71<\/a><\/li>\n\n\n\n<li><a href='?page_no=72'>72<\/a><\/li>\n\n    \n\t\n\n<li >\n\t<a href='?page_no=64'>Next<\/a>\n\t<\/li>\n\n\n    \n\n<li><a href='?page_no=72'>Last &rsaquo;&rsaquo;<\/a><\/li>\n\n<\/ul>\n\n\n--><br \/>\n<\/body><\/p>\n","protected":false},"excerpt":{"rendered":"<p>Diariodominicano.com Ana Figueiredo, vicepresidenta Raquel Pe\u00f1a, presidente Luis Abinader Corona y Patrick Drahi. ALTICE invertir\u00e1 m\u00e1s de RD$30,000 millones en el pa\u00eds en los pr\u00f3ximos cuatro a\u00f1os La empresa de telecomunicaciones reitera su compromiso de contribuir al desarrollo de Rep\u00fablica Dominicana a trav\u00e9s del emprendimiento tecnol\u00f3gico, la reducci\u00f3n de la brecha digital y la democratizaci\u00f3n [&hellip;]<\/p>\n","protected":false},"author":3,"featured_media":0,"comment_status":"open","ping_status":"open","sticky":false,"template":"","format":"standard","meta":{"footnotes":""},"categories":[18],"tags":[],"class_list":["post-261863","post","type-post","status-publish","format-standard","hentry","category-economia"],"_links":{"self":[{"href":"https:\/\/diariodominicano.com\/index.php?rest_route=\/wp\/v2\/posts\/261863","targetHints":{"allow":["GET"]}}],"collection":[{"href":"https:\/\/diariodominicano.com\/index.php?rest_route=\/wp\/v2\/posts"}],"about":[{"href":"https:\/\/diariodominicano.com\/index.php?rest_route=\/wp\/v2\/types\/post"}],"author":[{"embeddable":true,"href":"https:\/\/diariodominicano.com\/index.php?rest_route=\/wp\/v2\/users\/3"}],"replies":[{"embeddable":true,"href":"https:\/\/diariodominicano.com\/index.php?rest_route=%2Fwp%2Fv2%2Fcomments&post=261863"}],"version-history":[{"count":0,"href":"https:\/\/diariodominicano.com\/index.php?rest_route=\/wp\/v2\/posts\/261863\/revisions"}],"wp:attachment":[{"href":"https:\/\/diariodominicano.com\/index.php?rest_route=%2Fwp%2Fv2%2Fmedia&parent=261863"}],"wp:term":[{"taxonomy":"category","embeddable":true,"href":"https:\/\/diariodominicano.com\/index.php?rest_route=%2Fwp%2Fv2%2Fcategories&post=261863"},{"taxonomy":"post_tag","embeddable":true,"href":"https:\/\/diariodominicano.com\/index.php?rest_route=%2Fwp%2Fv2%2Ftags&post=261863"}],"curies":[{"name":"wp","href":"https:\/\/api.w.org\/{rel}","templated":true}]}}