{"id":261860,"date":"2020-12-07T12:47:30","date_gmt":"2020-12-07T12:47:30","guid":{"rendered":"http:\/\/diariodominicano.ddns.net\/?p=261860"},"modified":"2020-12-07T12:47:30","modified_gmt":"2020-12-07T12:47:30","slug":"especialistas-del-ministerio-de-agricultura-ultiman-detalles-para-inicio-zafra-de-arroz","status":"publish","type":"post","link":"https:\/\/diariodominicano.com\/?p=261860","title":{"rendered":"Especialistas del Ministerio de Agricultura ultiman detalles para inicio zafra de arroz"},"content":{"rendered":"<p><body><\/p>\n<p><img decoding=\"async\" src=\"http:\/\/localhost:8080\/img3\/Arroz7-12-20.jpeg\" \/><br \/><img decoding=\"async\" src=\"http:\/\/localhost:8080\/img3\/ArrozAgricultura7-12-20.jpeg\" \/>  <\/p>\n<p> diariodominicano.com<span class=\"text1noticias\"> <\/span><\/p>\n<\/p>\n<p><span class=\"text1noticias\">Santo Domingo, R. D., 7 de diciembre, 2020.- T\u00e9cnicos, directores y encargados de zonas de siete regionales del Ministerio de Agricultura ultimaron detalles para la planificaci\u00f3n y organizaci\u00f3n de la temporada de siembra de arroz 2020-2021.  <\/span><\/p>\n<p><span class=\"text1noticias\"> <\/span><\/p>\n<p><span class=\"text1noticias\">Durante una reuni\u00f3n encabezada por los directores regionales de la zona norte, Pedro Ledesma, y por la del Este, Fausto Tejada, el equipo t\u00e9cnico de la Direcci\u00f3n de Bio-Arroz de la instituci\u00f3n analiz\u00f3 los indicadores de gesti\u00f3n de la producci\u00f3n, a fin de mejorar los datos estad\u00edsticos y proveer informaci\u00f3n precisa sobre el estado de los cultivos a las autoridades del sector arrocero.  <\/span><\/p>\n<p><span class=\"text1noticias\"> <\/span><\/p>\n<p><span class=\"text1noticias\">De igual manera, evaluaron las intervenciones en favor de los agricultores que ejecuta Agricultura para el control de ratas y roedores; las mejoras de las parcelas, que incluyen arreglo de caminos vecinales e infraestructuras de riego; manejo de la sobreoferta; recolecci\u00f3n a granel; uso de la tecnolog\u00eda en la siembra y la seguridad de la cosecha. <\/span><\/p>\n<p><span class=\"text1noticias\"> <\/span><\/p>\n<p><span class=\"text1noticias\">El arroz constituye un cultivo muy especial para la poblaci\u00f3n dominicana, porque es el alimento de mayor consumo y de los que m\u00e1s aportan en garantizar la seguridad alimentaria del pa\u00eds.  <\/span><\/p>\n<p><span class=\"text1noticias\"> <\/span><\/p>\n<p><span class=\"text1noticias\">En apoyo al sector, el ministro de Agricultura, Limber Cruz, anunci\u00f3 recientemente un conjunto de medidas que buscan fortalecer el cultivo del cereal y mantener la estabilidad de la producci\u00f3n, oferta y demanda. <\/span><\/p>\n<p><span class=\"text1noticias\"> <\/span><\/p>\n<p><span class=\"text1noticias\">\u00abPara garantizar la seguridad alimentaria y precios competitivos en el mercado, el sector dispone de un mill\u00f3n 200 mil tareas para siembra, las cuales producen m\u00e1s de 12 millones de quintales anuales e intervienen en el cultivo m\u00e1s de 30 mil productores que proveen m\u00e1s de 800 mil empleos directos e indirectos, de acuerdo con estad\u00edsticas de la entidad\u00bb, dijo el Ministro Cruz<\/span>. <\/p>\n<\/p>\n<p>Fuente: Prensa Agricultura<\/p>\n<p>Ministerio de Agricultura de la Rep\u00fablica Dominicana<\/p>\n<h6> 2020-12-07 12:47:30 <\/h6>\n<p><!--\n<link rel=\"stylesheet\" href=\"css\/bootstrap.min.css\">\n\n\n<ul class=\"pagination\">\n\t    \n\t\n\n<li >\n\t<a href='?page_no=59'>Previous<\/a>\n\t<\/li>\n\n\n       \n    \n\n<li><a href='?page_no=1'>1<\/a><\/li>\n\n\n\n<li><a href='?page_no=2'>2<\/a><\/li>\n\n\n\n<li><a>...<\/a><\/li>\n\n\n\n<li><a href='?page_no=58'>58<\/a><\/li>\n\n\n\n<li><a href='?page_no=59'>59<\/a><\/li>\n\n\n\n<li class='active'><a>60<\/a><\/li>\n\n\n\n<li><a href='?page_no=61'>61<\/a><\/li>\n\n\n\n<li><a href='?page_no=62'>62<\/a><\/li>\n\n\n\n<li><a>...<\/a><\/li>\n\n\n\n<li><a href='?page_no=71'>71<\/a><\/li>\n\n\n\n<li><a href='?page_no=72'>72<\/a><\/li>\n\n    \n\t\n\n<li >\n\t<a href='?page_no=61'>Next<\/a>\n\t<\/li>\n\n\n    \n\n<li><a href='?page_no=72'>Last &rsaquo;&rsaquo;<\/a><\/li>\n\n<\/ul>\n\n\n--><br \/>\n<\/body><\/p>\n","protected":false},"excerpt":{"rendered":"<p>diariodominicano.com Santo Domingo, R. D., 7 de diciembre, 2020.- T\u00e9cnicos, directores y encargados de zonas de siete regionales del Ministerio de Agricultura ultimaron detalles para la planificaci\u00f3n y organizaci\u00f3n de la temporada de siembra de arroz 2020-2021. Durante una reuni\u00f3n encabezada por los directores regionales de la zona norte, Pedro Ledesma, y por la del [&hellip;]<\/p>\n","protected":false},"author":3,"featured_media":0,"comment_status":"open","ping_status":"open","sticky":false,"template":"","format":"standard","meta":{"footnotes":""},"categories":[18],"tags":[],"class_list":["post-261860","post","type-post","status-publish","format-standard","hentry","category-economia"],"_links":{"self":[{"href":"https:\/\/diariodominicano.com\/index.php?rest_route=\/wp\/v2\/posts\/261860","targetHints":{"allow":["GET"]}}],"collection":[{"href":"https:\/\/diariodominicano.com\/index.php?rest_route=\/wp\/v2\/posts"}],"about":[{"href":"https:\/\/diariodominicano.com\/index.php?rest_route=\/wp\/v2\/types\/post"}],"author":[{"embeddable":true,"href":"https:\/\/diariodominicano.com\/index.php?rest_route=\/wp\/v2\/users\/3"}],"replies":[{"embeddable":true,"href":"https:\/\/diariodominicano.com\/index.php?rest_route=%2Fwp%2Fv2%2Fcomments&post=261860"}],"version-history":[{"count":0,"href":"https:\/\/diariodominicano.com\/index.php?rest_route=\/wp\/v2\/posts\/261860\/revisions"}],"wp:attachment":[{"href":"https:\/\/diariodominicano.com\/index.php?rest_route=%2Fwp%2Fv2%2Fmedia&parent=261860"}],"wp:term":[{"taxonomy":"category","embeddable":true,"href":"https:\/\/diariodominicano.com\/index.php?rest_route=%2Fwp%2Fv2%2Fcategories&post=261860"},{"taxonomy":"post_tag","embeddable":true,"href":"https:\/\/diariodominicano.com\/index.php?rest_route=%2Fwp%2Fv2%2Ftags&post=261860"}],"curies":[{"name":"wp","href":"https:\/\/api.w.org\/{rel}","templated":true}]}}