{"id":261857,"date":"2020-12-08T13:13:51","date_gmt":"2020-12-08T13:13:51","guid":{"rendered":"http:\/\/diariodominicano.ddns.net\/?p=261857"},"modified":"2020-12-08T13:13:51","modified_gmt":"2020-12-08T13:13:51","slug":"dgii-mepyd-y-jica-evaluan-avances-de-proyecto-de-cooperacion-internacional","status":"publish","type":"post","link":"https:\/\/diariodominicano.com\/?p=261857","title":{"rendered":"DGII, MEPyD y JICA eval\u00faan avances de Proyecto de Cooperaci\u00f3n Internacional"},"content":{"rendered":"<p><body><\/p>\n<p><img decoding=\"async\" src=\"http:\/\/localhost:8080\/img3\/DGII8-12-20.jpg\" \/>  <\/p>\n<p><span class=\"text1noticias\">diariodominicano.com <\/span><\/p>\n<p><span class=\"text1noticias\"> <\/span><\/p>\n<p><span class=\"text1noticias\">Santo Domingo, R. D., 8 de diciembre, 2020.-  La Direcci\u00f3n General de Impuestos Internos (DGII), el Ministerio de Econom\u00eda, Planificaci\u00f3n y Desarrollo (MEPyD) y la Agencia de Cooperaci\u00f3n Internacional del Jap\u00f3n (JICA) sostuvieron un encuentro virtual para evaluar los avances del \u00abProyecto para el Fortalecimiento Institucional y Modernizaci\u00f3n de la DGII\u00bb.<\/span><\/p>\n<p><span class=\"text1noticias\"> <\/span><\/p>\n<p><span class=\"text1noticias\">El titular de la DGII, licenciado Luis Valdez Veras, expres\u00f3 sentirse agradecido por las d\u00e9cadas de cooperaci\u00f3n hacia la Rep\u00fablica Dominicana por parte del Gobierno del Jap\u00f3n, resaltando la importancia de este plan para el fortalecimiento institucional y mejoramiento de la operatividad en las seis (6) administraciones locales pilotos del proyecto.<\/span><\/p>\n<\/p>\n<p><span class=\"text1noticias\">Mientras que Takayuki Kondo ? representante residente de la JICA- felicit\u00f3 al Gobierno dominicano por los esfuerzos para lograr una r\u00e1pida recuperaci\u00f3n econ\u00f3mica afectada por la pandemia de CVID-19 y a la DGII por el cumplimiento de sus metas de recaudaci\u00f3n. <\/span><\/p>\n<\/p>\n<p><span class=\"text1noticias\">Dijo que el proyecto DGII-JICA ha tenido que enfrentar dificultades adversas por el COVID-19, pero que, gracias al esfuerzo del equipo conformado entre ambas instituciones, se han logrado importantes avances en el mismo.<\/span><\/p>\n<\/p>\n<p><span class=\"text1noticias\">La viceministra de Cooperaci\u00f3n Internacional del Ministerio de Econom\u00eda, Planificaci\u00f3n y Desarrollo, Olaya Dotel, explic\u00f3 que este proyecto est\u00e1 en alineaci\u00f3n con la visi\u00f3n pa\u00eds del Estado dominicano que procura elevar y consolidar los mecanismos de coordinaci\u00f3n de las pol\u00edticas fiscal, monetaria, cambiaria y crediticia para asegurar la estabilidad macroecon\u00f3mica del pa\u00eds.<\/span><\/p>\n<p><span class=\"text1noticias\">Este encuentro del Comit\u00e9 Conjunto de Coordinaci\u00f3n (CCC) entre DGII, MEPyD y JICA fue celebrado con el objetivo de evaluar el proyecto JICA-DGII, cuya cooperaci\u00f3n t\u00e9cnica tiene una duraci\u00f3n de 3 a\u00f1os (2019-2022).<\/span><\/p>\n<p><span class=\"text1noticias\"> <\/span><\/p>\n<p><span class=\"text1noticias\">Durante el encuentro el Sr. Kenichiro Iwashita, l\u00edder del equipo japon\u00e9s, present\u00f3 los principales avances y las propuestas preliminares de mejoras orientadas a eficientizar el servicio, la atenci\u00f3n al contribuyente, la operatividad y robustecimiento de las \u00e1reas de Control de Contribuyentes y Fiscalizaci\u00f3n Interna de San Carlos, La Feria, Herrera, Santiago Miraflores, Hig\u00fcey y San Crist\u00f3bal administraciones locales pilotos del proyecto. <\/span><\/p>\n<\/p>\n<p><span class=\"text1noticias\">Mientras que Magnolia Taveras, coordinadora t\u00e9cnica, present\u00f3 la nueva estructura de implementaci\u00f3n del proyecto JICA-DGII. <\/span><\/p>\n<p><span class=\"text1noticias\"> <\/span><\/p>\n<p><span class=\"text1noticias\">Tambi\u00e9n participaron en la actividad por parte de la DGII, Francisco Torres, subdirector de Gesti\u00f3n de Cumplimiento; Eddy Arango, coordinador de Gabinete; Pedro Figueroa, gerente Administrativo y Financiero; Ram\u00f3n Flori\u00e1n, gerente de Medianos y Peque\u00f1os Contribuyentes; Luis P\u00e9rez, encargado del Departamento de Gesti\u00f3n y Control de las Administraciones Locales; Nieves Vargas, encargada del Departamento de Cooperaci\u00f3n Internacional y Julibel Guerra, analista de Cooperaci\u00f3n Internacional.<\/span><\/p>\n<p><span class=\"text1noticias\"> <\/span><\/p>\n<p><span class=\"text1noticias\">Adem\u00e1s de Dotel, del MEPyD estuvieron Francisco Rojas, director de Cooperaci\u00f3n Bilateral; Joshua Tavares, encargado Departamento de Seguimiento Cooperaci\u00f3n Internacional; Ronaldo Torres, encargado de Divisi\u00f3n de Cooperaci\u00f3n Norte-Sur y Silvia Pichardo, analista de Cooperaci\u00f3n Internacional<\/span><\/p>\n<p><span class=\"text1noticias\"> <\/span><\/p>\n<p><span class=\"text1noticias\">Mientras del equipo japon\u00e9s participaron, Kenta Sasaki, representante Residente Adjunto de la JICA; Sachiko Komiyama, encargada del \u00e1rea de Programas de Cooperaci\u00f3n de la JICA; Hu\u00e1scar Pe\u00f1a, oficial de programa de la JICA; el equipo de consultores Fumito Shoji, Masae Okazaki y Nobutaka Honda; Yoko Novas Ikuma, coordinadora del proyecto y Mari Shimazaki, int\u00e9rprete. <\/span><\/p>\n<p><span class=\"text1noticias\">  <\/span><\/p>\n<p><span class=\"text1noticias\">Fuente: Comunicacion Estrategica P<\/span><\/p>\n<p><span class=\"text1noticias\">Direcci\u00f3n General de Impuestos Internos<\/span><\/p>\n<h6> 2020-12-08 13:13:51 <\/h6>\n<p><!--\n<link rel=\"stylesheet\" href=\"css\/bootstrap.min.css\">\n\n\n<ul class=\"pagination\">\n\t    \n\t\n\n<li >\n\t<a href='?page_no=57'>Previous<\/a>\n\t<\/li>\n\n\n       \n    \n\n<li><a href='?page_no=1'>1<\/a><\/li>\n\n\n\n<li><a href='?page_no=2'>2<\/a><\/li>\n\n\n\n<li><a>...<\/a><\/li>\n\n\n\n<li><a href='?page_no=56'>56<\/a><\/li>\n\n\n\n<li><a href='?page_no=57'>57<\/a><\/li>\n\n\n\n<li class='active'><a>58<\/a><\/li>\n\n\n\n<li><a href='?page_no=59'>59<\/a><\/li>\n\n\n\n<li><a href='?page_no=60'>60<\/a><\/li>\n\n\n\n<li><a>...<\/a><\/li>\n\n\n\n<li><a href='?page_no=71'>71<\/a><\/li>\n\n\n\n<li><a href='?page_no=72'>72<\/a><\/li>\n\n    \n\t\n\n<li >\n\t<a href='?page_no=59'>Next<\/a>\n\t<\/li>\n\n\n    \n\n<li><a href='?page_no=72'>Last &rsaquo;&rsaquo;<\/a><\/li>\n\n<\/ul>\n\n\n--><br \/>\n<\/body><\/p>\n","protected":false},"excerpt":{"rendered":"<p>diariodominicano.com Santo Domingo, R. D., 8 de diciembre, 2020.- La Direcci\u00f3n General de Impuestos Internos (DGII), el Ministerio de Econom\u00eda, Planificaci\u00f3n y Desarrollo (MEPyD) y la Agencia de Cooperaci\u00f3n Internacional del Jap\u00f3n (JICA) sostuvieron un encuentro virtual para evaluar los avances del \u00abProyecto para el Fortalecimiento Institucional y Modernizaci\u00f3n de la DGII\u00bb. El titular de [&hellip;]<\/p>\n","protected":false},"author":3,"featured_media":0,"comment_status":"open","ping_status":"open","sticky":false,"template":"","format":"standard","meta":{"footnotes":""},"categories":[18],"tags":[],"class_list":["post-261857","post","type-post","status-publish","format-standard","hentry","category-economia"],"_links":{"self":[{"href":"https:\/\/diariodominicano.com\/index.php?rest_route=\/wp\/v2\/posts\/261857","targetHints":{"allow":["GET"]}}],"collection":[{"href":"https:\/\/diariodominicano.com\/index.php?rest_route=\/wp\/v2\/posts"}],"about":[{"href":"https:\/\/diariodominicano.com\/index.php?rest_route=\/wp\/v2\/types\/post"}],"author":[{"embeddable":true,"href":"https:\/\/diariodominicano.com\/index.php?rest_route=\/wp\/v2\/users\/3"}],"replies":[{"embeddable":true,"href":"https:\/\/diariodominicano.com\/index.php?rest_route=%2Fwp%2Fv2%2Fcomments&post=261857"}],"version-history":[{"count":0,"href":"https:\/\/diariodominicano.com\/index.php?rest_route=\/wp\/v2\/posts\/261857\/revisions"}],"wp:attachment":[{"href":"https:\/\/diariodominicano.com\/index.php?rest_route=%2Fwp%2Fv2%2Fmedia&parent=261857"}],"wp:term":[{"taxonomy":"category","embeddable":true,"href":"https:\/\/diariodominicano.com\/index.php?rest_route=%2Fwp%2Fv2%2Fcategories&post=261857"},{"taxonomy":"post_tag","embeddable":true,"href":"https:\/\/diariodominicano.com\/index.php?rest_route=%2Fwp%2Fv2%2Ftags&post=261857"}],"curies":[{"name":"wp","href":"https:\/\/api.w.org\/{rel}","templated":true}]}}