{"id":261803,"date":"2020-12-08T20:37:39","date_gmt":"2020-12-08T20:37:39","guid":{"rendered":"http:\/\/diariodominicano.ddns.net\/?p=261803"},"modified":"2020-12-08T20:37:39","modified_gmt":"2020-12-08T20:37:39","slug":"el-ministerio-publico-confiado-en-su-sustentacion-para-obtener-la-prision-preventiva-en-el-caso-de-la-operacion-pulpo","status":"publish","type":"post","link":"https:\/\/diariodominicano.com\/?p=261803","title":{"rendered":"El Ministerio P\u00fablico, confiado en su sustentaci\u00f3n para obtener la prisi\u00f3n preventiva en el caso de la Operaci\u00f3n Pulpo"},"content":{"rendered":"<p><body><\/p>\n<p><img decoding=\"async\" src=\"http:\/\/localhost:8080\/img3\/yennyBerenice8-12-20.jpg\" \/>  <\/p>\n<p>diariodominicano.com<span class=\"text1noticias\"> <\/span><\/p>\n<p><span class=\"text1noticias\"> <\/span><\/p>\n<p><span class=\"text1noticias\">Santo Domingo, R. D., 8 de diciembre, 2020.- El Ministerio P\u00fablico asegur\u00f3 que ha presentado las evidencias y argumentaciones suficientes para obtener en la audiencia de este martes la prisi\u00f3n preventiva contra los imputados en el caso de corrupci\u00f3n administrativa derivado de la operaci\u00f3n Anti Pulpo. <\/span><\/p>\n<p><span class=\"text1noticias\"> <\/span><\/p>\n<p><span class=\"text1noticias\">La procuradora adjunta Yeni Berenice Reynoso sostuvo que el \u00f3rgano de la acusaci\u00f3n ha logrado probar en las dos jornadas anteriores tanto los hechos imputados como el peligro que representa para el proceso la libertad de los investigados. <\/span><\/p>\n<p><span class=\"text1noticias\"> <\/span><\/p>\n<p><span class=\"text1noticias\">\u00abDecimos que hemos probado la imputaci\u00f3n en lo referente a la medida de coerci\u00f3n (&#8230;) La defensa se pas\u00f3 corriendo durante todo el conocimiento de la medida  y no hizo referencia a la medida en sus aspectos m\u00e1s fundamentales\u00bb, enfatiz\u00f3 la directora general de Persecuci\u00f3n del Ministerio  P\u00fablico. <\/span><\/p>\n<p><span class=\"text1noticias\"> <\/span><\/p>\n<p><span class=\"text1noticias\">\u00abLos abogados, como no tienen que cumplir con el debido proceso, que s\u00ed tiene que cumplir el MP, siempre dicen cosas y ese es su derecho\u00bb, dijo  a su llegada al Palacio de Justicia de Ciudad Nueva, en respuesta a la exposici\u00f3n de la defensa del imputado Juan Alexis Medina S\u00e1nchez, que trata de desmontar las calificaciones preliminares de estafa contra el Estado, lavado de activos y otros. <\/span><\/p>\n<p><span class=\"text1noticias\"> <\/span><\/p>\n<p><span class=\"text1noticias\">Pasadas las 6:00 de la tarde, el juez Jos\u00e9 Alejandro Vargas, de la Oficina Judicial de Servicios de Atenci\u00f3n Permanente, se retir\u00f3 a deliberar, luego de que la magistrada Reinoso tomara un turno conclusivo, al igual que la defensa de Medina S\u00e1nchez, a quien se le imputa haber dirigido un entramado societario que se aprovech\u00f3 de su v\u00ednculo con el poder pol\u00edtico para enriquecerse en base a obtener contratos millonarios con instituciones estatales, en condiciones privilegiadas y fraudulentas. <\/span><\/p>\n<p><span class=\"text1noticias\"> <\/span><\/p>\n<p><span class=\"text1noticias\">Previamente, el titular de la Procuradur\u00eda Especializada de Persecuci\u00f3n de la Corrupci\u00f3n Administrativa, procurador adjunto Wilson Camacho, mostr\u00f3 confianza en la consistencia de la acusaci\u00f3n preliminar contra los 11 imputados, sobre los que pesa solicitud de prisi\u00f3n preventiva, excepto Rafael Germos\u00e9n And\u00fadar para quien pidi\u00f3 prisi\u00f3n domiciliaria. <\/span><\/p>\n<p><span class=\"text1noticias\"> <\/span><\/p>\n<p><span class=\"text1noticias\">\u00abNosotros hemos presentado, para una medida de coerci\u00f3n, m\u00e1s de 400 elementos de pruebas, que son m\u00e1s que suficientes para que el tribunal pueda acreditar que los imputados son, con mucha probabilidad, autores o c\u00f3mplices, de los hechos que se les imputan\u00bb, asegur\u00f3 hoy el magistrado Wilson Camacho. <\/span><\/p>\n<p><span class=\"text1noticias\"> <\/span><\/p>\n<p><span class=\"text1noticias\">\u00abAdem\u00e1s, hemos demostrado en ese tribunal que varios de los imputados han intentado destruir pruebas, amenazar a testigos y esas son razones suficientes para que el tribunal, por la tutela del propio proceso, dicte prisi\u00f3n preventiva\u00bb, a\u00f1adi\u00f3.<\/span><\/p>\n<p><span class=\"text1noticias\">  <\/span><\/p>\n<p><span class=\"text1noticias\">Mediante la Operaci\u00f3n Anti Pulpo el Ministerio P\u00fablico desarticul\u00f3 una amplia red de corrupci\u00f3n administrativa de la que era parte fundamental el imputado Juan Alexis Medina S\u00e1nchez, quien, conforme a la acusaci\u00f3n, cre\u00f3 un entramado societario para hacer negocios millonarios con el Estado, aprovechando su condici\u00f3n privilegiada de ser hermano del entonces presidente Danilo Medina S\u00e1nchez. <\/span><\/p>\n<p><span class=\"text1noticias\"> <\/span><\/p>\n<p><span class=\"text1noticias\">En el expediente contra Juan Alexis figura su hermana Carmen Magalys Medina S\u00e1nchez. <\/span><\/p>\n<p><span class=\"text1noticias\"> <\/span><\/p>\n<p><span class=\"text1noticias\">Adem\u00e1s de los hermanos Medina S\u00e1nchez, el expediente acusa a Francisco Pag\u00e1n Rodr\u00edguez, Lorenzo Wilfredo (Freddy) Hidalgo N\u00fa\u00f1ez, Rafael Antonio Germos\u00e9n And\u00fajar, Fernando A. Rosa Rosa, Aquiles Alejandro Christopher S\u00e1nchez, Domingo Antonio Santiago Mu\u00f1oz, Juli\u00e1n Esteban Suriel Suazo, Jos\u00e9 Dolores Santana Carmona y Wacal Vernavel M\u00e9ndez Pineda. <\/span><\/p>\n<p><span class=\"text1noticias\"> <\/span><\/p>\n<p><span class=\"text1noticias\">Fuente: Direcci\u00f3n de Comunicaci\u00f3n, Prensa y RRPP <\/span><\/p>\n<p><span class=\"text1noticias\">Procuradur\u00eda General-Ministerio P\u00fablico RD <\/span><\/p>\n<p><span class=\"text1noticias\">Marte<\/span>s, 8 de diciembre de 2020<\/p>\n<h6> 2020-12-08 20:37:39 <\/h6>\n<p><!--\n<link rel=\"stylesheet\" href=\"css\/bootstrap.min.css\">\n\n\n<ul class=\"pagination\">\n\t    \n\t\n\n<li >\n\t<a href='?page_no=98'>Previous<\/a>\n\t<\/li>\n\n\n       \n    \n\n<li><a href='?page_no=1'>1<\/a><\/li>\n\n\n\n<li><a href='?page_no=2'>2<\/a><\/li>\n\n\n\n<li><a>...<\/a><\/li>\n\n\n\n<li><a href='?page_no=97'>97<\/a><\/li>\n\n\n\n<li><a href='?page_no=98'>98<\/a><\/li>\n\n\n\n<li class='active'><a>99<\/a><\/li>\n\n\n\n<li><a href='?page_no=100'>100<\/a><\/li>\n\n\n\n<li><a href='?page_no=101'>101<\/a><\/li>\n\n\n\n<li><a>...<\/a><\/li>\n\n\n\n<li><a href='?page_no=136'>136<\/a><\/li>\n\n\n\n<li><a href='?page_no=137'>137<\/a><\/li>\n\n    \n\t\n\n<li >\n\t<a href='?page_no=100'>Next<\/a>\n\t<\/li>\n\n\n    \n\n<li><a href='?page_no=137'>Last &rsaquo;&rsaquo;<\/a><\/li>\n\n<\/ul>\n\n\n--><br \/>\n<\/body><\/p>\n","protected":false},"excerpt":{"rendered":"<p>diariodominicano.com Santo Domingo, R. D., 8 de diciembre, 2020.- El Ministerio P\u00fablico asegur\u00f3 que ha presentado las evidencias y argumentaciones suficientes para obtener en la audiencia de este martes la prisi\u00f3n preventiva contra los imputados en el caso de corrupci\u00f3n administrativa derivado de la operaci\u00f3n Anti Pulpo. La procuradora adjunta Yeni Berenice Reynoso sostuvo que [&hellip;]<\/p>\n","protected":false},"author":3,"featured_media":0,"comment_status":"open","ping_status":"open","sticky":false,"template":"","format":"standard","meta":{"footnotes":""},"categories":[24],"tags":[],"class_list":["post-261803","post","type-post","status-publish","format-standard","hentry","category-justicia-y-derecho"],"_links":{"self":[{"href":"https:\/\/diariodominicano.com\/index.php?rest_route=\/wp\/v2\/posts\/261803","targetHints":{"allow":["GET"]}}],"collection":[{"href":"https:\/\/diariodominicano.com\/index.php?rest_route=\/wp\/v2\/posts"}],"about":[{"href":"https:\/\/diariodominicano.com\/index.php?rest_route=\/wp\/v2\/types\/post"}],"author":[{"embeddable":true,"href":"https:\/\/diariodominicano.com\/index.php?rest_route=\/wp\/v2\/users\/3"}],"replies":[{"embeddable":true,"href":"https:\/\/diariodominicano.com\/index.php?rest_route=%2Fwp%2Fv2%2Fcomments&post=261803"}],"version-history":[{"count":0,"href":"https:\/\/diariodominicano.com\/index.php?rest_route=\/wp\/v2\/posts\/261803\/revisions"}],"wp:attachment":[{"href":"https:\/\/diariodominicano.com\/index.php?rest_route=%2Fwp%2Fv2%2Fmedia&parent=261803"}],"wp:term":[{"taxonomy":"category","embeddable":true,"href":"https:\/\/diariodominicano.com\/index.php?rest_route=%2Fwp%2Fv2%2Fcategories&post=261803"},{"taxonomy":"post_tag","embeddable":true,"href":"https:\/\/diariodominicano.com\/index.php?rest_route=%2Fwp%2Fv2%2Ftags&post=261803"}],"curies":[{"name":"wp","href":"https:\/\/api.w.org\/{rel}","templated":true}]}}