{"id":261802,"date":"2020-12-08T21:12:50","date_gmt":"2020-12-08T21:12:50","guid":{"rendered":"http:\/\/diariodominicano.ddns.net\/?p=261802"},"modified":"2020-12-08T21:12:50","modified_gmt":"2020-12-08T21:12:50","slug":"juez-impone-prision-preventiva-y-domiciliaria-a-10-de-los-arrestados-en-la-operacion-anti-pulpo","status":"publish","type":"post","link":"https:\/\/diariodominicano.com\/?p=261802","title":{"rendered":"Juez impone prisi\u00f3n preventiva y domiciliaria a 10 de los arrestados en la Operaci\u00f3n Anti Pulpo"},"content":{"rendered":"<p><body><\/p>\n<p><img decoding=\"async\" src=\"http:\/\/localhost:8080\/img3\/Alejandrovargas8-12-20.jpg\" \/>  <\/p>\n<p><strong><span class=\"text1noticias\">diariodominicano.com<\/span><\/strong><\/p>\n<p><strong> <span class=\"text1noticias\"> <\/span><\/strong><\/p>\n<p><strong><span class=\"text1noticias\">Santo Domingo, R. D., 8 de diciembre, 2020.-<\/span><\/strong><span class=\"text1noticias\"> El juez de instrucci\u00f3n Jos\u00e9 Alejandro Vargas declar\u00f3 complejo el expediente por corrupci\u00f3n administrativa abierto a ra\u00edz de la Operaci\u00f3n Anti Pulpo que desarticul\u00f3 un entramado delictivo operado por Juan Alexis Medina S\u00e1nchez, quien deber\u00e1 guardar tres meses de prisi\u00f3n preventiva. <\/span><\/p>\n<p><span class=\"text1noticias\"> <\/span><\/p>\n<p><span class=\"text1noticias\"><strong>Medina S\u00e1nchez deber\u00e1 cumplir la medida en el Centro de Correcci\u00f3n y Rehabilitaci\u00f3n de San Crist\u00f3bal, al igual que los coimputados Francisco Pag\u00e1n Rodr\u00edguez y Aquiles Alejandro Christopher S\u00e1nchez, quienes, entre otros delitos, incurrieron en coalici\u00f3n de funcionarios desde sus pasadas funciones de director general y director de Fiscalizaci\u00f3n, respectivamente, de la Oficina de Ingenieros Supervisores de Obras del Estado (OISOE). <\/strong><\/span><\/p>\n<p><span class=\"text1noticias\"> <\/span><\/p>\n<p><span class=\"text1noticias\">La imputada Carmen Magalys Medina S\u00e1nchez, hermana de Juan Alexis, y Lorenzo Wilfredo (Freddy) Hidalgo N\u00fa\u00f1ez, exministro de Salud, deber\u00e1n cumplir tres meses de arresto domiciliario, con un brazalete en caso de ser posible, o bajo vigilancia del Ministerio P\u00fablico. Ambos tendr\u00e1n que presentar una fianza de 10 millones de pesos mediante contrato y se mantendr\u00e1n con impedimento de salida del pa\u00eds. <\/span><\/p>\n<p><span class=\"text1noticias\"> <\/span><\/p>\n<p><span class=\"text1noticias\">El exdirector del Fondo Patrimonial de la Empresa Reformada (Fonper), Fernando A. Rosa Rosa, tambi\u00e9n tendr\u00e1 que cumplir tres meses de prisi\u00f3n preventiva en el CCR San Crist\u00f3bal.<\/span><\/p>\n<p><span class=\"text1noticias\"> <\/span><\/p>\n<p><span class=\"text1noticias\"><strong>Juli\u00e1n Esteban Suriel Suazo, a quien se le ocup\u00f3 un arsenal ilegal, as\u00ed como Jos\u00e9 Dolores Santana Carmona y Wacal Vernavel M\u00e9ndez Pineda deber\u00e1n guardar tres meses de prisi\u00f3n preventiva en la C\u00e1rcel Modelo de San Pedro de Macor\u00eds. <\/strong><\/span><\/p>\n<p><span class=\"text1noticias\"><strong> <\/strong><\/span><\/p>\n<p><span class=\"text1noticias\">El juez alert\u00f3 que la permanencia de esos tres imputados en las calles puede llevarlos a distraer pruebas del proceso.  <\/span><\/p>\n<p><span class=\"text1noticias\"> <\/span><\/p>\n<p><span class=\"text1noticias\">Respecto al coimputado Rafael Antonio Germos\u00e9n And\u00fajar, excontralor de la Rep\u00fablica, tambi\u00e9n deber\u00e1 cumplir arresto domiciliario, con un impedimento de salida del pa\u00eds.<\/span><\/p>\n<p><span class=\"text1noticias\"> <\/span><\/p>\n<p><span class=\"text1noticias\"><strong>Mientras, el encartado Domingo Antonio Santiago Mu\u00f1oz quedar\u00e1 en libertad con la obligaci\u00f3n de presentarse de manera peri\u00f3dica ante el procurador fiscal adjunto que lleva la investigaci\u00f3n de la Operaci\u00f3n Anti Pulpo.<\/strong><\/span><\/p>\n<p><span class=\"text1noticias\"> <\/span><\/p>\n<p><span class=\"text1noticias\">Vargas estableci\u00f3 que el Tercer Juzgado de Instrucci\u00f3n del Distrito Nacional sea el que tenga a su cargo el control de la fase preparatoria de juicio. <\/span><\/p>\n<p><span class=\"text1noticias\"> <\/span><\/p>\n<p><span class=\"text1noticias\"><strong>Antes de anunciar su decisi\u00f3n, el magistrado ponder\u00f3 aspectos de la acusaci\u00f3n del Ministerio P\u00fablico; en ese contexto, resalt\u00f3 que \u00abhay una estafa\u00bb respecto al suministro de hormig\u00f3n asf\u00e1ltico l\u00edquido (AC-30) al Estado de una de las empresas de Medina S\u00e1nchez en la que el entonces director de la Oisoe, Pag\u00e1n Rodr\u00edguez, tiene su responsabilidad penal comprometida por complicidad. <\/strong><\/span><\/p>\n<p><span class=\"text1noticias\"><strong> <\/strong><\/span><\/p>\n<p><span class=\"text1noticias\">El se\u00f1or Pag\u00e1n Rodr\u00edguez era \u00abel m\u00e1s arrestado de todos\u00bb por la premura en favorecer al imputado Medina S\u00e1nchez, dijo el magistrado. <\/span><\/p>\n<p><span class=\"text1noticias\"> <\/span><\/p>\n<p><span class=\"text1noticias\">Fuente: Comunicaciones Prensa PGR<\/span><\/p>\n<p><span class=\"text1noticias\">Direcci\u00f3n de Comunicaci\u00f3n, Prensa y RRPP <\/span><\/p>\n<p><span class=\"text1noticias\">Procuradur\u00eda General-Ministerio P\u00fablico RD <\/span><\/p>\n<p><span class=\"text1noticias\">Martes , <\/span>8 de diciembre de 2020<\/p>\n<h6> 2020-12-08 21:12:50 <\/h6>\n<p><!--\n<link rel=\"stylesheet\" href=\"css\/bootstrap.min.css\">\n\n\n<ul class=\"pagination\">\n\t    \n\t\n\n<li >\n\t<a href='?page_no=97'>Previous<\/a>\n\t<\/li>\n\n\n       \n    \n\n<li><a href='?page_no=1'>1<\/a><\/li>\n\n\n\n<li><a href='?page_no=2'>2<\/a><\/li>\n\n\n\n<li><a>...<\/a><\/li>\n\n\n\n<li><a href='?page_no=96'>96<\/a><\/li>\n\n\n\n<li><a href='?page_no=97'>97<\/a><\/li>\n\n\n\n<li class='active'><a>98<\/a><\/li>\n\n\n\n<li><a href='?page_no=99'>99<\/a><\/li>\n\n\n\n<li><a href='?page_no=100'>100<\/a><\/li>\n\n\n\n<li><a>...<\/a><\/li>\n\n\n\n<li><a href='?page_no=136'>136<\/a><\/li>\n\n\n\n<li><a href='?page_no=137'>137<\/a><\/li>\n\n    \n\t\n\n<li >\n\t<a href='?page_no=99'>Next<\/a>\n\t<\/li>\n\n\n    \n\n<li><a href='?page_no=137'>Last &rsaquo;&rsaquo;<\/a><\/li>\n\n<\/ul>\n\n\n--><br \/>\n<\/body><\/p>\n","protected":false},"excerpt":{"rendered":"<p>diariodominicano.com Santo Domingo, R. D., 8 de diciembre, 2020.- El juez de instrucci\u00f3n Jos\u00e9 Alejandro Vargas declar\u00f3 complejo el expediente por corrupci\u00f3n administrativa abierto a ra\u00edz de la Operaci\u00f3n Anti Pulpo que desarticul\u00f3 un entramado delictivo operado por Juan Alexis Medina S\u00e1nchez, quien deber\u00e1 guardar tres meses de prisi\u00f3n preventiva. Medina S\u00e1nchez deber\u00e1 cumplir la [&hellip;]<\/p>\n","protected":false},"author":3,"featured_media":0,"comment_status":"open","ping_status":"open","sticky":false,"template":"","format":"standard","meta":{"footnotes":""},"categories":[24],"tags":[],"class_list":["post-261802","post","type-post","status-publish","format-standard","hentry","category-justicia-y-derecho"],"_links":{"self":[{"href":"https:\/\/diariodominicano.com\/index.php?rest_route=\/wp\/v2\/posts\/261802","targetHints":{"allow":["GET"]}}],"collection":[{"href":"https:\/\/diariodominicano.com\/index.php?rest_route=\/wp\/v2\/posts"}],"about":[{"href":"https:\/\/diariodominicano.com\/index.php?rest_route=\/wp\/v2\/types\/post"}],"author":[{"embeddable":true,"href":"https:\/\/diariodominicano.com\/index.php?rest_route=\/wp\/v2\/users\/3"}],"replies":[{"embeddable":true,"href":"https:\/\/diariodominicano.com\/index.php?rest_route=%2Fwp%2Fv2%2Fcomments&post=261802"}],"version-history":[{"count":0,"href":"https:\/\/diariodominicano.com\/index.php?rest_route=\/wp\/v2\/posts\/261802\/revisions"}],"wp:attachment":[{"href":"https:\/\/diariodominicano.com\/index.php?rest_route=%2Fwp%2Fv2%2Fmedia&parent=261802"}],"wp:term":[{"taxonomy":"category","embeddable":true,"href":"https:\/\/diariodominicano.com\/index.php?rest_route=%2Fwp%2Fv2%2Fcategories&post=261802"},{"taxonomy":"post_tag","embeddable":true,"href":"https:\/\/diariodominicano.com\/index.php?rest_route=%2Fwp%2Fv2%2Ftags&post=261802"}],"curies":[{"name":"wp","href":"https:\/\/api.w.org\/{rel}","templated":true}]}}