{"id":261709,"date":"2020-11-30T13:45:49","date_gmt":"2020-11-30T13:45:49","guid":{"rendered":"http:\/\/diariodominicano.ddns.net\/?p=261709"},"modified":"2020-11-30T13:45:49","modified_gmt":"2020-11-30T13:45:49","slug":"policia-nacional-pone-en-marcha-operativo-navidad-segura-2020-en-santiago-y-la-region-cibao-central-2","status":"publish","type":"post","link":"https:\/\/diariodominicano.com\/?p=261709","title":{"rendered":"Polic\u00eda Nacional  pone en marcha \u00abOperativo Navidad Segura 2020\u00bb en Santiago y la regi\u00f3n Cibao Central"},"content":{"rendered":"<p><body><\/p>\n<p><img decoding=\"async\" src=\"img3\/PNSantiago30-11-20.png\" \/>  <\/p>\n<p><span class=\"text1noticias\"> diariodominicano.com<\/span><\/p>\n<p><span class=\"text1noticias\"> <\/span><\/p>\n<p><span class=\"text1noticias\"> Santiago, R. D., 30 de noviembre 2020.-La Polic\u00eda Nacional, con el apoyo del Ministerio de Defensa y las dem\u00e1s autoridades de seguridad del Estado pusieron en marcha el \u00abOperativo Navidad Segura 2020\u00bb en la ciudad de Santiago, con el prop\u00f3sito de fortalecer m\u00e1s la seguridad ciudadana durante el mes de diciembre, adem\u00e1s de hacer cumplir el toque de queda y las disposiciones sanitarias establecidas por el Ministerio de Salud.<\/span><\/p>\n<p><span class=\"text1noticias\"> <\/span><\/p>\n<p><span class=\"text1noticias\"> El lanzamiento de dicho operativo se realiz\u00f3  este lunes en la sede de la Direcci\u00f3n Regional Cibao Central, donde las autoridades dieron a conocer las medidas de seguridad que se implementaran, para seguir protegiendo la salud y evitar la ocurrencia de hechos delictivos  <\/span><\/p>\n<p><span class=\"text1noticias\"> <\/span><\/p>\n<p><span class=\"text1noticias\"> La actividad estuvo encabezada por la gobernadora provincial licenciada  Rosa Santos,  el Ministro de Salud doctor Plutarco Arias, el magistrado Procurador Fiscal de Santiago licenciado Jos\u00e9 Francisco N\u00fa\u00f1ez y el Director Regional de la Polic\u00eda en Santiago, general de brigada Eduardo Alberto Then.<\/span><\/p>\n<p><span class=\"text1noticias\"> <\/span><\/p>\n<p><span class=\"text1noticias\">Tras pronunciar las palabras centrales del acto, el general Then llam\u00f3 a todos los sectores sociales de Santiago y la Regi\u00f3n, a dar fiel cumplimiento a las disposiciones emanadas por el Ministerio de Salud P\u00fablica, con el prop\u00f3sito de disminuir el contagio del Covic-19.<\/span><\/p>\n<p><span class=\"text1noticias\"> <\/span><\/p>\n<p><span class=\"text1noticias\"> El alto oficial tambi\u00e9n anunci\u00f3 el incremento del patrullaje policial en toda la zona del Cibao Central, para evitar hechos delictivos.<\/span><\/p>\n<p><span class=\"text1noticias\"> <\/span><\/p>\n<p><span class=\"text1noticias\"> Adem\u00e1s estuvieron presentes el Com\u00e1ndate de la Segunda Brigada del Ej\u00e9rcito Dominicano, el Comando Conjunto del Ministerio de Defensa, el Director General de Edenorte, ingeniero  Andr\u00e9s Cueto, el Director General de Migraci\u00f3n, el Su director del Intrant, licenciado Domingo Mat\u00edas, as\u00ed como Francisco Arias de la Defensa Civil,  el Coba y otras personalidades.<\/span><\/p>\n<p><span class=\"text1noticias\"> <\/span><\/p>\n<p><span class=\"text1noticias\"> Entre las medidas de seguridad adoptadas por las autoridades para prevenir cr\u00edmenes y delitos durante el periodo navide\u00f1o se encuentran, la incrementaci\u00f3n de la presencia de los agentes policiales y militares en los distintos puntos de chequeos y en los diferentes establecimientos comerciales.<\/span><\/p>\n<p><span class=\"text1noticias\"> <\/span><\/p>\n<p><span class=\"text1noticias\"> Tambi\u00e9n mantener el patrullaje constante en las principales calles y avenidas de Santiago y las dem\u00e1s ciudades que integran la regi\u00f3n del Cibao Central, tales como La Vega, Jarabacoa, Constanza y Moca, para lograr que se cumpla el decreto presidencial que establece las restricciones en tr\u00e1nsito de personas y veh\u00edculos en horario de toque de queda.<\/span><\/p>\n<p><span class=\"text1noticias\"> <\/span><\/p>\n<p><span class=\"text1noticias\"> En ese sentido las autoridades exhortan a los ciudadanos a que respeten las disposiciones establecidas por el Ministerio de Salud para prevenir el contagio del COVID-19, manteniendo el uso obligatorio de las mascarillas, que eviten las aglomeraciones en centros comerciales, en espacios abiertos y cerrados, y que mantengan el distanciamiento f\u00edsico correspondiente. <\/span><\/p>\n<p><span class=\"text1noticias\"> <\/span><\/p>\n<p><span class=\"text1noticias\">Fuente: Polic\u00eda Nacional Cibao Central<\/span><\/p>\n<p><span class=\"text1noticias\">OFICINA DE INFORMACION Y COMUNICACIONES ESTRAT\u00c9GICAS DIRECCI\u00d3N REGIONAL CIBAO CENTRAL DE LA POL<\/span>IC\u00cdA NACIONAL<\/p>\n<\/p>\n<h6> 2020-11-30 13:45:49 <\/h6>\n<p><!--\n<link rel=\"stylesheet\" href=\"css\/bootstrap.min.css\">\n\n\n<ul class=\"pagination\">\n\t    \n\t\n\n<li >\n\t<a href='?page_no=136'>Previous<\/a>\n\t<\/li>\n\n\n       \n    \n\n<li><a href='?page_no=1'>1<\/a><\/li>\n\n\n\n<li><a href='?page_no=2'>2<\/a><\/li>\n\n\n\n<li><a>...<\/a><\/li>\n\n\n\n<li><a href='?page_no=131'>131<\/a><\/li>\n\n\n\n<li><a href='?page_no=132'>132<\/a><\/li>\n\n\n\n<li><a href='?page_no=133'>133<\/a><\/li>\n\n\n\n<li><a href='?page_no=134'>134<\/a><\/li>\n\n\n\n<li><a href='?page_no=135'>135<\/a><\/li>\n\n\n\n<li><a href='?page_no=136'>136<\/a><\/li>\n\n\n\n<li class='active'><a>137<\/a><\/li>\n\n    \n\t\n\n<li class='disabled'>\n\t<a >Next<\/a>\n\t<\/li>\n\n\n    <\/ul>\n\n\n--><br \/>\n<\/body><\/p>\n","protected":false},"excerpt":{"rendered":"<p>diariodominicano.com Santiago, R. D., 30 de noviembre 2020.-La Polic\u00eda Nacional, con el apoyo del Ministerio de Defensa y las dem\u00e1s autoridades de seguridad del Estado pusieron en marcha el \u00abOperativo Navidad Segura 2020\u00bb en la ciudad de Santiago, con el prop\u00f3sito de fortalecer m\u00e1s la seguridad ciudadana durante el mes de diciembre, adem\u00e1s de hacer [&hellip;]<\/p>\n","protected":false},"author":3,"featured_media":0,"comment_status":"open","ping_status":"open","sticky":false,"template":"","format":"standard","meta":{"footnotes":""},"categories":[24],"tags":[],"class_list":["post-261709","post","type-post","status-publish","format-standard","hentry","category-justicia-y-derecho"],"_links":{"self":[{"href":"https:\/\/diariodominicano.com\/index.php?rest_route=\/wp\/v2\/posts\/261709","targetHints":{"allow":["GET"]}}],"collection":[{"href":"https:\/\/diariodominicano.com\/index.php?rest_route=\/wp\/v2\/posts"}],"about":[{"href":"https:\/\/diariodominicano.com\/index.php?rest_route=\/wp\/v2\/types\/post"}],"author":[{"embeddable":true,"href":"https:\/\/diariodominicano.com\/index.php?rest_route=\/wp\/v2\/users\/3"}],"replies":[{"embeddable":true,"href":"https:\/\/diariodominicano.com\/index.php?rest_route=%2Fwp%2Fv2%2Fcomments&post=261709"}],"version-history":[{"count":0,"href":"https:\/\/diariodominicano.com\/index.php?rest_route=\/wp\/v2\/posts\/261709\/revisions"}],"wp:attachment":[{"href":"https:\/\/diariodominicano.com\/index.php?rest_route=%2Fwp%2Fv2%2Fmedia&parent=261709"}],"wp:term":[{"taxonomy":"category","embeddable":true,"href":"https:\/\/diariodominicano.com\/index.php?rest_route=%2Fwp%2Fv2%2Fcategories&post=261709"},{"taxonomy":"post_tag","embeddable":true,"href":"https:\/\/diariodominicano.com\/index.php?rest_route=%2Fwp%2Fv2%2Ftags&post=261709"}],"curies":[{"name":"wp","href":"https:\/\/api.w.org\/{rel}","templated":true}]}}