{"id":261708,"date":"2020-11-30T16:25:02","date_gmt":"2020-11-30T16:25:02","guid":{"rendered":"http:\/\/diariodominicano.ddns.net\/?p=261708"},"modified":"2020-11-30T16:25:02","modified_gmt":"2020-11-30T16:25:02","slug":"fiscalia-dn-logra-condena-de-30-anos-contra-hombre-intento-asesinar-una-amiga-en-altos-de-arroyo-hondo-2","status":"publish","type":"post","link":"https:\/\/diariodominicano.com\/?p=261708","title":{"rendered":"Fiscal\u00eda DN logra condena de 30 a\u00f1os contra hombre intent\u00f3 asesinar una amiga en Altos de Arroyo Hondo"},"content":{"rendered":"<p><body><\/p>\n<p><img decoding=\"async\" src=\"img3\/fiscalia-dn 30-11-20.jpg\" \/>  <\/p>\n<p><span class=\"text1noticias\">diariodominicano.com <\/span><\/p>\n<p><span class=\"text1noticias\"> <\/span><\/p>\n<p><span class=\"text1noticias\">Santo Domingo, R. D., 30 de noviembre, 2020.- La Fiscal\u00eda del Distrito Nacional obtuvo una condena de 30 a\u00f1os, la pena m\u00e1xima, contra un hombre que intent\u00f3 asesinar a una mujer con varias pu\u00f1aladas en julio de 2019, en Altos de Arroyo Hondo. <\/span><\/p>\n<p><span class=\"text1noticias\"> <\/span><\/p>\n<p><span class=\"text1noticias\">El \u00f3rgano persecutor demostr\u00f3 ante las juezas del Tercer Tribunal Colegiado, Arlin Ventura, Leticia Noboa y Milagros Ram\u00edrez, que el acusado, de quien se omite el nombre para proteger la identidad de la mujer herida, se present\u00f3 pasadas las 6:00 de la tarde a la residencia de ella, con una funda negra en las manos, en la que ten\u00eda guantes y el cuchillo que us\u00f3 para atacarla.<\/span><\/p>\n<p><span class=\"text1noticias\"> <\/span><\/p>\n<p><span class=\"text1noticias\">Ampl\u00eda el expediente que para entrar al edificio residencial el hombre forz\u00f3 la puerta y se escondi\u00f3 debajo de la escalera. <\/span><\/p>\n<p><span class=\"text1noticias\"> <\/span><\/p>\n<p><span class=\"text1noticias\">\u00abTras asegurarse de que la v\u00edctima hab\u00eda llegado al condominio, el agresor apag\u00f3 el bombillo de la entrada, se puso los guantes y remang\u00f3 la camisa y cuando ella entr\u00f3 al edificio con unas fundas de supermercado \u00e9l la atac\u00f3, propin\u00e1ndole varias pu\u00f1aladas por todo el cuerpo\u00bb, expuso durante la audiencia uno de los fiscales litigantes en el caso. <\/span><\/p>\n<p><span class=\"text1noticias\"> <\/span><\/p>\n<p><span class=\"text1noticias\">Un comunicado de prensa emitido por la Fiscal\u00eda del Distrito Nacional se\u00f1ala que mientras era apu\u00f1alada, la mujer le pregunt\u00f3 por qu\u00e9 le hac\u00eda eso, a lo que el agresor respondi\u00f3 que si no era de \u00e9l no ser\u00eda de nadie m\u00e1s.<\/span><\/p>\n<p><span class=\"text1noticias\"> <\/span><\/p>\n<p><span class=\"text1noticias\">Sin embargo, el expediente presentado en la audiencia especifica que entre el atacante y su v\u00edctima nunca existi\u00f3 una relaci\u00f3n de pareja, m\u00e1s bien eran amigos. <\/span><\/p>\n<p><span class=\"text1noticias\"> <\/span><\/p>\n<p><span class=\"text1noticias\">Seg\u00fan las evidencias levantadas en la investigaci\u00f3n realizada por la procuradora fiscal Adalgisa Tav\u00e1rez, el hoy condenado cometi\u00f3 en perjuicio de la v\u00edctima intento de asesinato y porte ilegal de arma blanca, delitos previstos y sancionados en los art\u00edculos 2, 295, 296, 302 del C\u00f3digo Penal Dominicano, as\u00ed como los art\u00edculos 83 y 86 de la ley 631-16 para el Control y Regulaci\u00f3n de Armas, Municiones y Materiales Relacionados. <\/span><\/p>\n<p><span class=\"text1noticias\"> <\/span><\/p>\n<p><span class=\"text1noticias\">Tras acoger las pruebas presentadas por el Ministerio P\u00fablico, las juezas dictaron la condena contra el acusado y ordenaron que la cumpla en la Penitenciar\u00eda Nacional La Victoria. <\/span><\/p>\n<p><span class=\"text1noticias\"> <\/span><\/p>\n<p><span class=\"text1noticias\">Fuente: Procuradur\u00eda.Prensa <\/span><\/p>\n<p><span class=\"text1noticias\">Direcci\u00f3n de Comunicaci\u00f3n, Prensa y RRPP <\/span><\/p>\n<p><span class=\"text1noticias\">Procuradur\u00eda General-Ministerio P\u00fablico RD <\/span><\/p>\n<p><span class=\"text1noticias\">Direcci\u00f3n General de Comunicaci\u00f3n, Prensa y Relaciones P\u00fablicas<\/span><\/p>\n<p><span class=\"text1noticias\">Procuradur\u00eda General de la Rep\u00fablica Dominicana<\/span><\/p>\n<p><span class=\"text1noticias\"> Lunes, 30 de noviembre 202<\/span>0<\/p>\n<h6> 2020-11-30 16:25:02 <\/h6>\n<p><!--\n<link rel=\"stylesheet\" href=\"css\/bootstrap.min.css\">\n\n\n<ul class=\"pagination\">\n\t    \n\t\n\n<li >\n\t<a href='?page_no=135'>Previous<\/a>\n\t<\/li>\n\n\n       \n    \n\n<li><a href='?page_no=1'>1<\/a><\/li>\n\n\n\n<li><a href='?page_no=2'>2<\/a><\/li>\n\n\n\n<li><a>...<\/a><\/li>\n\n\n\n<li><a href='?page_no=131'>131<\/a><\/li>\n\n\n\n<li><a href='?page_no=132'>132<\/a><\/li>\n\n\n\n<li><a href='?page_no=133'>133<\/a><\/li>\n\n\n\n<li><a href='?page_no=134'>134<\/a><\/li>\n\n\n\n<li><a href='?page_no=135'>135<\/a><\/li>\n\n\n\n<li class='active'><a>136<\/a><\/li>\n\n\n\n<li><a href='?page_no=137'>137<\/a><\/li>\n\n    \n\t\n\n<li >\n\t<a href='?page_no=137'>Next<\/a>\n\t<\/li>\n\n\n    \n\n<li><a href='?page_no=137'>Last &rsaquo;&rsaquo;<\/a><\/li>\n\n<\/ul>\n\n\n--><br \/>\n<\/body><\/p>\n","protected":false},"excerpt":{"rendered":"<p>diariodominicano.com Santo Domingo, R. D., 30 de noviembre, 2020.- La Fiscal\u00eda del Distrito Nacional obtuvo una condena de 30 a\u00f1os, la pena m\u00e1xima, contra un hombre que intent\u00f3 asesinar a una mujer con varias pu\u00f1aladas en julio de 2019, en Altos de Arroyo Hondo. El \u00f3rgano persecutor demostr\u00f3 ante las juezas del Tercer Tribunal Colegiado, [&hellip;]<\/p>\n","protected":false},"author":3,"featured_media":0,"comment_status":"open","ping_status":"open","sticky":false,"template":"","format":"standard","meta":{"footnotes":""},"categories":[24],"tags":[],"class_list":["post-261708","post","type-post","status-publish","format-standard","hentry","category-justicia-y-derecho"],"_links":{"self":[{"href":"https:\/\/diariodominicano.com\/index.php?rest_route=\/wp\/v2\/posts\/261708","targetHints":{"allow":["GET"]}}],"collection":[{"href":"https:\/\/diariodominicano.com\/index.php?rest_route=\/wp\/v2\/posts"}],"about":[{"href":"https:\/\/diariodominicano.com\/index.php?rest_route=\/wp\/v2\/types\/post"}],"author":[{"embeddable":true,"href":"https:\/\/diariodominicano.com\/index.php?rest_route=\/wp\/v2\/users\/3"}],"replies":[{"embeddable":true,"href":"https:\/\/diariodominicano.com\/index.php?rest_route=%2Fwp%2Fv2%2Fcomments&post=261708"}],"version-history":[{"count":0,"href":"https:\/\/diariodominicano.com\/index.php?rest_route=\/wp\/v2\/posts\/261708\/revisions"}],"wp:attachment":[{"href":"https:\/\/diariodominicano.com\/index.php?rest_route=%2Fwp%2Fv2%2Fmedia&parent=261708"}],"wp:term":[{"taxonomy":"category","embeddable":true,"href":"https:\/\/diariodominicano.com\/index.php?rest_route=%2Fwp%2Fv2%2Fcategories&post=261708"},{"taxonomy":"post_tag","embeddable":true,"href":"https:\/\/diariodominicano.com\/index.php?rest_route=%2Fwp%2Fv2%2Ftags&post=261708"}],"curies":[{"name":"wp","href":"https:\/\/api.w.org\/{rel}","templated":true}]}}