{"id":261705,"date":"2020-12-01T13:00:40","date_gmt":"2020-12-01T13:00:40","guid":{"rendered":"http:\/\/diariodominicano.ddns.net\/?p=261705"},"modified":"2020-12-01T13:00:40","modified_gmt":"2020-12-01T13:00:40","slug":"ministerio-de-defensa-realiza-jornada-concientizacion-sobre-el-vih-sida-en-apoyo-a-salud-publica","status":"publish","type":"post","link":"https:\/\/diariodominicano.com\/?p=261705","title":{"rendered":"Ministerio de Defensa realiza jornada concientizaci\u00f3n sobre el VIH\/SIDA en apoyo a Salud P\u00fablica"},"content":{"rendered":"<p><body><\/p>\n<p><img decoding=\"async\" src=\"http:\/\/localhost:8080\/img3\/Guardias-Sida1-12-20.jpeg\" \/><br \/><img decoding=\"async\" src=\"http:\/\/localhost:8080\/img3\/guardiaprevencion1-12-20.jpeg\" \/>  <\/p>\n<p><span class=\"text1noticias\">diariodominicano.com<\/span><\/p>\n<\/p>\n<p><span class=\"text1noticias\">Santo Domingo, R. D., 1 de diciembre, 2020.- Con motivo del D\u00eda Mundial del SIDA, el Ministerio de Defensa (MIDE), en apoyo al Ministerio de Salud P\u00fablica y Asistencia Social, organiza y sus miembros ejecutan recorridos y conciertos m\u00f3viles, por distintos sectores del Gran Santo Domingo, para llevar mensajes sobre las medidas sanitarias de prevenci\u00f3n recomendadas por las autoridades acerca del VIH\/SIDA y con ello, concientizar a la ciudadan\u00eda sobre su importancia y cumplimiento.<\/span><\/p>\n<p><span class=\"text1noticias\"> <\/span><\/p>\n<p><span class=\"text1noticias\">Los recorridos se realizan desde el 30 de noviembre hasta el 07 de diciembre, y en la primera jornada fue recorrida una ruta que comprendi\u00f3 paradas en puntos como la Bomba de los Mina, hasta la Avenida Las Am\u00e9ricas, la Avenida Venezuela hasta la Padre Castellanos (antigua 17), y desde ah\u00ed hasta la Josefa Brea en el Ensanche Luper\u00f3n hasta el Hospital Moscoso Puello.<\/span><\/p>\n<p><span class=\"text1noticias\"> <\/span><\/p>\n<p><span class=\"text1noticias\">Las jornadas constituyen una oportunidad para apoyar a los involucrados en la lucha contra el VIH y para mejorar la comprensi\u00f3n del Virus como un problema de salud p\u00fablica mundial.<\/span><\/p>\n<p><span class=\"text1noticias\"> <\/span><\/p>\n<p><span class=\"text1noticias\">El d\u00eda mundial del SIDA, se conmemora el 1ro. de diciembre de cada a\u00f1o, debido a que en esa fecha en el a\u00f1o 1981 fue diagnosticado el primer caso de SIDA, convirti\u00e9ndose en una epidemia global, que se extendi\u00f3 por todo el pla<\/span>neta.<\/p>\n<\/p>\n<p><span class=\"text1noticias\">Fuente: Prensa Mide<\/span><\/p>\n<p><span class=\"text1noticias\">Ministerio de Defensa de la Rep\u00fablica Dominicana<\/span><\/p>\n<h6> 2020-12-01 13:00:40 <\/h6>\n<p><!--\n<link rel=\"stylesheet\" href=\"css\/bootstrap.min.css\">\n\n\n<ul class=\"pagination\">\n\t    \n\t\n\n<li >\n\t<a href='?page_no=132'>Previous<\/a>\n\t<\/li>\n\n\n       \n    \n\n<li><a href='?page_no=1'>1<\/a><\/li>\n\n\n\n<li><a href='?page_no=2'>2<\/a><\/li>\n\n\n\n<li><a>...<\/a><\/li>\n\n\n\n<li><a href='?page_no=131'>131<\/a><\/li>\n\n\n\n<li><a href='?page_no=132'>132<\/a><\/li>\n\n\n\n<li class='active'><a>133<\/a><\/li>\n\n\n\n<li><a href='?page_no=134'>134<\/a><\/li>\n\n\n\n<li><a href='?page_no=135'>135<\/a><\/li>\n\n\n\n<li><a href='?page_no=136'>136<\/a><\/li>\n\n\n\n<li><a href='?page_no=137'>137<\/a><\/li>\n\n    \n\t\n\n<li >\n\t<a href='?page_no=134'>Next<\/a>\n\t<\/li>\n\n\n    \n\n<li><a href='?page_no=137'>Last &rsaquo;&rsaquo;<\/a><\/li>\n\n<\/ul>\n\n\n--><br \/>\n<\/body><\/p>\n","protected":false},"excerpt":{"rendered":"<p>diariodominicano.com Santo Domingo, R. D., 1 de diciembre, 2020.- Con motivo del D\u00eda Mundial del SIDA, el Ministerio de Defensa (MIDE), en apoyo al Ministerio de Salud P\u00fablica y Asistencia Social, organiza y sus miembros ejecutan recorridos y conciertos m\u00f3viles, por distintos sectores del Gran Santo Domingo, para llevar mensajes sobre las medidas sanitarias de [&hellip;]<\/p>\n","protected":false},"author":3,"featured_media":0,"comment_status":"open","ping_status":"open","sticky":false,"template":"","format":"standard","meta":{"footnotes":""},"categories":[24],"tags":[],"class_list":["post-261705","post","type-post","status-publish","format-standard","hentry","category-justicia-y-derecho"],"_links":{"self":[{"href":"https:\/\/diariodominicano.com\/index.php?rest_route=\/wp\/v2\/posts\/261705","targetHints":{"allow":["GET"]}}],"collection":[{"href":"https:\/\/diariodominicano.com\/index.php?rest_route=\/wp\/v2\/posts"}],"about":[{"href":"https:\/\/diariodominicano.com\/index.php?rest_route=\/wp\/v2\/types\/post"}],"author":[{"embeddable":true,"href":"https:\/\/diariodominicano.com\/index.php?rest_route=\/wp\/v2\/users\/3"}],"replies":[{"embeddable":true,"href":"https:\/\/diariodominicano.com\/index.php?rest_route=%2Fwp%2Fv2%2Fcomments&post=261705"}],"version-history":[{"count":0,"href":"https:\/\/diariodominicano.com\/index.php?rest_route=\/wp\/v2\/posts\/261705\/revisions"}],"wp:attachment":[{"href":"https:\/\/diariodominicano.com\/index.php?rest_route=%2Fwp%2Fv2%2Fmedia&parent=261705"}],"wp:term":[{"taxonomy":"category","embeddable":true,"href":"https:\/\/diariodominicano.com\/index.php?rest_route=%2Fwp%2Fv2%2Fcategories&post=261705"},{"taxonomy":"post_tag","embeddable":true,"href":"https:\/\/diariodominicano.com\/index.php?rest_route=%2Fwp%2Fv2%2Ftags&post=261705"}],"curies":[{"name":"wp","href":"https:\/\/api.w.org\/{rel}","templated":true}]}}