{"id":261702,"date":"2020-12-03T00:38:40","date_gmt":"2020-12-03T00:38:40","guid":{"rendered":"http:\/\/diariodominicano.ddns.net\/?p=261702"},"modified":"2020-12-03T00:38:40","modified_gmt":"2020-12-03T00:38:40","slug":"ministerios-de-defensa-y-salud-publica-mantienen-estrecha-relacion-de-cooperacion-interinstitucional","status":"publish","type":"post","link":"https:\/\/diariodominicano.com\/?p=261702","title":{"rendered":"Ministerios de Defensa y Salud P\u00fablica mantienen estrecha relaci\u00f3n de cooperaci\u00f3n interinstitucional"},"content":{"rendered":"<p><body><\/p>\n<p><img decoding=\"async\" src=\"http:\/\/localhost:8080\/img3\/PHOTO-2020-12-02-15-27-30 (2).jpg\" \/>  <\/p>\n<p><span class=\"text1noticias\"> <\/span><\/p>\n<p><span class=\"text1noticias\">diariodominicano.com<\/span><\/p>\n<p><span class=\"text1noticias\"> <\/span><\/p>\n<p><span class=\"text1noticias\">Santo Domingo, R. D., 3 de diciembre, 2020.- Evidencia de esto ha sido, que en ocasi\u00f3n de celebrarse el \u00abD\u00eda Mundial de Respuesta al VIH\u00bb la Directora General de Control de las Infecciones de Transmisi\u00f3n Sexual y SIDA (DIGECITSS) Dra. M\u00f3nica Thormann, visit\u00f3 al Ministro de Defensa Teniente General Carlos Luciano D\u00edaz Morfa, ERD., para afinar coordinaciones de iniciativas para la prevenci\u00f3n de la enfermedad en el pa\u00eds.<\/span><\/p>\n<\/p>\n<p><span class=\"text1noticias\">El encuentro tuvo lugar en la sede del MIDE, cuyo edificio central fue iluminado de rojo, en el inicio de una jornada que incluye recorridos con conciertos m\u00f3viles por parte de miembros de FF.AA., quienes entregan kits con insumos para la protecci\u00f3n frente el virus, y llevar mensajes de prevenci\u00f3n a residentes de distintos sectores de la capital y el Gran Santo Domingo.<\/span><\/p>\n<p><span class=\"text1noticias\"> <\/span><\/p>\n<p><span class=\"text1noticias\"> Fuente: Prensa<\/span> Mide<\/p>\n<h6> 2020-12-03 00:38:40 <\/h6>\n<p><!--\n<link rel=\"stylesheet\" href=\"css\/bootstrap.min.css\">\n\n\n<ul class=\"pagination\">\n\t    \n\t\n\n<li >\n\t<a href='?page_no=129'>Previous<\/a>\n\t<\/li>\n\n\n       \n    \n\n<li><a href='?page_no=1'>1<\/a><\/li>\n\n\n\n<li><a href='?page_no=2'>2<\/a><\/li>\n\n\n\n<li><a>...<\/a><\/li>\n\n\n\n<li><a href='?page_no=128'>128<\/a><\/li>\n\n\n\n<li><a href='?page_no=129'>129<\/a><\/li>\n\n\n\n<li class='active'><a>130<\/a><\/li>\n\n\n\n<li><a href='?page_no=131'>131<\/a><\/li>\n\n\n\n<li><a href='?page_no=132'>132<\/a><\/li>\n\n\n\n<li><a>...<\/a><\/li>\n\n\n\n<li><a href='?page_no=136'>136<\/a><\/li>\n\n\n\n<li><a href='?page_no=137'>137<\/a><\/li>\n\n    \n\t\n\n<li >\n\t<a href='?page_no=131'>Next<\/a>\n\t<\/li>\n\n\n    \n\n<li><a href='?page_no=137'>Last &rsaquo;&rsaquo;<\/a><\/li>\n\n<\/ul>\n\n\n--><br \/>\n<\/body><\/p>\n","protected":false},"excerpt":{"rendered":"<p>diariodominicano.com Santo Domingo, R. D., 3 de diciembre, 2020.- Evidencia de esto ha sido, que en ocasi\u00f3n de celebrarse el \u00abD\u00eda Mundial de Respuesta al VIH\u00bb la Directora General de Control de las Infecciones de Transmisi\u00f3n Sexual y SIDA (DIGECITSS) Dra. M\u00f3nica Thormann, visit\u00f3 al Ministro de Defensa Teniente General Carlos Luciano D\u00edaz Morfa, ERD., [&hellip;]<\/p>\n","protected":false},"author":3,"featured_media":0,"comment_status":"open","ping_status":"open","sticky":false,"template":"","format":"standard","meta":{"footnotes":""},"categories":[24],"tags":[],"class_list":["post-261702","post","type-post","status-publish","format-standard","hentry","category-justicia-y-derecho"],"_links":{"self":[{"href":"https:\/\/diariodominicano.com\/index.php?rest_route=\/wp\/v2\/posts\/261702","targetHints":{"allow":["GET"]}}],"collection":[{"href":"https:\/\/diariodominicano.com\/index.php?rest_route=\/wp\/v2\/posts"}],"about":[{"href":"https:\/\/diariodominicano.com\/index.php?rest_route=\/wp\/v2\/types\/post"}],"author":[{"embeddable":true,"href":"https:\/\/diariodominicano.com\/index.php?rest_route=\/wp\/v2\/users\/3"}],"replies":[{"embeddable":true,"href":"https:\/\/diariodominicano.com\/index.php?rest_route=%2Fwp%2Fv2%2Fcomments&post=261702"}],"version-history":[{"count":0,"href":"https:\/\/diariodominicano.com\/index.php?rest_route=\/wp\/v2\/posts\/261702\/revisions"}],"wp:attachment":[{"href":"https:\/\/diariodominicano.com\/index.php?rest_route=%2Fwp%2Fv2%2Fmedia&parent=261702"}],"wp:term":[{"taxonomy":"category","embeddable":true,"href":"https:\/\/diariodominicano.com\/index.php?rest_route=%2Fwp%2Fv2%2Fcategories&post=261702"},{"taxonomy":"post_tag","embeddable":true,"href":"https:\/\/diariodominicano.com\/index.php?rest_route=%2Fwp%2Fv2%2Ftags&post=261702"}],"curies":[{"name":"wp","href":"https:\/\/api.w.org\/{rel}","templated":true}]}}