{"id":261699,"date":"2020-12-03T12:41:53","date_gmt":"2020-12-03T12:41:53","guid":{"rendered":"http:\/\/diariodominicano.ddns.net\/?p=261699"},"modified":"2020-12-03T12:41:53","modified_gmt":"2020-12-03T12:41:53","slug":"ministerio-publico-esta-listo-para-presentar-mas-de-1700-pruebas-contra-los-seis-encartados-del-caso-odebrecht","status":"publish","type":"post","link":"https:\/\/diariodominicano.com\/?p=261699","title":{"rendered":"Ministerio P\u00fablico est\u00e1 listo para presentar m\u00e1s de 1,700 pruebas contra los seis encartados del caso Odebrecht"},"content":{"rendered":"<p><body><\/p>\n<p><img decoding=\"async\" src=\"http:\/\/localhost:8080\/img3\/odebrecht-foto-danelis-sena3-12-20.jpg\" \/>  <\/p>\n<p><span class=\"text1noticias\">diariodominicano.com<\/span><\/p>\n<p><span class=\"text1noticias\"> <\/span><\/p>\n<p><span class=\"text1noticias\">Santo Domingo, R. D., 3 de noviembre, 2020.- El Ministerio P\u00fablico asegur\u00f3 que est\u00e1 listo para iniciar la presentaci\u00f3n de m\u00e1s de 1,700 pruebas contra los seis implicados en el caso de corrupci\u00f3n relativo a los US$92 millones de sobornos que pag\u00f3 la empresa brasile\u00f1a Odebrecht para lograr la adjudicaci\u00f3n de obras p\u00fablicas en la Rep\u00fablica Dominicana. <\/span><\/p>\n<p><span class=\"text1noticias\"> <\/span><\/p>\n<p><span class=\"text1noticias\">El juicio fue aplazado este jueves para el pr\u00f3ximo martes 8 de diciembre, luego de que el Primer Tribunal Colegiado del Distrito Nacional acogiera una solicitud de aplazamiento hecha por la defensa de V\u00edctor D\u00edaz R\u00faa, en virtud de que uno de sus abogados dio positivo a la COVID-19, mientras que otro de esa barra est\u00e1 a la espera de los resultados. <\/span><\/p>\n<p><span class=\"text1noticias\"> <\/span><\/p>\n<p><span class=\"text1noticias\">El titular de la Procuradur\u00eda Especializada de Persecuci\u00f3n de la Corrupci\u00f3n Administrativa (Pepca ), Wilson Camacho, afirm\u00f3 que el Ministerio P\u00fablico est\u00e1 preparado para iniciar con la presentaci\u00f3n de las pruebas contra los imputados y dijo que hoy acudieron al tribunal varios testigos de los m\u00e1s de 20 que comparecer\u00e1n, entre ellos, varios ciudadanos brasile\u00f1os. <\/span><\/p>\n<p><span class=\"text1noticias\"> <\/span><\/p>\n<p><span class=\"text1noticias\">Al ofrecer declaraciones a la prensa a su salida del Palacio de Justicia de Ciudad Nueva, el magistrado Camacho dijo que los testigos est\u00e1n ofrecidos para acreditar en el tribunal la culpabilidad de cada uno de los imputados.<\/span><\/p>\n<p><span class=\"text1noticias\"> <\/span><\/p>\n<p><span class=\"text1noticias\">Las juezas Esmirna Gisselle M\u00e9ndez, Tania Yunes y Jissel Naranjo aplazaron para continuar el pr\u00f3ximo martes 8 de diciembre a las 9:00 de la ma\u00f1ana para iniciar con la presentaci\u00f3n de las pruebas por parte del Ministerio P\u00fablico.  <\/span><\/p>\n<p><span class=\"text1noticias\"> <\/span><\/p>\n<p><span class=\"text1noticias\">En el juicio, que se inici\u00f3 el pasado 5 de noviembre, el Ministerio P\u00fablico ha mantenido firme la acusaci\u00f3n contra los involucrados en este caso de corrupci\u00f3n. Los fiscales litigantes aseguran que, producto de las actividades fraudulentas y en complicidad con la multinacional brasile\u00f1a, durante el per\u00edodo de 2002 a 2017 los imputados incrementaron sus patrimonios familiares con montos millonarios imposibles de justificar. <\/span><\/p>\n<p><span class=\"text1noticias\"> <\/span><\/p>\n<p><span class=\"text1noticias\">El equipo litigante del Ministerio P\u00fablico lo encabeza el titular de la Procuradur\u00eda Especializada de Persecuci\u00f3n de la Corrupci\u00f3n Administrativa (Pepca), procurador adjunto Wilson Camacho, junto a los fiscales Mirna Ortiz, Milc\u00edades Guzm\u00e1n, Isis de la Cruz, Joel L\u00f3pez, \u00c1ngel Dar\u00edo Tejeda Fabal, Wagner Cubilete y Jos\u00e9 Miguel Marmolejos Vallejo, as\u00ed como los fiscalizadores Elizabeth Paredes Ram\u00edrez y Ernesto Guzm\u00e1n Alberto. <\/span><\/p>\n<p><span class=\"text1noticias\"> <\/span><\/p>\n<p><span class=\"text1noticias\">Por este caso son procesados el empresario \u00c1ngel Rond\u00f3n Rijo, el exdirector del Instituto Nacional de Aguas Potables y Alcantarillados (Inapa); el exministro de Obras P\u00fablicas V\u00edctor D\u00edaz R\u00faa, el abogado Conrado Pittaluga, el expresidente del Senado Andr\u00e9s Bautista, el exsenador de San Crist\u00f3bal Tommy Gal\u00e1n, y el tambi\u00e9n exdirector de Inapa Roberto Rodr\u00edguez.  <\/span><\/p>\n<p><span class=\"text1noticias\"> <\/span><\/p>\n<p><span class=\"text1noticias\">El grupo es acusado de los delitos de sobornos, prevaricaci\u00f3n, lavado de activos, enriquecimiento il\u00edcito y falsedad en escritura, que constituyen una violaci\u00f3n a varios art\u00edculos de la antigua Ley 72-02, sobre Lavado de Activos y Financiamiento del Terrorismo, y la Ley 448-06, sobre Soborno en el Comercio y la Inversi\u00f3n. <\/span><\/p>\n<p><span class=\"text1noticias\"> <\/span><\/p>\n<p><span class=\"text1noticias\"> <\/span><\/p>\n<p><span class=\"text1noticias\"> <\/span><\/p>\n<p><span class=\"text1noticias\">Responsabilidades<\/span><\/p>\n<p><span class=\"text1noticias\"> <\/span><\/p>\n<p><span class=\"text1noticias\">\u00c1ngel Rond\u00f3n Rijo, principal acusado del caso, se le atribuye haber recibido casi RD$1,000 millones y m\u00e1s de US$2.0 millones producto de sus acciones delictivas en perjuicio del Estado dominicano.   <\/span><\/p>\n<p><span class=\"text1noticias\"> <\/span><\/p>\n<p><span class=\"text1noticias\">Adem\u00e1s, al encartado V\u00edctor D\u00edaz R\u00faa se le imputa el maniobrar para difuminar el rastro de m\u00e1s de RD$400 millones, en tanto que el imputado Andr\u00e9s Bautista Garc\u00eda es acusado de introducir m\u00e1s de RD$1,800 millones en el sistema bancario en el indicado per\u00edodo <\/span><\/p>\n<p><span class=\"text1noticias\"> <\/span><\/p>\n<p><span class=\"text1noticias\">Igualmente, Conrado Pittaluga es acusado de administrar m\u00e1s de RD$100 millones en actividades il\u00edcitas relacionadas al caso de corrupci\u00f3n Odebrecht. <\/span><\/p>\n<p><span class=\"text1noticias\"> <\/span><\/p>\n<p><span class=\"text1noticias\">Al exsenador Gal\u00e1n Grull\u00f3n tambi\u00e9n se le atribuye aumentar ampliamente su patrimonio en 2016 cuando declar\u00f3 RD$31,704,547.00, para un incremento en este \u00faltimo a\u00f1o de RD$12,304,547.00.  <\/span><\/p>\n<p><span class=\"text1noticias\"> <\/span><\/p>\n<p><span class=\"text1noticias\">Mientras que Juan Roberto Rodr\u00edguez Hern\u00e1ndez es acusado de recibir sobornos.  Los miembros del Ministerio P\u00fablico se\u00f1alaron que dicho imputado en 2006 recibi\u00f3 ingresos por salarios por un monto de RD$2,047,772.98, pero coloc\u00f3 en el sistema financiero RD$23,070,050.33.   <\/span><\/p>\n<p><span class=\"text1noticias\"> <\/span><\/p>\n<p><span class=\"text1noticias\">Tras responder la acusaci\u00f3n por los hechos de corrupci\u00f3n durante el juicio, los imputados se negaron a responder las preguntas de los representantes del Ministerio P\u00fablico y someterse a un interrogatorio en el que sus afirmaciones confronten un debate contradictorio que contribuya a la edificaci\u00f3n del tribunal. <\/span><\/p>\n<p><span class=\"text1noticias\"> <\/span><\/p>\n<p><span class=\"text1noticias\"> <\/span><\/p>\n<p><span class=\"text1noticias\"> Fuente:Direcci\u00f3n de Comunicaci\u00f3n, Prensa y RRPP <\/span><\/p>\n<p><span class=\"text1noticias\">Procuradur\u00eda General-Ministerio P\u00fablico RD<\/span><\/p>\n<p><span class=\"text1noticias\">Direcci\u00f3n General de Comunicaci\u00f3n, Prensa y Relaciones P\u00fablicas <\/span><\/p>\n<p><span class=\"text1noticias\">Jueves, 3 de diciembre 2020.<\/span><\/p>\n<p><span class=\"text1noticias\">Procuradur\u00eda General de la Rep\u00fablica Dominicana<\/span><\/p>\n<\/p>\n<h6> 2020-12-03 12:41:53 <\/h6>\n<p><!--\n<link rel=\"stylesheet\" href=\"css\/bootstrap.min.css\">\n\n\n<ul class=\"pagination\">\n\t    \n\t\n\n<li >\n\t<a href='?page_no=127'>Previous<\/a>\n\t<\/li>\n\n\n       \n    \n\n<li><a href='?page_no=1'>1<\/a><\/li>\n\n\n\n<li><a href='?page_no=2'>2<\/a><\/li>\n\n\n\n<li><a>...<\/a><\/li>\n\n\n\n<li><a href='?page_no=126'>126<\/a><\/li>\n\n\n\n<li><a href='?page_no=127'>127<\/a><\/li>\n\n\n\n<li class='active'><a>128<\/a><\/li>\n\n\n\n<li><a href='?page_no=129'>129<\/a><\/li>\n\n\n\n<li><a href='?page_no=130'>130<\/a><\/li>\n\n\n\n<li><a>...<\/a><\/li>\n\n\n\n<li><a href='?page_no=136'>136<\/a><\/li>\n\n\n\n<li><a href='?page_no=137'>137<\/a><\/li>\n\n    \n\t\n\n<li >\n\t<a href='?page_no=129'>Next<\/a>\n\t<\/li>\n\n\n    \n\n<li><a href='?page_no=137'>Last &rsaquo;&rsaquo;<\/a><\/li>\n\n<\/ul>\n\n\n--><br \/>\n<\/body><\/p>\n","protected":false},"excerpt":{"rendered":"<p>diariodominicano.com Santo Domingo, R. D., 3 de noviembre, 2020.- El Ministerio P\u00fablico asegur\u00f3 que est\u00e1 listo para iniciar la presentaci\u00f3n de m\u00e1s de 1,700 pruebas contra los seis implicados en el caso de corrupci\u00f3n relativo a los US$92 millones de sobornos que pag\u00f3 la empresa brasile\u00f1a Odebrecht para lograr la adjudicaci\u00f3n de obras p\u00fablicas en [&hellip;]<\/p>\n","protected":false},"author":3,"featured_media":0,"comment_status":"open","ping_status":"open","sticky":false,"template":"","format":"standard","meta":{"footnotes":""},"categories":[24],"tags":[],"class_list":["post-261699","post","type-post","status-publish","format-standard","hentry","category-justicia-y-derecho"],"_links":{"self":[{"href":"https:\/\/diariodominicano.com\/index.php?rest_route=\/wp\/v2\/posts\/261699","targetHints":{"allow":["GET"]}}],"collection":[{"href":"https:\/\/diariodominicano.com\/index.php?rest_route=\/wp\/v2\/posts"}],"about":[{"href":"https:\/\/diariodominicano.com\/index.php?rest_route=\/wp\/v2\/types\/post"}],"author":[{"embeddable":true,"href":"https:\/\/diariodominicano.com\/index.php?rest_route=\/wp\/v2\/users\/3"}],"replies":[{"embeddable":true,"href":"https:\/\/diariodominicano.com\/index.php?rest_route=%2Fwp%2Fv2%2Fcomments&post=261699"}],"version-history":[{"count":0,"href":"https:\/\/diariodominicano.com\/index.php?rest_route=\/wp\/v2\/posts\/261699\/revisions"}],"wp:attachment":[{"href":"https:\/\/diariodominicano.com\/index.php?rest_route=%2Fwp%2Fv2%2Fmedia&parent=261699"}],"wp:term":[{"taxonomy":"category","embeddable":true,"href":"https:\/\/diariodominicano.com\/index.php?rest_route=%2Fwp%2Fv2%2Fcategories&post=261699"},{"taxonomy":"post_tag","embeddable":true,"href":"https:\/\/diariodominicano.com\/index.php?rest_route=%2Fwp%2Fv2%2Ftags&post=261699"}],"curies":[{"name":"wp","href":"https:\/\/api.w.org\/{rel}","templated":true}]}}