{"id":261698,"date":"2020-12-03T21:09:34","date_gmt":"2020-12-03T21:09:34","guid":{"rendered":"http:\/\/diariodominicano.ddns.net\/?p=261698"},"modified":"2020-12-03T21:09:34","modified_gmt":"2020-12-03T21:09:34","slug":"el-ministerio-publico-intensifica-allanamientos-por-operacion-anti-pulpo","status":"publish","type":"post","link":"https:\/\/diariodominicano.com\/?p=261698","title":{"rendered":"&#13;El Ministerio P\u00fablico intensifica allanamientos por Operaci\u00f3n Anti Pulpo"},"content":{"rendered":"<p><body><\/p>\n<p><img decoding=\"async\" src=\"http:\/\/localhost:8080\/img3\/allanmientos3-12-20.jpg\" \/>  <\/p>\n<p><span class=\"text1noticias\">diariodominicano.com<\/span><\/p>\n<p><span class=\"text1noticias\"> <\/span><\/p>\n<p><span class=\"text1noticias\">Santo Domingo, R. D., 3 de diciembre, 2020.- El Ministerio P\u00fablico intensific\u00f3 este jueves los allanamientos de residencias y empresas, as\u00ed como apresamientos de exfuncionarios, proveedores privilegiados y testaferros relacionados con la Operaci\u00f3n Anti Pulpo y que formaban parte de un entramado de corrupci\u00f3n administrativa que se val\u00eda de sus v\u00ednculos con el poder pol\u00edtico para enriquecerse a costa de los contribuyentes.<\/span><\/p>\n<p><span class=\"text1noticias\"> <\/span><\/p>\n<p><span class=\"text1noticias\">Los operativos, algunos de los cuales se iniciaron en horas de la tarde en el Distrito Nacional, forman parte de las m\u00faltiples acciones que desarrolla el cuerpo investigativo del \u00f3rgano acusador, compuesto por unos 50 fiscales y t\u00e9cnicos, para establecer los alcances de los delitos cometidos contra el Estado en este caso.<\/span><\/p>\n<p><span class=\"text1noticias\"> <\/span><\/p>\n<p><span class=\"text1noticias\">En horas de la ma\u00f1ana, el titular de la  Procuradur\u00eda Especializada de Persecuci\u00f3n de la Corrupci\u00f3n Administrativa (Pepca), Wilson Camacho, advirti\u00f3, al llegar al Palacio de Justicia de Ciudad Nueva para la audiencia del caso Odebrecht, que el Ministerio P\u00fablico alcanzar\u00e1 \u00aba todo el que tenga relaci\u00f3n\u00bb con los casos de malversaci\u00f3n de fondos p\u00fablicos que est\u00e1n bajo investigaci\u00f3n.<\/span><\/p>\n<p><span class=\"text1noticias\"> <\/span><\/p>\n<p><span class=\"text1noticias\">Al respecto, aclar\u00f3 que C\u00e9sar Prieto, el exfuncionario y dirigente del Partido de la Liberaci\u00f3n Dominicana (PLD) que se suicid\u00f3, \u00abno estaba incluido\u00bb entre los investigados dentro de la Operaci\u00f3n Anti Pulpo que llev\u00f3 a desarticular un entramado de corrupci\u00f3n encabezado por Juan Alexis Medina S\u00e1nchez.<\/span><\/p>\n<p><span class=\"text1noticias\"> <\/span><\/p>\n<p><span class=\"text1noticias\">Al lamentar el tr\u00e1gico suceso, el Ministerio P\u00fablico dej\u00f3 claro que la figura de Prieto no hab\u00eda surgido como un objetivo en ninguno de los procesos de corrupci\u00f3n que mantiene bajo investigaci\u00f3n. En ese contexto, confi\u00f3 en que, tanto las personas que interact\u00faan en las redes sociales, como las figuras del \u00e1mbito pol\u00edtico, respetar\u00e1n el dolor que en estos momentos aqueja a sus familiares y amigos.<\/span><\/p>\n<p><span class=\"text1noticias\">  <\/span><\/p>\n<p><span class=\"text1noticias\">La Pepca present\u00f3 el domingo, ante un juez de la instrucci\u00f3n, el expediente de la denominada \u00abOperaci\u00f3n Anti Pulpo\u00bb, en la que, adem\u00e1s, est\u00e1 incluida Carmen Magalys Medina S\u00e1nchez, hermana de Juan Alexis.<\/span><\/p>\n<p><span class=\"text1noticias\"> <\/span><\/p>\n<p><span class=\"text1noticias\">Junto a los hermanos Medina S\u00e1nchez, en el caso figuran Francisco Pag\u00e1n Rodr\u00edguez, Lorenzo Wilfredo Hidalgo N\u00fa\u00f1ez, Rafael Antonio Germos\u00e9n And\u00fajar, Fernando A. Rosa Rosa, Aquiles Alejandro Christopher S\u00e1nchez, Domingo Antonio Santiago Mu\u00f1oz, Juli\u00e1n Esteban Suriel Suazo y Jos\u00e9 Dolores Santana Carmona.<\/span><\/p>\n<p><span class=\"text1noticias\"> <\/span><\/p>\n<p><span class=\"text1noticias\">Las pesquisas, que llevaron a los primeros 10 apresamientos la madrugada del pasado domingo 29 de noviembre, se desarrollan bajo la coordinaci\u00f3n de la Pepca, con el apoyo de la Direcci\u00f3n General de Persecuci\u00f3n del Ministerio P\u00fablico.<\/span><\/p>\n<p><span class=\"text1noticias\"> <\/span><\/p>\n<p><span class=\"text1noticias\">A trav\u00e9s de un comunicado de la Direcci\u00f3n de Comunicaciones, la Pepca advirti\u00f3 que sus acciones para llevar a la justicia a los responsables de estos actos de corrupci\u00f3n solo tendr\u00e1n como l\u00edmite, tal y como lo ha venido planteando la procuradora general Miriam Germ\u00e1n Brito, la garant\u00eda de los derechos fundamentales de las personas investigadas.<\/span><\/p>\n<p><span class=\"text1noticias\"> <\/span><\/p>\n<p><span class=\"text1noticias\">\u00abEl \u00fanico l\u00edmite ser\u00e1 la tutela efectiva de los derechos de las personas arrestadas e imputadas\u00bb, insisti\u00f3 la Procuradur\u00eda General de la Rep\u00fablica en su comunicado.<\/span><\/p>\n<p><span class=\"text1noticias\"> <\/span><\/p>\n<p><span class=\"text1noticias\">La dependencia del Ministerio P\u00fablico indic\u00f3 que informar\u00e1 oportunamente de los resultados de los allanamientos que viene realizando desde el pasado fin de semana y que se intensificaron este jueves.<\/span><\/p>\n<p><span class=\"text1noticias\"> <\/span><\/p>\n<p><span class=\"text1noticias\"> Fuente: Direcci\u00f3n de Comunicaci\u00f3n, Prensa y RRPP <\/span><\/p>\n<p><span class=\"text1noticias\">Procuradur\u00eda General-Ministerio P\u00fablico RD <\/span><\/p>\n<p><span class=\"text1noticias\">Jueves, <\/span>3 de diciembre de 2020<\/p>\n<h6> 2020-12-03 21:09:34 <\/h6>\n<p><!--\n<link rel=\"stylesheet\" href=\"css\/bootstrap.min.css\">\n\n\n<ul class=\"pagination\">\n\t    \n\t\n\n<li >\n\t<a href='?page_no=126'>Previous<\/a>\n\t<\/li>\n\n\n       \n    \n\n<li><a href='?page_no=1'>1<\/a><\/li>\n\n\n\n<li><a href='?page_no=2'>2<\/a><\/li>\n\n\n\n<li><a>...<\/a><\/li>\n\n\n\n<li><a href='?page_no=125'>125<\/a><\/li>\n\n\n\n<li><a href='?page_no=126'>126<\/a><\/li>\n\n\n\n<li class='active'><a>127<\/a><\/li>\n\n\n\n<li><a href='?page_no=128'>128<\/a><\/li>\n\n\n\n<li><a href='?page_no=129'>129<\/a><\/li>\n\n\n\n<li><a>...<\/a><\/li>\n\n\n\n<li><a href='?page_no=136'>136<\/a><\/li>\n\n\n\n<li><a href='?page_no=137'>137<\/a><\/li>\n\n    \n\t\n\n<li >\n\t<a href='?page_no=128'>Next<\/a>\n\t<\/li>\n\n\n    \n\n<li><a href='?page_no=137'>Last &rsaquo;&rsaquo;<\/a><\/li>\n\n<\/ul>\n\n\n--><br \/>\n<\/body><\/p>\n","protected":false},"excerpt":{"rendered":"<p>diariodominicano.com Santo Domingo, R. D., 3 de diciembre, 2020.- El Ministerio P\u00fablico intensific\u00f3 este jueves los allanamientos de residencias y empresas, as\u00ed como apresamientos de exfuncionarios, proveedores privilegiados y testaferros relacionados con la Operaci\u00f3n Anti Pulpo y que formaban parte de un entramado de corrupci\u00f3n administrativa que se val\u00eda de sus v\u00ednculos con el poder [&hellip;]<\/p>\n","protected":false},"author":3,"featured_media":0,"comment_status":"open","ping_status":"open","sticky":false,"template":"","format":"standard","meta":{"footnotes":""},"categories":[24],"tags":[],"class_list":["post-261698","post","type-post","status-publish","format-standard","hentry","category-justicia-y-derecho"],"_links":{"self":[{"href":"https:\/\/diariodominicano.com\/index.php?rest_route=\/wp\/v2\/posts\/261698","targetHints":{"allow":["GET"]}}],"collection":[{"href":"https:\/\/diariodominicano.com\/index.php?rest_route=\/wp\/v2\/posts"}],"about":[{"href":"https:\/\/diariodominicano.com\/index.php?rest_route=\/wp\/v2\/types\/post"}],"author":[{"embeddable":true,"href":"https:\/\/diariodominicano.com\/index.php?rest_route=\/wp\/v2\/users\/3"}],"replies":[{"embeddable":true,"href":"https:\/\/diariodominicano.com\/index.php?rest_route=%2Fwp%2Fv2%2Fcomments&post=261698"}],"version-history":[{"count":0,"href":"https:\/\/diariodominicano.com\/index.php?rest_route=\/wp\/v2\/posts\/261698\/revisions"}],"wp:attachment":[{"href":"https:\/\/diariodominicano.com\/index.php?rest_route=%2Fwp%2Fv2%2Fmedia&parent=261698"}],"wp:term":[{"taxonomy":"category","embeddable":true,"href":"https:\/\/diariodominicano.com\/index.php?rest_route=%2Fwp%2Fv2%2Fcategories&post=261698"},{"taxonomy":"post_tag","embeddable":true,"href":"https:\/\/diariodominicano.com\/index.php?rest_route=%2Fwp%2Fv2%2Ftags&post=261698"}],"curies":[{"name":"wp","href":"https:\/\/api.w.org\/{rel}","templated":true}]}}