{"id":261697,"date":"2020-12-04T20:49:14","date_gmt":"2020-12-04T20:49:14","guid":{"rendered":"http:\/\/diariodominicano.ddns.net\/?p=261697"},"modified":"2020-12-04T20:49:14","modified_gmt":"2020-12-04T20:49:14","slug":"ministerio-publico-arresta-a-tres-personas-por-muertes-de-cientos-de-aves-migratorias-en-montecristi","status":"publish","type":"post","link":"https:\/\/diariodominicano.com\/?p=261697","title":{"rendered":"&#13;Ministerio P\u00fablico arresta a tres personas por muertes de cientos de aves migratorias en Montecristi&#13;"},"content":{"rendered":"<p><body><\/p>\n<p><img decoding=\"async\" src=\"http:\/\/localhost:8080\/img3\/palaciomontecristi4-12-20.jpg\" \/>  <\/p>\n<p><span class=\"text1noticias\"> diariodominicano.com<\/span><\/p>\n<p><span class=\"text1noticias\">  <\/span><\/p>\n<p><span class=\"text1noticias\">Montecristi, R. D., 4 de diciembre, 2020.- La Procuradur\u00eda Regional de Medio Ambiente y la Defensa de los Recursos Naturales de esta localidad someti\u00f3 a la justicia a tres personas acusadas de matar a cientos de patos y otras aves migratorias, en la comunidad Los Conucos.<\/span><\/p>\n<p><span class=\"text1noticias\"> <\/span><\/p>\n<p><span class=\"text1noticias\">Mediante la orden de arresto 611-1 2020, emitida por la Oficina Judicial de Servicios de Atenci\u00f3n Permanente del Juzgado de Instrucci\u00f3n del Distrito Judicial de Montecristi, la procuradora regional de Medio Ambiente, Sonia Espejo, logr\u00f3 la detenci\u00f3n de Salim William C. Nicolas, Pedro Andr\u00e9s Almonte y Jos\u00e9 Mar\u00eda Duquela (a) Muela.<\/span><\/p>\n<p><span class=\"text1noticias\"> <\/span><\/p>\n<p><span class=\"text1noticias\">Los detenidos se encuentran en la c\u00e1rcel preventiva de la Polic\u00eda Nacional de Montecristi, para ser presentados ante el Juzgado de Instrucci\u00f3n que conocer\u00e1 la solicitud de medidas de coerci\u00f3n.<\/span><\/p>\n<p><span class=\"text1noticias\"> <\/span><\/p>\n<p><span class=\"text1noticias\">A los imputados se les acusa de cazar cientos de aves, incluyendo patos silvestres, procedentes de la Florida, Estados Unidos, y luego exhibir estos animales en las redes sociales, como se\u00f1al de orgullo, en violaci\u00f3n de la Ley General sobre Medio Ambiente (64-00), Ley Societaria de Biodiversidad (333-15), Ley Sobre \u00c1reas Protegidas (202-4) y varias resoluciones del Ministerio de Medio Ambiente que proh\u00edben la cacer\u00eda de estos animales que vuelan al pa\u00eds por temporada.<\/span><\/p>\n<p><span class=\"text1noticias\"> <\/span><\/p>\n<p><span class=\"text1noticias\">La presentaci\u00f3n de la acusaci\u00f3n detalla que los hombres hab\u00edan subido v\u00eddeos a las redes sociales, exhibiendo los patos muertos. Adem\u00e1s, que el Ministerio P\u00fablico inici\u00f3 una investigaci\u00f3n que le permiti\u00f3 identificar el lugar de los hechos, obtener declaraciones de testigos, ubicar a los responsables y finalmente capturarlos en coordinaci\u00f3n con el Servicio Nacional de Protecci\u00f3n Ambiental (SENPA).<\/span><\/p>\n<p><span class=\"text1noticias\"> <\/span><\/p>\n<p><span class=\"text1noticias\">La magistrada Espejo expres\u00f3 que este hecho no puede quedar impune, dado la magnitud del da\u00f1o a la biodiversidad y a la naturaleza que causaron estas personas, al darles muerte de manera indiscriminada a estas aves, que se trasladan desde La Florida a Rep\u00fablica Dominicana y se refugian en los manglares y otros \u00e1rboles de la provincia de Montecristi.<\/span><\/p>\n<p><span class=\"text1noticias\"> <\/span><\/p>\n<p><span class=\"text1noticias\">Destac\u00f3 que se ha reunido con las principales autoridades civiles, gubernamentales y policiales de Montecristi, Dajab\u00f3n y Santiago Rodr\u00edguez, con l\u00edderes comunitarios, iglesias, clubes de padres y madres, con ambientalistas y personas que velan por el cuidado y protecci\u00f3n de los Recursos Naturales, en busca de fomentar la conciencia sobre el respeto que deben tener los ciudadanos al medio ambiente y los recursos naturales y las sanciones que implica la violaci\u00f3n de la Ley 64-00.<\/span><\/p>\n<p><span class=\"text1noticias\"> <\/span><\/p>\n<p><span class=\"text1noticias\">Fuente: Direcci\u00f3n de Comunicaci\u00f3n, Prensa y RRPP <\/span><\/p>\n<p><span class=\"text1noticias\">Procuradur\u00eda General-Ministerio P\u00fablico RD <\/span><\/p>\n<p><span class=\"text1noticias\">Viernes, 4 de diciemb<\/span>re de 2020.<\/p>\n<h6> 2020-12-04 20:49:14 <\/h6>\n<p><!--\n<link rel=\"stylesheet\" href=\"css\/bootstrap.min.css\">\n\n\n<ul class=\"pagination\">\n\t    \n\t\n\n<li >\n\t<a href='?page_no=125'>Previous<\/a>\n\t<\/li>\n\n\n       \n    \n\n<li><a href='?page_no=1'>1<\/a><\/li>\n\n\n\n<li><a href='?page_no=2'>2<\/a><\/li>\n\n\n\n<li><a>...<\/a><\/li>\n\n\n\n<li><a href='?page_no=124'>124<\/a><\/li>\n\n\n\n<li><a href='?page_no=125'>125<\/a><\/li>\n\n\n\n<li class='active'><a>126<\/a><\/li>\n\n\n\n<li><a href='?page_no=127'>127<\/a><\/li>\n\n\n\n<li><a href='?page_no=128'>128<\/a><\/li>\n\n\n\n<li><a>...<\/a><\/li>\n\n\n\n<li><a href='?page_no=136'>136<\/a><\/li>\n\n\n\n<li><a href='?page_no=137'>137<\/a><\/li>\n\n    \n\t\n\n<li >\n\t<a href='?page_no=127'>Next<\/a>\n\t<\/li>\n\n\n    \n\n<li><a href='?page_no=137'>Last &rsaquo;&rsaquo;<\/a><\/li>\n\n<\/ul>\n\n\n--><br \/>\n<\/body><\/p>\n","protected":false},"excerpt":{"rendered":"<p>diariodominicano.com Montecristi, R. D., 4 de diciembre, 2020.- La Procuradur\u00eda Regional de Medio Ambiente y la Defensa de los Recursos Naturales de esta localidad someti\u00f3 a la justicia a tres personas acusadas de matar a cientos de patos y otras aves migratorias, en la comunidad Los Conucos. Mediante la orden de arresto 611-1 2020, emitida [&hellip;]<\/p>\n","protected":false},"author":3,"featured_media":0,"comment_status":"open","ping_status":"open","sticky":false,"template":"","format":"standard","meta":{"footnotes":""},"categories":[24],"tags":[],"class_list":["post-261697","post","type-post","status-publish","format-standard","hentry","category-justicia-y-derecho"],"_links":{"self":[{"href":"https:\/\/diariodominicano.com\/index.php?rest_route=\/wp\/v2\/posts\/261697","targetHints":{"allow":["GET"]}}],"collection":[{"href":"https:\/\/diariodominicano.com\/index.php?rest_route=\/wp\/v2\/posts"}],"about":[{"href":"https:\/\/diariodominicano.com\/index.php?rest_route=\/wp\/v2\/types\/post"}],"author":[{"embeddable":true,"href":"https:\/\/diariodominicano.com\/index.php?rest_route=\/wp\/v2\/users\/3"}],"replies":[{"embeddable":true,"href":"https:\/\/diariodominicano.com\/index.php?rest_route=%2Fwp%2Fv2%2Fcomments&post=261697"}],"version-history":[{"count":0,"href":"https:\/\/diariodominicano.com\/index.php?rest_route=\/wp\/v2\/posts\/261697\/revisions"}],"wp:attachment":[{"href":"https:\/\/diariodominicano.com\/index.php?rest_route=%2Fwp%2Fv2%2Fmedia&parent=261697"}],"wp:term":[{"taxonomy":"category","embeddable":true,"href":"https:\/\/diariodominicano.com\/index.php?rest_route=%2Fwp%2Fv2%2Fcategories&post=261697"},{"taxonomy":"post_tag","embeddable":true,"href":"https:\/\/diariodominicano.com\/index.php?rest_route=%2Fwp%2Fv2%2Ftags&post=261697"}],"curies":[{"name":"wp","href":"https:\/\/api.w.org\/{rel}","templated":true}]}}