{"id":261696,"date":"2020-12-04T21:34:50","date_gmt":"2020-12-04T21:34:50","guid":{"rendered":"http:\/\/diariodominicano.ddns.net\/?p=261696"},"modified":"2020-12-04T21:34:50","modified_gmt":"2020-12-04T21:34:50","slug":"yeni-berenice-reynoso-y-wilson-camacho-encabezaran-equipo-de-fiscales-en-coercion-de-los-apresados-en-la-operacion-anti-pulpo","status":"publish","type":"post","link":"https:\/\/diariodominicano.com\/?p=261696","title":{"rendered":"Yeni Berenice Reynoso y Wilson Camacho encabezar\u00e1n equipo de fiscales en coerci\u00f3n de los apresados en la Operaci\u00f3n Anti Pulpo"},"content":{"rendered":"<p><body><\/p>\n<p><span class=\"text1noticias\"> diariodominicano.com<\/span><\/p>\n<p><span class=\"text1noticias\"> Santo Domingo, R. D., 4 de diciembre, 2020.- Los procuradores adjuntos Wilson Camacho y Yeni Berenice Reynoso encabezar\u00e1n la barra de fiscales que representar\u00e1 al Ministerio P\u00fablico en el conocimiento de la medida de coerci\u00f3n del proceso por corrupci\u00f3n derivado de la Operaci\u00f3n Anti Pulpo.<\/span><\/p>\n<p><span class=\"text1noticias\"> <\/span><\/p>\n<p><span class=\"text1noticias\">En su condici\u00f3n de directora general de Persecuci\u00f3n del Ministerio P\u00fablico y de titular de la Procuradur\u00eda Especializada de Persecuci\u00f3n de la Corrupci\u00f3n Administrativa (Pepca), Reynoso y Camacho dirigen el proceso investigativo que ha dado con un entramado de corrupci\u00f3n administrativa que permiti\u00f3 a exfuncionarios, proveedores privilegiados y testaferros enriquecerse con base en sus v\u00ednculos con el poder pol\u00edtico.<\/span><\/p>\n<p><span class=\"text1noticias\"> <\/span><\/p>\n<p><span class=\"text1noticias\">La audiencia para conocer la medida se desarrollar\u00e1 este domingo a las 10:00 de la ma\u00f1ana en el Palacio de Justicia de Ciudad Nueva.<\/span><\/p>\n<p><span class=\"text1noticias\"> <\/span><\/p>\n<p><span class=\"text1noticias\">Los representantes del \u00f3rgano de justicia plantean que las evidencias recolectadas por un equipo de 50 fiscales y t\u00e9cnicos, obtenidas en m\u00faltiples pesquisas, allanamientos e interrogatorios, ser\u00e1n suficientes para que la Oficina Judicial de Servicios de Atenci\u00f3n Permanente del Distrito Nacional decida declarar el caso complejo y env\u00ede a prisi\u00f3n preventiva a los 10 detenidos hasta el momento.<\/span><\/p>\n<p><span class=\"text1noticias\"> <\/span><\/p>\n<p><span class=\"text1noticias\">La Pepca present\u00f3 el domingo 29 de noviembre, ante un juez de instrucci\u00f3n, el expediente de la denominada \u00abOperaci\u00f3n Anti Pulpo\u00bb, que llev\u00f3 a desarticular un entramado de corrupci\u00f3n en el que est\u00e1n incluidos los hermanos Juan Alexis Medina S\u00e1nchez (quien encabeza el expediente) y Carmen Magalys Medina S\u00e1nchez.<\/span><\/p>\n<p><span class=\"text1noticias\"> <\/span><\/p>\n<p><span class=\"text1noticias\">Junto a los hermanos Medina S\u00e1nchez, en el caso figuran Francisco Pag\u00e1n Rodr\u00edguez, Lorenzo Wilfredo Hidalgo N\u00fa\u00f1ez, Rafael Antonio Germos\u00e9n Andujar, Fernando A. Rosa Rosa, Aquiles Alejandro Christopher S\u00e1nchez, Domingo Antonio Santiago Mu\u00f1oz, Juli\u00e1n Esteban Suriel Suazo y Jos\u00e9 Dolores Santana Carmona.<\/span><\/p>\n<p><span class=\"text1noticias\"> <\/span><\/p>\n<p><span class=\"text1noticias\">El juez Jos\u00e9 Alejandro Vargas fij\u00f3 para las 10:00 de la ma\u00f1ana del domingo el conocimiento de la solicitud de medida de coerci\u00f3n.<\/span><\/p>\n<\/p>\n<p><span class=\"text1noticias\">Fuente: Direcci\u00f3n de Comunicaci\u00f3n, Prensa y RRPP <\/span><\/p>\n<p><span class=\"text1noticias\">Procuradur\u00eda General-Ministerio P\u00fablico RD <\/span><\/p>\n<p><span class=\"text1noticias\">Viernes, 4 de diciembr<\/span>e de 2020.<\/p>\n<\/p>\n<\/p>\n<h6> 2020-12-04 21:34:50 <\/h6>\n<p><!--\n<link rel=\"stylesheet\" href=\"css\/bootstrap.min.css\">\n\n\n<ul class=\"pagination\">\n\t    \n\t\n\n<li >\n\t<a href='?page_no=124'>Previous<\/a>\n\t<\/li>\n\n\n       \n    \n\n<li><a href='?page_no=1'>1<\/a><\/li>\n\n\n\n<li><a href='?page_no=2'>2<\/a><\/li>\n\n\n\n<li><a>...<\/a><\/li>\n\n\n\n<li><a href='?page_no=123'>123<\/a><\/li>\n\n\n\n<li><a href='?page_no=124'>124<\/a><\/li>\n\n\n\n<li class='active'><a>125<\/a><\/li>\n\n\n\n<li><a href='?page_no=126'>126<\/a><\/li>\n\n\n\n<li><a href='?page_no=127'>127<\/a><\/li>\n\n\n\n<li><a>...<\/a><\/li>\n\n\n\n<li><a href='?page_no=136'>136<\/a><\/li>\n\n\n\n<li><a href='?page_no=137'>137<\/a><\/li>\n\n    \n\t\n\n<li >\n\t<a href='?page_no=126'>Next<\/a>\n\t<\/li>\n\n\n    \n\n<li><a href='?page_no=137'>Last &rsaquo;&rsaquo;<\/a><\/li>\n\n<\/ul>\n\n\n--><br \/>\n<\/body><\/p>\n","protected":false},"excerpt":{"rendered":"<p>diariodominicano.com Santo Domingo, R. D., 4 de diciembre, 2020.- Los procuradores adjuntos Wilson Camacho y Yeni Berenice Reynoso encabezar\u00e1n la barra de fiscales que representar\u00e1 al Ministerio P\u00fablico en el conocimiento de la medida de coerci\u00f3n del proceso por corrupci\u00f3n derivado de la Operaci\u00f3n Anti Pulpo. En su condici\u00f3n de directora general de Persecuci\u00f3n del [&hellip;]<\/p>\n","protected":false},"author":3,"featured_media":0,"comment_status":"open","ping_status":"open","sticky":false,"template":"","format":"standard","meta":{"footnotes":""},"categories":[24],"tags":[],"class_list":["post-261696","post","type-post","status-publish","format-standard","hentry","category-justicia-y-derecho"],"_links":{"self":[{"href":"https:\/\/diariodominicano.com\/index.php?rest_route=\/wp\/v2\/posts\/261696","targetHints":{"allow":["GET"]}}],"collection":[{"href":"https:\/\/diariodominicano.com\/index.php?rest_route=\/wp\/v2\/posts"}],"about":[{"href":"https:\/\/diariodominicano.com\/index.php?rest_route=\/wp\/v2\/types\/post"}],"author":[{"embeddable":true,"href":"https:\/\/diariodominicano.com\/index.php?rest_route=\/wp\/v2\/users\/3"}],"replies":[{"embeddable":true,"href":"https:\/\/diariodominicano.com\/index.php?rest_route=%2Fwp%2Fv2%2Fcomments&post=261696"}],"version-history":[{"count":0,"href":"https:\/\/diariodominicano.com\/index.php?rest_route=\/wp\/v2\/posts\/261696\/revisions"}],"wp:attachment":[{"href":"https:\/\/diariodominicano.com\/index.php?rest_route=%2Fwp%2Fv2%2Fmedia&parent=261696"}],"wp:term":[{"taxonomy":"category","embeddable":true,"href":"https:\/\/diariodominicano.com\/index.php?rest_route=%2Fwp%2Fv2%2Fcategories&post=261696"},{"taxonomy":"post_tag","embeddable":true,"href":"https:\/\/diariodominicano.com\/index.php?rest_route=%2Fwp%2Fv2%2Ftags&post=261696"}],"curies":[{"name":"wp","href":"https:\/\/api.w.org\/{rel}","templated":true}]}}