{"id":261693,"date":"2020-12-05T13:17:37","date_gmt":"2020-12-05T13:17:37","guid":{"rendered":"http:\/\/diariodominicano.ddns.net\/?p=261693"},"modified":"2020-12-05T13:17:37","modified_gmt":"2020-12-05T13:17:37","slug":"prision-preventiva-a-un-policia-y-garantia-economica-a-otro-por-agredir-a-una-mujer-en-salcedo","status":"publish","type":"post","link":"https:\/\/diariodominicano.com\/?p=261693","title":{"rendered":"Prisi\u00f3n preventiva a un polic\u00eda y garant\u00eda econ\u00f3mica a otro por agredir a una mujer en Salcedo"},"content":{"rendered":"<p><body><\/p>\n<p><strong>Diariodominicano.com<\/strong><\/p>\n<p><strong>Prisi\u00f3n preventiva a un polic\u00eda y garant\u00eda econ\u00f3mica a otro por agredir a una mujer en Salcedo<\/strong><\/p>\n<p><strong> <\/strong><\/p>\n<p><strong>HERMANAS MIRABAL, Rep\u00fablica Dominicana.-<\/strong> El Ministerio P\u00fablico de la provincia Hermanas Mirabal, obtuvo tres meses de prisi\u00f3n preventiva contra un miembro de la Polic\u00eda Nacional por causar lesiones permanentes con un arma de fuego a una mujer que se desplazaba en una motocicleta con destino al hospital p\u00fablico de Salcedo.<\/p>\n<\/p>\n<p>El magistrado Francis Antigua, juez interino del Juzgado de Instrucci\u00f3n de este distrito judicial, impuso la prisi\u00f3n preventiva contra el agente Juan Laureano de la Cruz, quien deber\u00e1 ir al Campamento de Operaciones Especiales de la Polic\u00eda a cumplir su medida de coerci\u00f3n. Mientras tanto, se fij\u00f3 el pago de 50,000 como garant\u00eda econ\u00f3mica a \u00c1ngel David Reynoso de Jes\u00fas, segundo implicado en el caso.<\/p>\n<\/p>\n<p>De acuerdo con lo establecido por el Ministerio P\u00fablico en la instancia con la solicitud de medidas de coerci\u00f3n, en la madrugada del 16 de noviembre, mientras la v\u00edctima se dirig\u00eda a bordo de una motocicleta hacia el hospital p\u00fablico de la ciudad de Salcedo en busca de asistencia m\u00e9dica, fue sorprendida por los dos agentes que salieron de la oscuridad en las inmediaciones del Parque Duarte de esta ciudad.<\/p>\n<\/p>\n<p>Los polic\u00edas mostraban un comportamiento agresivo y, sin mediar palabras, el imputado Juan Laureano de la Cruz realiz\u00f3 un disparo con un arma larga que alcanz\u00f3 a la v\u00edctima y le provoc\u00f3 una lesi\u00f3n muscular profunda en su pierna izquierda que la mantiene con incapacidad motora permanente.<\/p>\n<\/p>\n<p>La instancia se\u00f1ala, adem\u00e1s, que luego de realizar el disparo, los polic\u00edas intentaron agarrar sobre la marcha la motocicleta en la que se desplazaban la v\u00edctima y su acompa\u00f1ante, con la finalidad de que ambos perdieran el control. <\/p>\n<\/p>\n<p>El Ministerio P\u00fablico ha calificado este hecho provisionalmente como violaci\u00f3n a los art\u00edculos 265, 266, 309 y 310 del C\u00f3digo Penal Dominicano, y los art\u00edculos 66 y 67 de la ley 631-16 para el Control y Regulaci\u00f3n de Armas en perjuicio de la v\u00edctima.<\/p>\n<\/p>\n<\/p>\n<p>Direcci\u00f3n de Comunicaci\u00f3n, Prensa y RRPP<\/p>\n<\/p>\n<p>Procuradur\u00eda General-Ministerio P\u00fablico RD<\/p>\n<\/p>\n<p>S\u00e1bado, 5 de diciembre de 2020.<\/p>\n<\/p>\n<\/p>\n<h6> 2020-12-05 13:17:37 <\/h6>\n<p><!--\n<link rel=\"stylesheet\" href=\"css\/bootstrap.min.css\">\n\n\n<ul class=\"pagination\">\n\t    \n\t\n\n<li >\n\t<a href='?page_no=121'>Previous<\/a>\n\t<\/li>\n\n\n       \n    \n\n<li><a href='?page_no=1'>1<\/a><\/li>\n\n\n\n<li><a href='?page_no=2'>2<\/a><\/li>\n\n\n\n<li><a>...<\/a><\/li>\n\n\n\n<li><a href='?page_no=120'>120<\/a><\/li>\n\n\n\n<li><a href='?page_no=121'>121<\/a><\/li>\n\n\n\n<li class='active'><a>122<\/a><\/li>\n\n\n\n<li><a href='?page_no=123'>123<\/a><\/li>\n\n\n\n<li><a href='?page_no=124'>124<\/a><\/li>\n\n\n\n<li><a>...<\/a><\/li>\n\n\n\n<li><a href='?page_no=136'>136<\/a><\/li>\n\n\n\n<li><a href='?page_no=137'>137<\/a><\/li>\n\n    \n\t\n\n<li >\n\t<a href='?page_no=123'>Next<\/a>\n\t<\/li>\n\n\n    \n\n<li><a href='?page_no=137'>Last &rsaquo;&rsaquo;<\/a><\/li>\n\n<\/ul>\n\n\n--><br \/>\n<\/body><\/p>\n","protected":false},"excerpt":{"rendered":"<p>Diariodominicano.com Prisi\u00f3n preventiva a un polic\u00eda y garant\u00eda econ\u00f3mica a otro por agredir a una mujer en Salcedo HERMANAS MIRABAL, Rep\u00fablica Dominicana.- El Ministerio P\u00fablico de la provincia Hermanas Mirabal, obtuvo tres meses de prisi\u00f3n preventiva contra un miembro de la Polic\u00eda Nacional por causar lesiones permanentes con un arma de fuego a una mujer [&hellip;]<\/p>\n","protected":false},"author":3,"featured_media":0,"comment_status":"open","ping_status":"open","sticky":false,"template":"","format":"standard","meta":{"footnotes":""},"categories":[24],"tags":[],"class_list":["post-261693","post","type-post","status-publish","format-standard","hentry","category-justicia-y-derecho"],"_links":{"self":[{"href":"https:\/\/diariodominicano.com\/index.php?rest_route=\/wp\/v2\/posts\/261693","targetHints":{"allow":["GET"]}}],"collection":[{"href":"https:\/\/diariodominicano.com\/index.php?rest_route=\/wp\/v2\/posts"}],"about":[{"href":"https:\/\/diariodominicano.com\/index.php?rest_route=\/wp\/v2\/types\/post"}],"author":[{"embeddable":true,"href":"https:\/\/diariodominicano.com\/index.php?rest_route=\/wp\/v2\/users\/3"}],"replies":[{"embeddable":true,"href":"https:\/\/diariodominicano.com\/index.php?rest_route=%2Fwp%2Fv2%2Fcomments&post=261693"}],"version-history":[{"count":0,"href":"https:\/\/diariodominicano.com\/index.php?rest_route=\/wp\/v2\/posts\/261693\/revisions"}],"wp:attachment":[{"href":"https:\/\/diariodominicano.com\/index.php?rest_route=%2Fwp%2Fv2%2Fmedia&parent=261693"}],"wp:term":[{"taxonomy":"category","embeddable":true,"href":"https:\/\/diariodominicano.com\/index.php?rest_route=%2Fwp%2Fv2%2Fcategories&post=261693"},{"taxonomy":"post_tag","embeddable":true,"href":"https:\/\/diariodominicano.com\/index.php?rest_route=%2Fwp%2Fv2%2Ftags&post=261693"}],"curies":[{"name":"wp","href":"https:\/\/api.w.org\/{rel}","templated":true}]}}