{"id":261691,"date":"2020-12-05T13:47:11","date_gmt":"2020-12-05T13:47:11","guid":{"rendered":"http:\/\/diariodominicano.ddns.net\/?p=261691"},"modified":"2020-12-05T13:47:11","modified_gmt":"2020-12-05T13:47:11","slug":"el-ministerio-publico-arresta-a-otro-de-los-investigados-en-la-operacion-anti-pulpo","status":"publish","type":"post","link":"https:\/\/diariodominicano.com\/?p=261691","title":{"rendered":"El Ministerio P\u00fablico arresta a otro de los investigados en la Operaci\u00f3n Anti Pulpo"},"content":{"rendered":"<p><body><\/p>\n<p><strong>Diariodominicano.com<\/strong><\/p>\n<p><strong>El Ministerio P\u00fablico arresta a otro de los investigados en la Operaci\u00f3n Anti Pulpo<\/strong><\/p>\n<p><strong> <\/strong><\/p>\n<p><strong>Wacal Vernavel M\u00e9ndez Pineda est\u00e1 vinculado al entramado corrupto del que form\u00f3 parte Juan Alexis Medina S\u00e1nchez<\/strong><\/p>\n<p><strong> <\/strong><\/p>\n<p><strong>SANTO DOMINGO (Rep\u00fablica Dominicana).<\/strong>-El Ministerio P\u00fablico arrest\u00f3 anoche, como parte de la Operaci\u00f3n Anti Pulpo, a Wacal Vernavel M\u00e9ndez Pineda, uno de los ejecutivos de las empresas utilizadas por Juan Alexis Medina S\u00e1nchez en el entramado delictivo que le permiti\u00f3 beneficiarse con sumas millonarias, a trav\u00e9s de una relaci\u00f3n comercial con el Estado sustentada en sus v\u00ednculos con el poder pol\u00edtico.<\/p>\n<\/p>\n<p>El arresto de M\u00e9ndez Pineda se produjo en el sector Villa Carmen, en el municipio Santo Domingo Este.<\/p>\n<\/p>\n<p>M\u00e9ndez Pineda lleg\u00f3 a fungir como propietario casi absoluto, aunque luego cedi\u00f3 las acciones a dos hijos, de la empresa Fuel American Inc. Dominicana SRL, la cual luego traspas\u00f3 a Medina S\u00e1nchez.<\/p>\n<\/p>\n<p>La compa\u00f1\u00eda hizo negocios con el Estado a trav\u00e9s del Fondo Patrimonial de las Empresas Reformadas (Fonper) y la Polic\u00eda Nacional.<\/p>\n<\/p>\n<p>El Ministerio P\u00fablico inform\u00f3 este s\u00e1bado del apresamiento de M\u00e9ndez Pineda, en su inter\u00e9s de seguir manteniendo informada a toda la ciudadan\u00eda, pero siempre respetando los procedimientos legales y, sobre todo, el derecho de los imputados.<\/p>\n<\/p>\n<p>La Operaci\u00f3n Anti Pulpo abre paso a un expediente de corrupci\u00f3n que comienza a conocerse en los tribunales a partir de este domingo, cuando la Procuradur\u00eda Especializada de Persecuci\u00f3n de la Corrupci\u00f3n Administrativa (Pepca) y la Direcci\u00f3n General de Persecuci\u00f3n del Ministerio P\u00fablico, encabezadas por los magistrados Wilson Camacho y Yeni Berenice Reynoso, soliciten prisi\u00f3n preventiva contra Juan Alexis Medina S\u00e1nchez, quien forma parte de un primer grupo de diez detenidos.<\/p>\n<\/p>\n<p>Con Juan Alexis Medina S\u00e1nchez en el expediente figura su hermana Carmen Magalys Medina S\u00e1nchez.<\/p>\n<\/p>\n<p>Los dos hermanos son acusados por el Ministerio P\u00fablico por corrupci\u00f3n y lavado de activos y otros delitos, junto a los imputados Francisco Pag\u00e1n Rodr\u00edguez, Lorenzo Wilfredo Hidalgo N\u00fa\u00f1ez, Rafael Antonio Germos\u00e9n Andujar, Fernando A. Rosa Rosa, Aquiles Alejandro Christopher S\u00e1nchez, Domingo Antonio Santiago Mu\u00f1oz, Juli\u00e1n Esteban Suriel Suazo y Jos\u00e9 Dolores Santana Carmona.<\/p>\n<\/p>\n<\/p>\n<p>Direcci\u00f3n de Comunicaci\u00f3n, Prensa y RRPP<\/p>\n<\/p>\n<p>Procuradur\u00eda General-Ministerio P\u00fablico RD<\/p>\n<\/p>\n<p>S\u00e1bado, 5 de diciembre de 2020.<\/p>\n<h6> 2020-12-05 13:47:11 <\/h6>\n<p><!--\n<link rel=\"stylesheet\" href=\"css\/bootstrap.min.css\">\n\n\n<ul class=\"pagination\">\n\t    \n\t\n\n<li >\n\t<a href='?page_no=119'>Previous<\/a>\n\t<\/li>\n\n\n       \n    \n\n<li><a href='?page_no=1'>1<\/a><\/li>\n\n\n\n<li><a href='?page_no=2'>2<\/a><\/li>\n\n\n\n<li><a>...<\/a><\/li>\n\n\n\n<li><a href='?page_no=118'>118<\/a><\/li>\n\n\n\n<li><a href='?page_no=119'>119<\/a><\/li>\n\n\n\n<li class='active'><a>120<\/a><\/li>\n\n\n\n<li><a href='?page_no=121'>121<\/a><\/li>\n\n\n\n<li><a href='?page_no=122'>122<\/a><\/li>\n\n\n\n<li><a>...<\/a><\/li>\n\n\n\n<li><a href='?page_no=136'>136<\/a><\/li>\n\n\n\n<li><a href='?page_no=137'>137<\/a><\/li>\n\n    \n\t\n\n<li >\n\t<a href='?page_no=121'>Next<\/a>\n\t<\/li>\n\n\n    \n\n<li><a href='?page_no=137'>Last &rsaquo;&rsaquo;<\/a><\/li>\n\n<\/ul>\n\n\n--><br \/>\n<\/body><\/p>\n","protected":false},"excerpt":{"rendered":"<p>Diariodominicano.com El Ministerio P\u00fablico arresta a otro de los investigados en la Operaci\u00f3n Anti Pulpo Wacal Vernavel M\u00e9ndez Pineda est\u00e1 vinculado al entramado corrupto del que form\u00f3 parte Juan Alexis Medina S\u00e1nchez SANTO DOMINGO (Rep\u00fablica Dominicana).-El Ministerio P\u00fablico arrest\u00f3 anoche, como parte de la Operaci\u00f3n Anti Pulpo, a Wacal Vernavel M\u00e9ndez Pineda, uno de los [&hellip;]<\/p>\n","protected":false},"author":3,"featured_media":0,"comment_status":"open","ping_status":"open","sticky":false,"template":"","format":"standard","meta":{"footnotes":""},"categories":[24],"tags":[],"class_list":["post-261691","post","type-post","status-publish","format-standard","hentry","category-justicia-y-derecho"],"_links":{"self":[{"href":"https:\/\/diariodominicano.com\/index.php?rest_route=\/wp\/v2\/posts\/261691","targetHints":{"allow":["GET"]}}],"collection":[{"href":"https:\/\/diariodominicano.com\/index.php?rest_route=\/wp\/v2\/posts"}],"about":[{"href":"https:\/\/diariodominicano.com\/index.php?rest_route=\/wp\/v2\/types\/post"}],"author":[{"embeddable":true,"href":"https:\/\/diariodominicano.com\/index.php?rest_route=\/wp\/v2\/users\/3"}],"replies":[{"embeddable":true,"href":"https:\/\/diariodominicano.com\/index.php?rest_route=%2Fwp%2Fv2%2Fcomments&post=261691"}],"version-history":[{"count":0,"href":"https:\/\/diariodominicano.com\/index.php?rest_route=\/wp\/v2\/posts\/261691\/revisions"}],"wp:attachment":[{"href":"https:\/\/diariodominicano.com\/index.php?rest_route=%2Fwp%2Fv2%2Fmedia&parent=261691"}],"wp:term":[{"taxonomy":"category","embeddable":true,"href":"https:\/\/diariodominicano.com\/index.php?rest_route=%2Fwp%2Fv2%2Fcategories&post=261691"},{"taxonomy":"post_tag","embeddable":true,"href":"https:\/\/diariodominicano.com\/index.php?rest_route=%2Fwp%2Fv2%2Ftags&post=261691"}],"curies":[{"name":"wp","href":"https:\/\/api.w.org\/{rel}","templated":true}]}}