{"id":261689,"date":"2020-12-05T19:54:16","date_gmt":"2020-12-05T19:54:16","guid":{"rendered":"http:\/\/diariodominicano.ddns.net\/?p=261689"},"modified":"2020-12-05T19:54:16","modified_gmt":"2020-12-05T19:54:16","slug":"cabo-policial-denuncia-tiene-nueve-meses-pn-no-le-paga-pension","status":"publish","type":"post","link":"https:\/\/diariodominicano.com\/?p=261689","title":{"rendered":"Cabo Policial denuncia tiene nueve meses PN no le paga pensi\u00f3n"},"content":{"rendered":"<p><body><\/p>\n<p><img decoding=\"async\" src=\"http:\/\/localhost:8080\/img3\/cabopn.jpg\" \/>  <\/p>\n<p><strong>Cabo Policial denuncia instituci\u00f3n tiene nueve meses no le paga pensi\u00f3n<\/strong><\/p>\n<p><strong> <\/strong><\/p>\n<p><strong>Por Jos\u00e9 Thomas<\/strong><\/p>\n<\/p>\n<p><strong> <\/strong><\/p>\n<p><strong>San Crist\u00f3bal. <\/strong>Un cabo de la Polic\u00eda, en situaci\u00f3n de retiro discapacitado de la pierna derecha, denunci\u00f3 hoy que la anterior jefatura que encabez\u00f3 el general Neil Aldrin Bautista Almonte, dej\u00f3 de pagarle su salario durante nueve meses acumulando un atraso de RD$72 mil pesos.  <\/p>\n<\/p>\n<\/p>\n<p>El alistado Juan Remilio Ortiz Figuereo, quien reside en la calle Principal de la comunidad de Jamey, en esta provincia, revel\u00f3 en ocasiones ha intentado entrevistarse con el encargado de Recursos Humanos, asegurando que es bloqueado por un personal que impide a los pensionados explicar la situaci\u00f3n que les afecta.<\/p>\n<\/p>\n<\/p>\n<p>Se\u00f1al\u00f3 que esos nueve meses de atraso le han ocasionado serios problemas econ\u00f3micos que incluyen deudas por las medicinas, alquiler de la vivienda, en colmados, de servicios como luz y tel\u00e9fono.<\/p>\n<\/p>\n<\/p>\n<p>En ese sentido, solicit\u00f3 al presidente Luis Abinader su intervenci\u00f3n para que el director de la Polic\u00eda, mayor general Edward S\u00e1nchez Gonz\u00e1lez, ordene les sean entregados los 72 mil pesos atrasados con los cuales pagar\u00eda las deudas pendientes y suplir\u00eda las necesidades de alimentaci\u00f3n de su familia y adquirir\u00eda equipos que necesitan sus hijos para recibir las clases virtuales.<\/p>\n<\/p>\n<\/p>\n<p>Ortiz Figuereo fue pensionado el 27 de febrero del 1998 tras resultar herido de un cartuchazo en la pierna derecha por el raso Jhonny D Oleo Garc\u00eda que se encontraba en estado de embriaguez estando ambos de servicios en el Centro de Rehabilitaci\u00f3n Najayo-Hombres y por cuyo hecho fue cancelado y condenado a 10 a\u00f1os de prisi\u00f3n.<\/p>\n<\/p>\n<\/p>\n<p>La herida propinada al cabo Ortiz Figuereo motiv\u00f3 que le amputaran la pierna derecha cuya condici\u00f3n le ha impedido desempe\u00f1arse con normalidad en la sociedad. \u00abDe igual manera necesito que me tomen en cuenta a fin de que el Ministerio de Salud P\u00fablica o la direcci\u00f3n de la Polic\u00eda me faciliten una pr\u00f3tesis.\u00bb, apunt\u00f3.<\/p>\n<\/p>\n<h6> 2020-12-05 19:54:16 <\/h6>\n<p><!--\n<link rel=\"stylesheet\" href=\"css\/bootstrap.min.css\">\n\n\n<ul class=\"pagination\">\n\t    \n\t\n\n<li >\n\t<a href='?page_no=118'>Previous<\/a>\n\t<\/li>\n\n\n       \n    \n\n<li><a href='?page_no=1'>1<\/a><\/li>\n\n\n\n<li><a href='?page_no=2'>2<\/a><\/li>\n\n\n\n<li><a>...<\/a><\/li>\n\n\n\n<li><a href='?page_no=117'>117<\/a><\/li>\n\n\n\n<li><a href='?page_no=118'>118<\/a><\/li>\n\n\n\n<li class='active'><a>119<\/a><\/li>\n\n\n\n<li><a href='?page_no=120'>120<\/a><\/li>\n\n\n\n<li><a href='?page_no=121'>121<\/a><\/li>\n\n\n\n<li><a>...<\/a><\/li>\n\n\n\n<li><a href='?page_no=136'>136<\/a><\/li>\n\n\n\n<li><a href='?page_no=137'>137<\/a><\/li>\n\n    \n\t\n\n<li >\n\t<a href='?page_no=120'>Next<\/a>\n\t<\/li>\n\n\n    \n\n<li><a href='?page_no=137'>Last &rsaquo;&rsaquo;<\/a><\/li>\n\n<\/ul>\n\n\n--><br \/>\n<\/body><\/p>\n","protected":false},"excerpt":{"rendered":"<p>Cabo Policial denuncia instituci\u00f3n tiene nueve meses no le paga pensi\u00f3n Por Jos\u00e9 Thomas San Crist\u00f3bal. Un cabo de la Polic\u00eda, en situaci\u00f3n de retiro discapacitado de la pierna derecha, denunci\u00f3 hoy que la anterior jefatura que encabez\u00f3 el general Neil Aldrin Bautista Almonte, dej\u00f3 de pagarle su salario durante nueve meses acumulando un atraso [&hellip;]<\/p>\n","protected":false},"author":3,"featured_media":0,"comment_status":"open","ping_status":"open","sticky":false,"template":"","format":"standard","meta":{"footnotes":""},"categories":[24],"tags":[],"class_list":["post-261689","post","type-post","status-publish","format-standard","hentry","category-justicia-y-derecho"],"_links":{"self":[{"href":"https:\/\/diariodominicano.com\/index.php?rest_route=\/wp\/v2\/posts\/261689","targetHints":{"allow":["GET"]}}],"collection":[{"href":"https:\/\/diariodominicano.com\/index.php?rest_route=\/wp\/v2\/posts"}],"about":[{"href":"https:\/\/diariodominicano.com\/index.php?rest_route=\/wp\/v2\/types\/post"}],"author":[{"embeddable":true,"href":"https:\/\/diariodominicano.com\/index.php?rest_route=\/wp\/v2\/users\/3"}],"replies":[{"embeddable":true,"href":"https:\/\/diariodominicano.com\/index.php?rest_route=%2Fwp%2Fv2%2Fcomments&post=261689"}],"version-history":[{"count":0,"href":"https:\/\/diariodominicano.com\/index.php?rest_route=\/wp\/v2\/posts\/261689\/revisions"}],"wp:attachment":[{"href":"https:\/\/diariodominicano.com\/index.php?rest_route=%2Fwp%2Fv2%2Fmedia&parent=261689"}],"wp:term":[{"taxonomy":"category","embeddable":true,"href":"https:\/\/diariodominicano.com\/index.php?rest_route=%2Fwp%2Fv2%2Fcategories&post=261689"},{"taxonomy":"post_tag","embeddable":true,"href":"https:\/\/diariodominicano.com\/index.php?rest_route=%2Fwp%2Fv2%2Ftags&post=261689"}],"curies":[{"name":"wp","href":"https:\/\/api.w.org\/{rel}","templated":true}]}}