{"id":261688,"date":"2020-12-06T12:50:41","date_gmt":"2020-12-06T12:50:41","guid":{"rendered":"http:\/\/diariodominicano.ddns.net\/?p=261688"},"modified":"2020-12-06T12:50:41","modified_gmt":"2020-12-06T12:50:41","slug":"el-ministerio-publico-listo-para-el-conocimiento-de-la-coercion-contra-11-encartados-en-el-expediente-de-corrupcion-surgido-de-la-operacion-anti-pulpo","status":"publish","type":"post","link":"https:\/\/diariodominicano.com\/?p=261688","title":{"rendered":"&#13;El Ministerio P\u00fablico listo para el conocimiento de la coerci\u00f3n contra 11 encartados en el expediente de corrupci\u00f3n surgido de la Operaci\u00f3n Anti Pulpo"},"content":{"rendered":"<p><body><\/p>\n<p><img decoding=\"async\" src=\"http:\/\/localhost:8080\/img3\/YeniBerenice-Antipulpo6-12-20.JPG\" \/>  <\/p>\n<p><span class=\"text1noticias\">diariodominicano.com<\/span><\/p>\n<p><span class=\"text1noticias\"> <\/span><\/p>\n<p><span class=\"text1noticias\">Snto Domingo, R. D., 6 de diciembre, 2020.-  El juez Jos\u00e9 Alejandro Vargas, de la Oficina Judicial de Servicios de Atenci\u00f3n Permanente del Distrito Nacional, dispuso este domingo la fusi\u00f3n del expediente del imputado Wacal Vernavel M\u00e9ndez Pineda con el de los primeros 10 detenidos por el Ministerio P\u00fablico en el expediente de corrupci\u00f3n administrativa derivado de la Operaci\u00f3n Anti Pulpo. <\/span><\/p>\n<p><span class=\"text1noticias\"> <\/span><\/p>\n<p><span class=\"text1noticias\">En el inicio de la audiencia para conocer las medidas de coerci\u00f3n, el magistrado Vargas tom\u00f3 la decisi\u00f3n luego de que la directora general de Persecuci\u00f3n del Ministerio P\u00fablico, Yeni Berenice Reynoso, hiciera la solicitud con apego a principios de racionalidad y econom\u00eda procesal. <\/span><\/p>\n<p><span class=\"text1noticias\"> <\/span><\/p>\n<p><span class=\"text1noticias\">M\u00e9ndez Pineda es el \u00faltimo arrestado en el marco de las investigaciones que dieron con el entramado de exfuncionarios, proveedores privilegiados y testaferros que se aprovecharon de sus v\u00ednculos con el poder pol\u00edtico para enriquecerse a costa de los recursos aportados al Estado por los contribuyentes. <\/span><\/p>\n<p><span class=\"text1noticias\"> <\/span><\/p>\n<p><span class=\"text1noticias\">En el expediente figuran como encartados los hermanos Juan Alexis Medina S\u00e1nchez y su hermana Carmen Magalys Medina S\u00e1nchez. Adem\u00e1s, los exfuncionarios Francisco Pag\u00e1n Rodr\u00edguez, Lorenzo Wilfredo Hidalgo N\u00fa\u00f1ez, Rafael Antonio Germos\u00e9n Andujar, Fernando A. Rosa Rosa, Aquiles Alejandro Christopher S\u00e1nchez, Domingo Antonio Santiago Mu\u00f1oz, Juli\u00e1n Esteban Suriel Suazo y Jos\u00e9 Dolores Santana Carmona.<\/span><\/p>\n<p><span class=\"text1noticias\"> <\/span><\/p>\n<p><span class=\"text1noticias\">El juez Vargas tambi\u00e9n rechaz\u00f3 el pedimento de la defensa de varios de los encartados en el sentido de que se aplazara el conocimiento de la medida. El magistrado entendi\u00f3 que no debe alargar la definici\u00f3n de la situaci\u00f3n jur\u00eddica de quienes guardan prisi\u00f3n en la c\u00e1rcel preventiva del Palacio de Justicia de Ciudad Nueva bajo cargos de corrupci\u00f3n administrativa.<\/span><\/p>\n<p><span class=\"text1noticias\"> <\/span><\/p>\n<p><span class=\"text1noticias\">Ante las intervenciones de algunos abogados, que alegaban haber dispuesto de poco tiempo para planificar la defensa con sus clientes a pesar de que admit\u00edan que hab\u00edan le\u00eddo las 267 p\u00e1ginas de la instancia instrumentada por el Ministerio P\u00fablico, el juez record\u00f3 que la actual fase del proceso consiste en una medida de coerci\u00f3n y no en un juicio de fondo. No obstante, concedi\u00f3 45 minutos para que los imputados y sus representantes realicen las reuniones que entiendan necesarias. <\/span><\/p>\n<p><span class=\"text1noticias\"> <\/span><\/p>\n<p><span class=\"text1noticias\">\u00abNo ha habido unificaci\u00f3n de la defensa, nosotros estamos listos para conocer esta medida de coerci\u00f3n. Nosotros podemos comprender que se quiera huir al conocimiento de ella, pero nosotros estamos listos en el d\u00eda de hoy\u00bb, expuso al respecto el magistrado Wilson Camacho, titular de la Procuradur\u00eda Especializada de Persecuci\u00f3n de la Corrupci\u00f3n Administrativa (Pepca), dependencia que coordina la Operaci\u00f3n Anti Pulpo. <\/span><\/p>\n<p><span class=\"text1noticias\"> <\/span><\/p>\n<p><span class=\"text1noticias\">Los procuradores adjuntos Reynoso y Camacho encabezan el equipo de fiscales que representan al Ministerio P\u00fablico en esta audiencia.<\/span><\/p>\n<p><span class=\"text1noticias\"> <\/span><\/p>\n<p><span class=\"text1noticias\">Fuente: Direcci\u00f3n de Comunicaci\u00f3n, Prensa y RRPP<\/span> <\/p>\n<p><span class=\"text1noticias\">Procuradur\u00eda General-Ministerio P\u00fablico RD <\/span><\/p>\n<p><span class=\"text1noticias\">Domingo,<\/span> 6 de diciembre de 2020<\/p>\n<h6> 2020-12-06 12:50:41 <\/h6>\n<p><!--\n<link rel=\"stylesheet\" href=\"css\/bootstrap.min.css\">\n\n\n<ul class=\"pagination\">\n\t    \n\t\n\n<li >\n\t<a href='?page_no=117'>Previous<\/a>\n\t<\/li>\n\n\n       \n    \n\n<li><a href='?page_no=1'>1<\/a><\/li>\n\n\n\n<li><a href='?page_no=2'>2<\/a><\/li>\n\n\n\n<li><a>...<\/a><\/li>\n\n\n\n<li><a href='?page_no=116'>116<\/a><\/li>\n\n\n\n<li><a href='?page_no=117'>117<\/a><\/li>\n\n\n\n<li class='active'><a>118<\/a><\/li>\n\n\n\n<li><a href='?page_no=119'>119<\/a><\/li>\n\n\n\n<li><a href='?page_no=120'>120<\/a><\/li>\n\n\n\n<li><a>...<\/a><\/li>\n\n\n\n<li><a href='?page_no=136'>136<\/a><\/li>\n\n\n\n<li><a href='?page_no=137'>137<\/a><\/li>\n\n    \n\t\n\n<li >\n\t<a href='?page_no=119'>Next<\/a>\n\t<\/li>\n\n\n    \n\n<li><a href='?page_no=137'>Last &rsaquo;&rsaquo;<\/a><\/li>\n\n<\/ul>\n\n\n--><br \/>\n<\/body><\/p>\n","protected":false},"excerpt":{"rendered":"<p>diariodominicano.com Snto Domingo, R. D., 6 de diciembre, 2020.- El juez Jos\u00e9 Alejandro Vargas, de la Oficina Judicial de Servicios de Atenci\u00f3n Permanente del Distrito Nacional, dispuso este domingo la fusi\u00f3n del expediente del imputado Wacal Vernavel M\u00e9ndez Pineda con el de los primeros 10 detenidos por el Ministerio P\u00fablico en el expediente de corrupci\u00f3n [&hellip;]<\/p>\n","protected":false},"author":3,"featured_media":0,"comment_status":"open","ping_status":"open","sticky":false,"template":"","format":"standard","meta":{"footnotes":""},"categories":[24],"tags":[],"class_list":["post-261688","post","type-post","status-publish","format-standard","hentry","category-justicia-y-derecho"],"_links":{"self":[{"href":"https:\/\/diariodominicano.com\/index.php?rest_route=\/wp\/v2\/posts\/261688","targetHints":{"allow":["GET"]}}],"collection":[{"href":"https:\/\/diariodominicano.com\/index.php?rest_route=\/wp\/v2\/posts"}],"about":[{"href":"https:\/\/diariodominicano.com\/index.php?rest_route=\/wp\/v2\/types\/post"}],"author":[{"embeddable":true,"href":"https:\/\/diariodominicano.com\/index.php?rest_route=\/wp\/v2\/users\/3"}],"replies":[{"embeddable":true,"href":"https:\/\/diariodominicano.com\/index.php?rest_route=%2Fwp%2Fv2%2Fcomments&post=261688"}],"version-history":[{"count":0,"href":"https:\/\/diariodominicano.com\/index.php?rest_route=\/wp\/v2\/posts\/261688\/revisions"}],"wp:attachment":[{"href":"https:\/\/diariodominicano.com\/index.php?rest_route=%2Fwp%2Fv2%2Fmedia&parent=261688"}],"wp:term":[{"taxonomy":"category","embeddable":true,"href":"https:\/\/diariodominicano.com\/index.php?rest_route=%2Fwp%2Fv2%2Fcategories&post=261688"},{"taxonomy":"post_tag","embeddable":true,"href":"https:\/\/diariodominicano.com\/index.php?rest_route=%2Fwp%2Fv2%2Ftags&post=261688"}],"curies":[{"name":"wp","href":"https:\/\/api.w.org\/{rel}","templated":true}]}}