{"id":261687,"date":"2020-12-06T20:42:07","date_gmt":"2020-12-06T20:42:07","guid":{"rendered":"http:\/\/diariodominicano.ddns.net\/?p=261687"},"modified":"2020-12-06T20:42:07","modified_gmt":"2020-12-06T20:42:07","slug":"carmen-magalys-medina-sanchez-era-una-via-para-favorecer-desde-el-fonper-a-la-red-de-corrupcion-desarticulada-por-la-operacion-pulpo","status":"publish","type":"post","link":"https:\/\/diariodominicano.com\/?p=261687","title":{"rendered":"Carmen Magalys Medina S\u00e1nchez era una v\u00eda para favorecer desde el Fonper a la red de corrupci\u00f3n desarticulada por la Operaci\u00f3n Pulpo"},"content":{"rendered":"<p><body><\/p>\n<p><img decoding=\"async\" src=\"http:\/\/localhost:8080\/img3\/ProcuraduriaOperacionPulpo6-12-20.JPG\" \/>  <\/p>\n<p><strong> <span class=\"text1noticias\">diariodominicano.com<\/span><\/strong><\/p>\n<p><strong><span class=\"text1noticias\"> Camacho plante\u00f3 que, en su condici\u00f3n de vicepresidenta administrativa del Fondo Patrimonial de las Empresas Reformadas (Fonper), Medina S\u00e1nchez maniobr\u00f3 para que su hermano Juan Alexis Medina S\u00e1nchez fuera beneficiado con la asignaci\u00f3n de contratos para suplir bienes al Estado.<\/span><\/strong><\/p>\n<p><span class=\"text1noticias\"> <\/span><\/p>\n<p><span class=\"text1noticias\"><strong>Santo Domingo, R. D., 6 de diciembre, 2020.-<\/strong> El magistrado Wilson Camacho solicit\u00f3 al juez de la instrucci\u00f3n la imposici\u00f3n de prisi\u00f3n preventiva contra Carmen Magalys Medina S\u00e1nchez.<\/span><\/p>\n<p><span class=\"text1noticias\"> <\/span><\/p>\n<p><span class=\"text1noticias\">Camacho plante\u00f3 que, en su condici\u00f3n de vicepresidenta administrativa del Fondo Patrimonial de las Empresas Reformadas (Fonper), Medina S\u00e1nchez maniobr\u00f3 para que su hermano Juan Alexis Medina S\u00e1nchez fuera beneficiado con la asignaci\u00f3n de contratos para suplir bienes al Estado.<\/span><\/p>\n<p><span class=\"text1noticias\"> <\/span><\/p>\n<p><span class=\"text1noticias\">Record\u00f3 el refr\u00e1n que reza \u00ablo mucho hasta Dios lo ve\u00bb, al referirse a la forma en que el Fonper llam\u00f3 a procesos de contrataci\u00f3n por comparaci\u00f3n de precios y cit\u00f3 uno en el que se presentaron seis empresas, de las cuales cinco eran de su hermano Juan Alexis.<\/span><\/p>\n<p><span class=\"text1noticias\"> <\/span><\/p>\n<p><span class=\"text1noticias\">Sostuvo que Carmen Magalys se convirti\u00f3 en \u00abuna v\u00eda para que las empresas de su hermano pudieran ganar procesos de licitaci\u00f3n por comparaci\u00f3n de precios en el Fonper\u00bb, como se evidencia en al menos 23 casos.<\/span><\/p>\n<p><span class=\"text1noticias\"> <\/span><\/p>\n<p><span class=\"text1noticias\">\u00ab\u00bfY es que Magalys tampoco sab\u00eda que Alexis (su hermano) era proveedor del Estado?, \u00bfEn este pa\u00eds los \u00fanicos que no sab\u00edan que Alexis era proveedor del Estado eran sus hermanos?\u00bb, se pregunt\u00f3.<\/span><\/p>\n<p><span class=\"text1noticias\"> <\/span><\/p>\n<p><span class=\"text1noticias\">Record\u00f3 que siendo Carmen Magalys vicepresidenta del Fonper, su hermana, la exdiputada Luc\u00eda Medina S\u00e1nchez, recibi\u00f3 al menos 78 millones de pesos para una fundaci\u00f3n a trav\u00e9s de la cual ejecutaba acciones asistencialistas y de proselitismo en su provincia San Juan.<\/span><\/p>\n<p><span class=\"text1noticias\"> <\/span><\/p>\n<p><span class=\"text1noticias\">Camacho insisti\u00f3, al igual que la procuradora adjunta Yeni Berenice Reynoso, que Carmen Magalys viol\u00f3 la Ley de Declaraci\u00f3n de Patrimonio, que incluye sanciones penales que tambi\u00e9n deben ser consideradas en contra de los imputados por incumplimiento.<\/span><\/p>\n<p><span class=\"text1noticias\"> <\/span><\/p>\n<p><span class=\"text1noticias\">El Ministerio P\u00fablico insisti\u00f3 en que el tribunal deb\u00eda imponer una coerci\u00f3n que garantice la presentaci\u00f3n de Carmen Magalys a la justicia, que evite la destrucci\u00f3n de pruebas y, adem\u00e1s, que se intimiden a testigos del expediente estructurado como resultado de la Operaci\u00f3n Anti Pulpo.<\/span><\/p>\n<p><span class=\"text1noticias\"> <\/span><\/p>\n<p><span class=\"text1noticias\">Record\u00f3 que a la imputada le estaba prohibido por ley establecer contracciones directas a favor de las empresas de su hermano Juan Alexis, \u00abquien adem\u00e1s ten\u00eda un impedimento m\u00e1s grande al ser hermano de Danilo Medina\u00bb. <\/span><\/p>\n<p><span class=\"text1noticias\"> <\/span><\/p>\n<p><span class=\"text1noticias\">Solicitan un a\u00f1o de prisi\u00f3n contra Fernando Rosa <\/span><\/p>\n<p><span class=\"text1noticias\"> <\/span><\/p>\n<p><span class=\"text1noticias\">La directora general de Persecuci\u00f3n del Ministerio P\u00fablico explic\u00f3 que Fernando Rosa, director del Fonper, tiene una hija que le ayudaba a lavar activos y a la que ocuparon 20 mil d\u00f3lares.<\/span><\/p>\n<p><span class=\"text1noticias\"> <\/span><\/p>\n<p><span class=\"text1noticias\">Plante\u00f3 que los hermanos Medina S\u00e1nchez y Rosa hac\u00edan proselitismo pol\u00edtico con dinero p\u00fablico a favor de una candidatura fallida (la de Luc\u00eda Medina al Senado), con dinero del Estado, en una \u00e9poca en la que hasta 11 ni\u00f1os fallecieron durante un fin de semana, en un hospital p\u00fablico por falta de recursos para comprar ox\u00edgeno.<\/span><\/p>\n<p><span class=\"text1noticias\"> <\/span><\/p>\n<p><span class=\"text1noticias\">En Santiago se dec\u00eda siempre \u00abFernando es un hombre del Presidente\u00bb, apunt\u00f3 en relaci\u00f3n a la vinculaci\u00f3n del exfuncionario con el expresidente Danilo Medina, cuyos hermanos Juan Alexis y Carmen Magalys figuran como imputados en el expediente.<\/span><\/p>\n<p><span class=\"text1noticias\"> <\/span><\/p>\n<p><span class=\"text1noticias\">\u00abEsto es corrupci\u00f3n en la entra\u00f1a del poder\u00bb, sostuvo,  al reiterar la declaraci\u00f3n del caso complejo y solicitar un a\u00f1o de prisi\u00f3n preventiva, en el caso de Rosa, en el Centro de Correcci\u00f3n y Rehabilitaci\u00f3n de San Crist\u00f3bal.<\/span><\/p>\n<p><span class=\"text1noticias\"> <\/span><\/p>\n<p><span class=\"text1noticias\"> Fuente: Direcci\u00f3n de Comunicaci\u00f3n, Prensa y RRPP <\/span><\/p>\n<p><span class=\"text1noticias\">Procuradur\u00eda General-Ministerio P\u00fablico RD <\/span><\/p>\n<p><span class=\"text1noticias\">Domingo, 6 <\/span>de diciembre de 2020.<\/p>\n<h6> 2020-12-06 20:42:07 <\/h6>\n<p><!--\n<link rel=\"stylesheet\" href=\"css\/bootstrap.min.css\">\n\n\n<ul class=\"pagination\">\n\t    \n\t\n\n<li >\n\t<a href='?page_no=116'>Previous<\/a>\n\t<\/li>\n\n\n       \n    \n\n<li><a href='?page_no=1'>1<\/a><\/li>\n\n\n\n<li><a href='?page_no=2'>2<\/a><\/li>\n\n\n\n<li><a>...<\/a><\/li>\n\n\n\n<li><a href='?page_no=115'>115<\/a><\/li>\n\n\n\n<li><a href='?page_no=116'>116<\/a><\/li>\n\n\n\n<li class='active'><a>117<\/a><\/li>\n\n\n\n<li><a href='?page_no=118'>118<\/a><\/li>\n\n\n\n<li><a href='?page_no=119'>119<\/a><\/li>\n\n\n\n<li><a>...<\/a><\/li>\n\n\n\n<li><a href='?page_no=136'>136<\/a><\/li>\n\n\n\n<li><a href='?page_no=137'>137<\/a><\/li>\n\n    \n\t\n\n<li >\n\t<a href='?page_no=118'>Next<\/a>\n\t<\/li>\n\n\n    \n\n<li><a href='?page_no=137'>Last &rsaquo;&rsaquo;<\/a><\/li>\n\n<\/ul>\n\n\n--><br \/>\n<\/body><\/p>\n","protected":false},"excerpt":{"rendered":"<p>diariodominicano.com Camacho plante\u00f3 que, en su condici\u00f3n de vicepresidenta administrativa del Fondo Patrimonial de las Empresas Reformadas (Fonper), Medina S\u00e1nchez maniobr\u00f3 para que su hermano Juan Alexis Medina S\u00e1nchez fuera beneficiado con la asignaci\u00f3n de contratos para suplir bienes al Estado. Santo Domingo, R. D., 6 de diciembre, 2020.- El magistrado Wilson Camacho solicit\u00f3 al [&hellip;]<\/p>\n","protected":false},"author":3,"featured_media":0,"comment_status":"open","ping_status":"open","sticky":false,"template":"","format":"standard","meta":{"footnotes":""},"categories":[24],"tags":[],"class_list":["post-261687","post","type-post","status-publish","format-standard","hentry","category-justicia-y-derecho"],"_links":{"self":[{"href":"https:\/\/diariodominicano.com\/index.php?rest_route=\/wp\/v2\/posts\/261687","targetHints":{"allow":["GET"]}}],"collection":[{"href":"https:\/\/diariodominicano.com\/index.php?rest_route=\/wp\/v2\/posts"}],"about":[{"href":"https:\/\/diariodominicano.com\/index.php?rest_route=\/wp\/v2\/types\/post"}],"author":[{"embeddable":true,"href":"https:\/\/diariodominicano.com\/index.php?rest_route=\/wp\/v2\/users\/3"}],"replies":[{"embeddable":true,"href":"https:\/\/diariodominicano.com\/index.php?rest_route=%2Fwp%2Fv2%2Fcomments&post=261687"}],"version-history":[{"count":0,"href":"https:\/\/diariodominicano.com\/index.php?rest_route=\/wp\/v2\/posts\/261687\/revisions"}],"wp:attachment":[{"href":"https:\/\/diariodominicano.com\/index.php?rest_route=%2Fwp%2Fv2%2Fmedia&parent=261687"}],"wp:term":[{"taxonomy":"category","embeddable":true,"href":"https:\/\/diariodominicano.com\/index.php?rest_route=%2Fwp%2Fv2%2Fcategories&post=261687"},{"taxonomy":"post_tag","embeddable":true,"href":"https:\/\/diariodominicano.com\/index.php?rest_route=%2Fwp%2Fv2%2Ftags&post=261687"}],"curies":[{"name":"wp","href":"https:\/\/api.w.org\/{rel}","templated":true}]}}