{"id":261686,"date":"2020-12-06T21:24:07","date_gmt":"2020-12-06T21:24:07","guid":{"rendered":"http:\/\/diariodominicano.ddns.net\/?p=261686"},"modified":"2020-12-06T21:24:07","modified_gmt":"2020-12-06T21:24:07","slug":"pelotero-carlos-martinez-el-tsunami-pide-disculpas-por-violar-protocolos-sanitarios-en-puerto-plata","status":"publish","type":"post","link":"https:\/\/diariodominicano.com\/?p=261686","title":{"rendered":"Pelotero Carlos Mart\u00ednez (El Tsunami) pide disculpas por violar protocolos sanitarios en Puerto Plata"},"content":{"rendered":"<p><body><\/p>\n<p><img decoding=\"async\" src=\"http:\/\/localhost:8080\/img3\/Carlos Eltsunami6-12-20.png\" \/>  <\/p>\n<p><span class=\"text1noticias\">diariodominicano.com<\/span><\/p>\n<p><span class=\"text1noticias\"> <\/span><\/p>\n<p><span class=\"text1noticias\">Puerto Plata, R. D., 6 de diciembre, 2020.- El pelotero Carlos Mart\u00ednez (El Tsunami), lanzador de los Cardenales de San Luis y las \u00c1guilas Cibae\u00f1as, fue multado por el Ministerio P\u00fablico de Puerto Plata y pidi\u00f3 disculpas a la poblaci\u00f3n dominicana y a las autoridades por su participaci\u00f3n en una congregaci\u00f3n multitudinaria en las calles del municipio, en violaci\u00f3n a las disposiciones oficiales para la prevenci\u00f3n de la COVID-19.<\/span><\/p>\n<p><span class=\"text1noticias\"> <\/span><\/p>\n<p><span class=\"text1noticias\">El jugador de Grandes Ligas expres\u00f3 palabras de arrepentimiento en un video luego de que el Ministerio P\u00fablico de Puerto Plata le impusiera una sanci\u00f3n consistente en el pago de diez salarios m\u00ednimos por haber liderado, junto a otras figuras populares, la concentraci\u00f3n masiva en el denominado Circuito POP y\/o caravana que se desplaz\u00f3 por los sectores del municipio San Felipe, de esta provincia.<\/span><\/p>\n<p><span class=\"text1noticias\"> <\/span><\/p>\n<p><span class=\"text1noticias\">\u00abMe siento arrepentido de lo que pas\u00f3 el domingo (22 de noviembre). Yo, como figura p\u00fablica, entiendo y s\u00e9 que no debi\u00f3 suceder as\u00ed de esa forma\u00bb, dijo Mart\u00ednez en cuanto a haber roto con el distanciamiento f\u00edsico y otras medidas de prevenci\u00f3n establecidas por el Estado dominicano para prevenir el coronavirus.<\/span><\/p>\n<p><span class=\"text1noticias\"> <\/span><\/p>\n<p><span class=\"text1noticias\">Insisti\u00f3 en que est\u00e1 \u00abtotalmente arrepentido\u00bb, porque ese recorrido multitudinario por las calles de Puerto Plata \u00abse dio en un momento en que no se pod\u00eda hacer\u00bb, cuando el pa\u00eds conoce a diario noticias de nuevos fallecimientos y cifras de cientos de nuevos contagiados con la enfermedad, que ya ha matado a m\u00e1s de 2,300 personas.<\/span><\/p>\n<p><span class=\"text1noticias\"> <\/span><\/p>\n<p><span class=\"text1noticias\">Antes, la Fiscal\u00eda de Puerto Plata, encabezada por el magistrado Osvaldo Bonilla, hab\u00eda impuesto sanci\u00f3n por el caso a Dennisse Michelle Tejeda (conocida como La Perversa), Jean Mario Dujarric P\u00e9rez, Jordania Vanessa Sarita Santos y Enmanuel Marino Valeyron L\u00f3pez.<\/span><\/p>\n<p><span class=\"text1noticias\"> <\/span><\/p>\n<p><span class=\"text1noticias\">El Ministerio P\u00fablico impuso una multa a El Tsunami y la obligatoriedad de la disculpa p\u00fablica, amparado en el estado de excepci\u00f3n aprobado en el Congreso y, en ese contexto, en la Ley General de Salud (42-01).<\/span><\/p>\n<p><span class=\"text1noticias\"> <\/span><\/p>\n<p><span class=\"text1noticias\">La citada norma castiga a los responsables de \u00abincumplir con las medidas dispuestas por SESPAS (o Ministerio de Salud) para prevenir y controlar las enfermedades transmisibles, al igual que prescripciones de car\u00e1cter sanitario\u00bb.<\/span><\/p>\n<p><span class=\"text1noticias\"> <\/span><\/p>\n<p><span class=\"text1noticias\">El pelotero llam\u00f3 a la poblaci\u00f3n a \u00abno desesperarse\u00bb y a entender que este momento pasar\u00e1 y que, mientras tanto, se deben cumplir las normas de distanciamiento f\u00edsico, el horario del toque de queda y el uso de mascarillas.<\/span><\/p>\n<p><span class=\"text1noticias\"> <\/span><\/p>\n<p><span class=\"text1noticias\">Fuente: Direcci\u00f3n de Comunicaci\u00f3n, Prensa y RRPP <\/span><\/p>\n<p><span class=\"text1noticias\">Procuradur\u00eda General-Ministerio P\u00fablico RD <\/span><\/p>\n<p><span class=\"text1noticias\">Domingo, 6 de diciembr<\/span>e de 2020.<\/p>\n<\/p>\n<h6> 2020-12-06 21:24:07 <\/h6>\n<p><!--\n<link rel=\"stylesheet\" href=\"css\/bootstrap.min.css\">\n\n\n<ul class=\"pagination\">\n\t    \n\t\n\n<li >\n\t<a href='?page_no=115'>Previous<\/a>\n\t<\/li>\n\n\n       \n    \n\n<li><a href='?page_no=1'>1<\/a><\/li>\n\n\n\n<li><a href='?page_no=2'>2<\/a><\/li>\n\n\n\n<li><a>...<\/a><\/li>\n\n\n\n<li><a href='?page_no=114'>114<\/a><\/li>\n\n\n\n<li><a href='?page_no=115'>115<\/a><\/li>\n\n\n\n<li class='active'><a>116<\/a><\/li>\n\n\n\n<li><a href='?page_no=117'>117<\/a><\/li>\n\n\n\n<li><a href='?page_no=118'>118<\/a><\/li>\n\n\n\n<li><a>...<\/a><\/li>\n\n\n\n<li><a href='?page_no=136'>136<\/a><\/li>\n\n\n\n<li><a href='?page_no=137'>137<\/a><\/li>\n\n    \n\t\n\n<li >\n\t<a href='?page_no=117'>Next<\/a>\n\t<\/li>\n\n\n    \n\n<li><a href='?page_no=137'>Last &rsaquo;&rsaquo;<\/a><\/li>\n\n<\/ul>\n\n\n--><br \/>\n<\/body><\/p>\n","protected":false},"excerpt":{"rendered":"<p>diariodominicano.com Puerto Plata, R. D., 6 de diciembre, 2020.- El pelotero Carlos Mart\u00ednez (El Tsunami), lanzador de los Cardenales de San Luis y las \u00c1guilas Cibae\u00f1as, fue multado por el Ministerio P\u00fablico de Puerto Plata y pidi\u00f3 disculpas a la poblaci\u00f3n dominicana y a las autoridades por su participaci\u00f3n en una congregaci\u00f3n multitudinaria en las [&hellip;]<\/p>\n","protected":false},"author":3,"featured_media":0,"comment_status":"open","ping_status":"open","sticky":false,"template":"","format":"standard","meta":{"footnotes":""},"categories":[24],"tags":[],"class_list":["post-261686","post","type-post","status-publish","format-standard","hentry","category-justicia-y-derecho"],"_links":{"self":[{"href":"https:\/\/diariodominicano.com\/index.php?rest_route=\/wp\/v2\/posts\/261686","targetHints":{"allow":["GET"]}}],"collection":[{"href":"https:\/\/diariodominicano.com\/index.php?rest_route=\/wp\/v2\/posts"}],"about":[{"href":"https:\/\/diariodominicano.com\/index.php?rest_route=\/wp\/v2\/types\/post"}],"author":[{"embeddable":true,"href":"https:\/\/diariodominicano.com\/index.php?rest_route=\/wp\/v2\/users\/3"}],"replies":[{"embeddable":true,"href":"https:\/\/diariodominicano.com\/index.php?rest_route=%2Fwp%2Fv2%2Fcomments&post=261686"}],"version-history":[{"count":0,"href":"https:\/\/diariodominicano.com\/index.php?rest_route=\/wp\/v2\/posts\/261686\/revisions"}],"wp:attachment":[{"href":"https:\/\/diariodominicano.com\/index.php?rest_route=%2Fwp%2Fv2%2Fmedia&parent=261686"}],"wp:term":[{"taxonomy":"category","embeddable":true,"href":"https:\/\/diariodominicano.com\/index.php?rest_route=%2Fwp%2Fv2%2Fcategories&post=261686"},{"taxonomy":"post_tag","embeddable":true,"href":"https:\/\/diariodominicano.com\/index.php?rest_route=%2Fwp%2Fv2%2Ftags&post=261686"}],"curies":[{"name":"wp","href":"https:\/\/api.w.org\/{rel}","templated":true}]}}