{"id":261685,"date":"2020-12-06T21:49:47","date_gmt":"2020-12-06T21:49:47","guid":{"rendered":"http:\/\/diariodominicano.ddns.net\/?p=261685"},"modified":"2020-12-06T21:49:47","modified_gmt":"2020-12-06T21:49:47","slug":"el-excontralor-rafael-germosen-andujar-asegura-que-perdio-su-posicion-como-contralor-general-por-negarse-a-certificar-con-celeridad-contratos-de-obras-estatales","status":"publish","type":"post","link":"https:\/\/diariodominicano.com\/?p=261685","title":{"rendered":"El excontralor Rafael Germos\u00e9n And\u00fajar asegura que perdi\u00f3 su posici\u00f3n como contralor general por negarse a certificar con celeridad contratos de obras estatales"},"content":{"rendered":"<p><body><\/p>\n<p><img decoding=\"async\" src=\"http:\/\/localhost:8080\/img3\/jennyBereniceR6-12-20.jpg\" \/>  <\/p>\n<p><strong><span class=\"text1noticias\">  diariodominicano.com <\/span><\/strong><\/p>\n<p><strong><span class=\"text1noticias\"> \u00abAqu\u00ed faltan m\u00e1s que lo que est\u00e1n, pero van a estar\u00bb, afirma la magistrada Yeni Berenice respecto a los detenidos en la Operaci\u00f3n Anti Pulpo<\/span><\/strong><\/p>\n<\/p>\n<p><strong><span class=\"text1noticias\"> Santo Domingo, R. D., 6 de diciembre, 2020.-<\/span><\/strong><span class=\"text1noticias\"> La directora de Persecuci\u00f3n del Ministerio P\u00fablico, Yeni Berenice Reynoso, revel\u00f3 ante el juez de la instrucci\u00f3n que el imputado Juan Alexis Medina S\u00e1nchez mont\u00f3 un operativo de contrainteligencia a la Procuradur\u00eda General de la Rep\u00fablica con el que trat\u00f3 de obstruir su arresto por su participaci\u00f3n en el entramado de corrupci\u00f3n descubierto por la Operaci\u00f3n Anti Pulpo.<\/span><\/p>\n<p><span class=\"text1noticias\"> <\/span><\/p>\n<p><span class=\"text1noticias\">La magistrada Reynoso plante\u00f3, en forma enf\u00e1tica, que la Procuradur\u00eda mont\u00f3 otro operativo que hizo fracasar los planes del imputado a quien le arrestaron seis militares, incluyendo a un coronel activo.<\/span><\/p>\n<p><span class=\"text1noticias\"> <\/span><\/p>\n<p><span class=\"text1noticias\">Plante\u00f3 que los integrantes del entramado corrupto desarticulado por la Operaci\u00f3n Anti Pulpo estaban destruyendo pruebas y sacando capitales del pa\u00eds a Centroam\u00e9rica. Sostuvo que el mismo d\u00eda del arresto, Medina S\u00e1nchez confes\u00f3 que hab\u00eda escondido algunas evidencias.<\/span><\/p>\n<p><span class=\"text1noticias\"> <\/span><\/p>\n<p><span class=\"text1noticias\">La procuradora adjunta se refiri\u00f3 al tema al presentar los cargos contra el imputado Rafael Germos\u00e9n And\u00fajar, excontralor general de la Rep\u00fablica, quien dijo que lleg\u00f3 a su posici\u00f3n tras participar en un movimiento pol\u00edtico en favor del Partido de la Liberaci\u00f3n Dominicana (PLD).<\/span><\/p>\n<p><span class=\"text1noticias\"> <\/span><\/p>\n<p><span class=\"text1noticias\">Confes\u00f3 que lleg\u00f3 a su cargo por recomendaci\u00f3n de Aracelis Medina, hermana del expresidente Danilo Medina S\u00e1nchez y de los imputados Juan Alexis Medina S\u00e1nchez y Carmen Magalis Medina S\u00e1nchez.<\/span><\/p>\n<p><span class=\"text1noticias\"> <\/span><\/p>\n<p><span class=\"text1noticias\">Revel\u00f3 que en su equipo hab\u00eda dos personas clave para agilizar los contratos de Juan Alexis Medina S\u00e1nchez: Sandy S\u00e1nchez, quien fung\u00eda como encargado de las Unidades de Auditor\u00edas, y Maryelin Rosado Medina, hija de Aracelis Medina S\u00e1nchez y sobrina de Juan Alexis Medina S\u00e1nchez.<\/span><\/p>\n<p><span class=\"text1noticias\"> <\/span><\/p>\n<p><span class=\"text1noticias\">Reynoso resalt\u00f3 el impacto social de los delitos de la red delictiva por el impacto social que tiene la distracci\u00f3n de al menos 5,000 mil millones de pesos, una suma que podr\u00eda hasta triplicarse, para Rep\u00fablica Dominicana.<\/span><\/p>\n<p><span class=\"text1noticias\"> <\/span><\/p>\n<p><span class=\"text1noticias\">Insisti\u00f3 en que la \u00fanica medida que garantiza la integridad de los testigos ser\u00e1 el mantener en prisi\u00f3n a todos los imputados, debido a la persistente intimidaci\u00f3n de testigos. \u00abMuchos han declarado\u00bb, pero le dicen al Ministerio P\u00fablico que temen por sus vidas, a\u00f1adi\u00f3.<\/span><\/p>\n<p><span class=\"text1noticias\"> <\/span><\/p>\n<p><span class=\"text1noticias\">\u00abCuando a (Juan) Alexis Mediana (S\u00e1nchez) se le negaba algo en una instituci\u00f3n (p\u00fablica), ese funcionario duraba dos d\u00edas en el cargo\u00bb, dijo.<\/span><\/p>\n<p><span class=\"text1noticias\"> <\/span><\/p>\n<p><span class=\"text1noticias\">Insisti\u00f3 en que el Ministerio P\u00fablico aportar\u00e1 pruebas por corrupci\u00f3n, asociaci\u00f3n de malhechores y complicidad, acusaci\u00f3n de la que no se escapa el excontralor Germos\u00e9n And\u00fajar.<\/span><\/p>\n<p><span class=\"text1noticias\"> <\/span><\/p>\n<p><span class=\"text1noticias\">Germos\u00e9n And\u00fajar confes\u00f3 al tribunal que perdi\u00f3 su cargo en el Estado luego de una reuni\u00f3n en la que se neg\u00f3 a certificar con celeridad unos contratos. En el encuentro habr\u00edan participado la entonces ministra de Educaci\u00f3n, el director de la Oisoe, Franscico Pag\u00e1n, y exviceministro de la Presidencia, Jos\u00e9 Ram\u00f3n Peralta.<\/span><\/p>\n<p><span class=\"text1noticias\"> <\/span><\/p>\n<p><span class=\"text1noticias\">\u00abProducto de esa reuni\u00f3n que hubo, donde participaron la ministra de Educaci\u00f3n de entones; el director de la Oficina de Supervisi\u00f3n de Obras del Estado, el se\u00f1or Pag\u00e1n, la se\u00f1ora Taty Marcelino y el se\u00f1or Jos\u00e9 Ram\u00f3n Peralta, al ver que yo no obtemper\u00e9 en la celeridad en la certificaci\u00f3n de esos contratos, fui desvinculado en menos de 15 d\u00edas de la posici\u00f3n de contralor de la Rep\u00fablica\u00bb, confes\u00f3, antes de pedir permiso para que le permitiera ir al ba\u00f1o.<\/span><\/p>\n<p><span class=\"text1noticias\"> <\/span><\/p>\n<p><span class=\"text1noticias\">La magistrada Reynoso insisti\u00f3 en que Germos\u00e9n And\u00fajar particip\u00f3 de una coalici\u00f3n de funcionarios dedicada distraer recursos de los contribuyentes. \u00abUstedes violaron la ley, no solo la Ley de Compras y Contrataciones, \u00e9ste no es un tema administrativo\u00bb, dijo.<\/span><\/p>\n<p><span class=\"text1noticias\"> <\/span><\/p>\n<p><span class=\"text1noticias\">Sostuvo que al \u00abEstado se estaf\u00f3 de miles de maneras\u00bb en compras que se planificaban bajo un procedimiento de \u00aburgencia\u00bb sin tener esa necesidad. Record\u00f3 a Germos\u00e9n And\u00fajar que incluso incumpli\u00f3 con presentar su declaraci\u00f3n jurada de patrimonio al salir del cargo.<\/span><\/p>\n<p><span class=\"text1noticias\"> <\/span><\/p>\n<p><span class=\"text1noticias\">Tambi\u00e9n, anunci\u00f3 que el Ministerio P\u00fablico investiga la muerte del chofer Omalto Guti\u00e9rrez Remigio, una de las personas utilizadas por Medina S\u00e1nchez como testaferro.<\/span><\/p>\n<p><span class=\"text1noticias\"> <\/span><\/p>\n<p><span class=\"text1noticias\">\u00abUno de los principales testaferros de Juan Alexis muri\u00f3 e investigaremos si es una muerte de criminalidad. La investigaci\u00f3n determinar\u00e1\u00bb.<\/span><\/p>\n<p><span class=\"text1noticias\"> <\/span><\/p>\n<p><span class=\"text1noticias\">Insisti\u00f3 en que la corrupci\u00f3n se debe considerar como un crimen mayor que hasta el narcotr\u00e1fico porque el narco se apoya en ella para poder operar y blanquear capitales. \u00abLa corrupci\u00f3n administrativa nos roba los medicamentos de los hospitales\u00bb, dijo.<\/span><\/p>\n<p><span class=\"text1noticias\"> <\/span><\/p>\n<p><span class=\"text1noticias\">El Ministerio P\u00fablico vari\u00f3 la solicitud de coerci\u00f3n contra Germos\u00e9n And\u00fajar por prisi\u00f3n domiciliaria, con vigilancia. Revel\u00f3 que no se le puede poner grillete porque los grilletes de la Procuradur\u00eda General de la Rep\u00fablica est\u00e1n sujetos a un contrato con la red de Juan Alexis Medina S\u00e1nchez.<\/span><\/p>\n<p><span class=\"text1noticias\"> <\/span><\/p>\n<p><span class=\"text1noticias\"> Fuente: Direcci\u00f3n de Comunicaci\u00f3n, Prensa y RRPP <\/span><\/p>\n<p><span class=\"text1noticias\">Procuradur\u00eda General-Ministerio P\u00fablico RD <\/span><\/p>\n<p><span class=\"text1noticias\">Domingo, 6 de diciembre de 2020.<\/span><\/p>\n<p><span class=\"text1noticias\"> <\/span><\/p>\n<p><span class=\"text1noticias\"> <\/span><\/p>\n<h6> 2020-12-06 21:49:47 <\/h6>\n<p><!--\n<link rel=\"stylesheet\" href=\"css\/bootstrap.min.css\">\n\n\n<ul class=\"pagination\">\n\t    \n\t\n\n<li >\n\t<a href='?page_no=114'>Previous<\/a>\n\t<\/li>\n\n\n       \n    \n\n<li><a href='?page_no=1'>1<\/a><\/li>\n\n\n\n<li><a href='?page_no=2'>2<\/a><\/li>\n\n\n\n<li><a>...<\/a><\/li>\n\n\n\n<li><a href='?page_no=113'>113<\/a><\/li>\n\n\n\n<li><a href='?page_no=114'>114<\/a><\/li>\n\n\n\n<li class='active'><a>115<\/a><\/li>\n\n\n\n<li><a href='?page_no=116'>116<\/a><\/li>\n\n\n\n<li><a href='?page_no=117'>117<\/a><\/li>\n\n\n\n<li><a>...<\/a><\/li>\n\n\n\n<li><a href='?page_no=136'>136<\/a><\/li>\n\n\n\n<li><a href='?page_no=137'>137<\/a><\/li>\n\n    \n\t\n\n<li >\n\t<a href='?page_no=116'>Next<\/a>\n\t<\/li>\n\n\n    \n\n<li><a href='?page_no=137'>Last &rsaquo;&rsaquo;<\/a><\/li>\n\n<\/ul>\n\n\n--><br \/>\n<\/body><\/p>\n","protected":false},"excerpt":{"rendered":"<p>diariodominicano.com \u00abAqu\u00ed faltan m\u00e1s que lo que est\u00e1n, pero van a estar\u00bb, afirma la magistrada Yeni Berenice respecto a los detenidos en la Operaci\u00f3n Anti Pulpo Santo Domingo, R. D., 6 de diciembre, 2020.- La directora de Persecuci\u00f3n del Ministerio P\u00fablico, Yeni Berenice Reynoso, revel\u00f3 ante el juez de la instrucci\u00f3n que el imputado Juan [&hellip;]<\/p>\n","protected":false},"author":3,"featured_media":0,"comment_status":"open","ping_status":"open","sticky":false,"template":"","format":"standard","meta":{"footnotes":""},"categories":[24],"tags":[],"class_list":["post-261685","post","type-post","status-publish","format-standard","hentry","category-justicia-y-derecho"],"_links":{"self":[{"href":"https:\/\/diariodominicano.com\/index.php?rest_route=\/wp\/v2\/posts\/261685","targetHints":{"allow":["GET"]}}],"collection":[{"href":"https:\/\/diariodominicano.com\/index.php?rest_route=\/wp\/v2\/posts"}],"about":[{"href":"https:\/\/diariodominicano.com\/index.php?rest_route=\/wp\/v2\/types\/post"}],"author":[{"embeddable":true,"href":"https:\/\/diariodominicano.com\/index.php?rest_route=\/wp\/v2\/users\/3"}],"replies":[{"embeddable":true,"href":"https:\/\/diariodominicano.com\/index.php?rest_route=%2Fwp%2Fv2%2Fcomments&post=261685"}],"version-history":[{"count":0,"href":"https:\/\/diariodominicano.com\/index.php?rest_route=\/wp\/v2\/posts\/261685\/revisions"}],"wp:attachment":[{"href":"https:\/\/diariodominicano.com\/index.php?rest_route=%2Fwp%2Fv2%2Fmedia&parent=261685"}],"wp:term":[{"taxonomy":"category","embeddable":true,"href":"https:\/\/diariodominicano.com\/index.php?rest_route=%2Fwp%2Fv2%2Fcategories&post=261685"},{"taxonomy":"post_tag","embeddable":true,"href":"https:\/\/diariodominicano.com\/index.php?rest_route=%2Fwp%2Fv2%2Ftags&post=261685"}],"curies":[{"name":"wp","href":"https:\/\/api.w.org\/{rel}","templated":true}]}}