{"id":261682,"date":"2020-12-06T23:39:20","date_gmt":"2020-12-06T23:39:20","guid":{"rendered":"http:\/\/diariodominicano.ddns.net\/?p=261682"},"modified":"2020-12-06T23:39:20","modified_gmt":"2020-12-06T23:39:20","slug":"el-fonper-opero-como-caja-chica-para-proselitismo-politico-y-enriquecimiento-personal-sostiene-el-ministerio-publico","status":"publish","type":"post","link":"https:\/\/diariodominicano.com\/?p=261682","title":{"rendered":"El Fonper oper\u00f3 como \u00abcaja chica\u00bb para proselitismo pol\u00edtico y enriquecimiento personal, sostiene el Ministerio P\u00fablico"},"content":{"rendered":"<p><body><\/p>\n<p><img decoding=\"async\" src=\"http:\/\/localhost:8080\/img3\/geni b06.png\" \/>  <\/p>\n<p><strong>Diariodominicano.com<\/strong><\/p>\n<p><strong>El Fonper oper\u00f3 como \u00abcaja chica\u00bb para proselitismo pol\u00edtico y enriquecimiento personal, sostiene el Ministerio P\u00fablico<\/strong><\/p>\n<p><strong>La instituci\u00f3n estatal desarroll\u00f3 proyectos a la medida a favor de las aspiraciones de Fernando Rosa y Luc\u00eda Medina<\/strong><\/p>\n<p><strong> <\/strong><\/p>\n<p><strong>SANTO DOMINGO, Rep\u00fablica Dominicana.<\/strong>&#8211; El Fondo Patrimonial de la Empresa Reformada (Fonper) era utilizado como una \u00abcaja chica\u00bb a favor del entramado de corrupci\u00f3n administrativa que operaba a favor de Juan Alexis Medina S\u00e1nchez y de un grupo de funcionarios, proveedores privilegiados y testaferros que se enriquecieron a costa del Estado, asegur\u00f3 el Ministerio P\u00fablico durante el conocimiento de la medida de coerci\u00f3n.<\/p>\n<\/p>\n<p>La instituci\u00f3n, que tuvo como administrador al imputado Fernando Aquilino Rosa Rosa en per\u00edodos de 2005 a 2011 y de 2012 a 2020, desarroll\u00f3 proyectos de asistencialismo en Santiago con el objetivo de sacar beneficios personales y pol\u00edtico partidistas en dicha demarcaci\u00f3n, donde el funcionario particip\u00f3 como precandidato a alcalde (2016-2020), detall\u00f3 en la audiencia la fiscal Mirna Ortiz.<\/p>\n<\/p>\n<p>En el Fonper, responsable de custodiar los beneficios accionarios del Estado en las empresas reformadas o capitalizadas, era funcionaria de primera l\u00ednea la imputada Carmen Magalys S\u00e1nchez Medina S\u00e1nchez, hermana de Juan Alexis, as\u00ed como del entonces presidente de la Rep\u00fablica, Danilo Medina S\u00e1nchez. Ejerc\u00eda las funciones de vicepresidenta, directora administrativa y, por tanto, miembro del Comit\u00e9 de Compras.<\/p>\n<\/p>\n<p>Juan Alexis Medina S\u00e1nchez operaba como \u00abla cabeza visible\u00bb de un pulpo que extend\u00eda sus tent\u00e1culos corruptores a diversas entidades del Estado en la que operaba aprovechando su condici\u00f3n de hermano del entonces presidente Danilo Medina, sostuvo el Ministerio P\u00fablico.<\/p>\n<\/p>\n<p>El imputado Medina S\u00e1nchez guardaba \u00abcontra escritos\u00bb que dec\u00edan: \u00abAunque eso est\u00e9 a nombre de fulano, es m\u00edo\u00bb, indic\u00f3 la fiscal Sourelly J\u00e1quez, al presentar pruebas de lavado de activos ante el juez de la Instrucci\u00f3n, Jos\u00e9 Alejandro Vargas.<\/p>\n<\/p>\n<p>Este domingo, ante la Oficina Judicial de Servicios de Atenci\u00f3n Permanente, el Ministerio P\u00fablico, encabezado por los procuradores adjuntos Yeni Berenice Reynoso y Wilson Camacho, presenta las evidencias que sustentan la solicitud de enviar a prisi\u00f3n preventiva a 11 imputados, por aprovechar sus v\u00ednculos con el poder pol\u00edtico para sustraer cerca de cinco mil millones de pesos de la administraci\u00f3n p\u00fablica.<\/p>\n<\/p>\n<p>En la gesti\u00f3n de Fernando Rosa Rosa y Carmen Magalys Medina S\u00e1nchez, entre 2016 y 2018, el Fonper desembols\u00f3 RD$78.1 millones a favor de la Fundaci\u00f3n de Mujeres para el Desarrollo de San Juan de la Maguana, presidida por Luc\u00eda Medina, hermana de los encargados de iguales apellidos.<\/p>\n<\/p>\n<p>La instituci\u00f3n tambi\u00e9n construy\u00f3 390 viviendas en San Juan de la Maguana, que luego fueron inauguradas por Luc\u00eda Medina, quien entonces se presentaba como candidata a senadora.<\/p>\n<\/p>\n<p>En cuanto a las operaciones del entramado societario de Juan Alexis, la gesti\u00f3n en la que su hermana fue vicepresidenta le concedi\u00f3 contratos por RD$15.1 millones, en este caso a la empresa Suim Suplidores Institucionales SRL.<\/p>\n<\/p>\n<p>De acuerdo con la acusaci\u00f3n del Ministerio P\u00fablico, las empresas de Juan Alexis Medina S\u00e1nchez, que operaban en un mismo domicilio y sin suficiente aval econ\u00f3mico y de recursos humanos, se beneficiaron de forma privilegiada de contratos millonarios en la Oficina de Ingenieros Supervisores de Obras del Estado (Oisoe), los ministerios de Salud P\u00fablicas, Educaci\u00f3n, Haciendas, Obras P\u00fablicas y Defensa, as\u00ed como en la Polic\u00eda Nacional y otras instituciones.<\/p>\n<\/p>\n<p>Adem\u00e1s de los hermanos Medina S\u00e1nchez, el expediente acusa a Francisco Pag\u00e1n Rodr\u00edguez, Lorenzo Wilfredo Hidalgo N\u00fa\u00f1ez, Rafael Antonio Germos\u00e9n And\u00fajar, Fernando A. Rosa Rosa, Aquiles Alejandro Christopher S\u00e1nchez, Domingo Antonio Santiago Mu\u00f1oz, Juli\u00e1n Esteban Suriel Suazo, Jos\u00e9 Dolores Santana Carmona y  Wacal Vernavel M\u00e9ndez Pineda.<\/p>\n<\/p>\n<\/p>\n<p>Direcci\u00f3n de Comunicaci\u00f3n, Prensa y RRPP<\/p>\n<\/p>\n<p>Procuradur\u00eda General-Ministerio P\u00fablico RD<\/p>\n<\/p>\n<p>Domingo, 6 de diciembre de 2020.<\/p>\n<\/p>\n<h6> 2020-12-06 23:39:20 <\/h6>\n<p><!--\n<link rel=\"stylesheet\" href=\"css\/bootstrap.min.css\">\n\n\n<ul class=\"pagination\">\n\t    \n\t\n\n<li >\n\t<a href='?page_no=111'>Previous<\/a>\n\t<\/li>\n\n\n       \n    \n\n<li><a href='?page_no=1'>1<\/a><\/li>\n\n\n\n<li><a href='?page_no=2'>2<\/a><\/li>\n\n\n\n<li><a>...<\/a><\/li>\n\n\n\n<li><a href='?page_no=110'>110<\/a><\/li>\n\n\n\n<li><a href='?page_no=111'>111<\/a><\/li>\n\n\n\n<li class='active'><a>112<\/a><\/li>\n\n\n\n<li><a href='?page_no=113'>113<\/a><\/li>\n\n\n\n<li><a href='?page_no=114'>114<\/a><\/li>\n\n\n\n<li><a>...<\/a><\/li>\n\n\n\n<li><a href='?page_no=136'>136<\/a><\/li>\n\n\n\n<li><a href='?page_no=137'>137<\/a><\/li>\n\n    \n\t\n\n<li >\n\t<a href='?page_no=113'>Next<\/a>\n\t<\/li>\n\n\n    \n\n<li><a href='?page_no=137'>Last &rsaquo;&rsaquo;<\/a><\/li>\n\n<\/ul>\n\n\n--><br \/>\n<\/body><\/p>\n","protected":false},"excerpt":{"rendered":"<p>Diariodominicano.com El Fonper oper\u00f3 como \u00abcaja chica\u00bb para proselitismo pol\u00edtico y enriquecimiento personal, sostiene el Ministerio P\u00fablico La instituci\u00f3n estatal desarroll\u00f3 proyectos a la medida a favor de las aspiraciones de Fernando Rosa y Luc\u00eda Medina SANTO DOMINGO, Rep\u00fablica Dominicana.&#8211; El Fondo Patrimonial de la Empresa Reformada (Fonper) era utilizado como una \u00abcaja chica\u00bb a [&hellip;]<\/p>\n","protected":false},"author":3,"featured_media":0,"comment_status":"open","ping_status":"open","sticky":false,"template":"","format":"standard","meta":{"footnotes":""},"categories":[24],"tags":[],"class_list":["post-261682","post","type-post","status-publish","format-standard","hentry","category-justicia-y-derecho"],"_links":{"self":[{"href":"https:\/\/diariodominicano.com\/index.php?rest_route=\/wp\/v2\/posts\/261682","targetHints":{"allow":["GET"]}}],"collection":[{"href":"https:\/\/diariodominicano.com\/index.php?rest_route=\/wp\/v2\/posts"}],"about":[{"href":"https:\/\/diariodominicano.com\/index.php?rest_route=\/wp\/v2\/types\/post"}],"author":[{"embeddable":true,"href":"https:\/\/diariodominicano.com\/index.php?rest_route=\/wp\/v2\/users\/3"}],"replies":[{"embeddable":true,"href":"https:\/\/diariodominicano.com\/index.php?rest_route=%2Fwp%2Fv2%2Fcomments&post=261682"}],"version-history":[{"count":0,"href":"https:\/\/diariodominicano.com\/index.php?rest_route=\/wp\/v2\/posts\/261682\/revisions"}],"wp:attachment":[{"href":"https:\/\/diariodominicano.com\/index.php?rest_route=%2Fwp%2Fv2%2Fmedia&parent=261682"}],"wp:term":[{"taxonomy":"category","embeddable":true,"href":"https:\/\/diariodominicano.com\/index.php?rest_route=%2Fwp%2Fv2%2Fcategories&post=261682"},{"taxonomy":"post_tag","embeddable":true,"href":"https:\/\/diariodominicano.com\/index.php?rest_route=%2Fwp%2Fv2%2Ftags&post=261682"}],"curies":[{"name":"wp","href":"https:\/\/api.w.org\/{rel}","templated":true}]}}