{"id":261681,"date":"2020-12-07T10:24:51","date_gmt":"2020-12-07T10:24:51","guid":{"rendered":"http:\/\/diariodominicano.ddns.net\/?p=261681"},"modified":"2020-12-07T10:24:51","modified_gmt":"2020-12-07T10:24:51","slug":"juez-continua-este-lunes-con-el-conocimiento-de-la-coercion-a-los-arrestados-en-la-operacion-anti-pulpo","status":"publish","type":"post","link":"https:\/\/diariodominicano.com\/?p=261681","title":{"rendered":"Juez continua este lunes con el conocimiento de la coerci\u00f3n a los arrestados en la Operaci\u00f3n Anti Pulpo"},"content":{"rendered":"<p><body><\/p>\n<p><img decoding=\"async\" src=\"http:\/\/localhost:8080\/img3\/Wilsony Yeni Berenice7-12-20.jpg\" \/>  <\/p>\n<p><strong><span class=\"text1noticias\"> <\/span><\/strong><\/p>\n<p><strong><span class=\"text1noticias\">diariodominicano.com<\/span><\/strong><\/p>\n<p><strong> <\/strong><\/p>\n<p><strong><span class=\"text1noticias\">Santo Domingo, R. D., 7 de diciembre, 2020.-<\/span><\/strong><span class=\"text1noticias\"> Despu\u00e9s de 14 horas de audiencia, el juez de la instrucci\u00f3n Jos\u00e9 Alejandro Vargas aplaz\u00f3 para las 2:00 de la tarde de este lunes la audiencia de medidas de coerci\u00f3n contra los imputados por corrupci\u00f3n en el expediente estructurado por el Ministerio P\u00fablico como consecuencia de la Operaci\u00f3n Anti Pulpo.<\/span><\/p>\n<p><span class=\"text1noticias\"> <\/span><\/p>\n<p><span class=\"text1noticias\">Vargas tom\u00f3 la decisi\u00f3n pasada las 12:00 de la medianoche, debido al cansancio exhibido en la sala por algunos de los imputados. <\/span><\/p>\n<p><span class=\"text1noticias\"> <\/span><\/p>\n<p><span class=\"text1noticias\">\u00abVengamos preparados para concluir todo esto ma\u00f1ana, la idea que yo ten\u00eda era por lo menos terminar de escuchar a todo el mundo para poder decidir el asunto\u00bb, dijo, para reconocer que ser\u00eda \u00abuna terquedad\u00bb continuar con el proceso. <\/span><\/p>\n<p><span class=\"text1noticias\"> <\/span><\/p>\n<p><span class=\"text1noticias\">\u00abPor parte del Ministerio P\u00fablico, est\u00e1bamos listos y dispuestos a continuar con el conocimiento de la audiencia\u00bb, asegur\u00f3 a la salida el magistrado Wilson Camacho, titular de la Procuradur\u00eda Especializada de Persecuci\u00f3n de la Corrupci\u00f3n Administrativa (Pepca). \u00abMa\u00f1ana vendremos con la misma energ\u00eda a seguir presentando nuestras evidencias y a demostrar que este entramado de corrupci\u00f3n ha depredado miles de millones de fondos p\u00fablicos\u00bb.<\/span><\/p>\n<p><span class=\"text1noticias\">  <\/span><\/p>\n<p><span class=\"text1noticias\">Para hoy, habr\u00e1n de presentar sus alegatos de defensa los implicados Francisco Pag\u00e1n, Alejandro Cristofer S\u00e1nchez, Juli\u00e1n Esteban Suriel Suazo, Domingo Antonio Santiago Mu\u00f1oz, Wacal Vernavel M\u00e9ndez Pineda y Juan Alexis Medina S\u00e1nchez. <\/span><\/p>\n<p><span class=\"text1noticias\"> <\/span><\/p>\n<p><span class=\"text1noticias\">Antes de aplazar la audiencia, el juez escuch\u00f3 la presentaci\u00f3n de las imputaciones contra el encartado Jos\u00e9 Dolores Santana, quien jug\u00f3 un papel clave en el entramado de negocios que utiliz\u00f3 Juan Alexis Medina S\u00e1nchez para constituirse en un proveedor privilegiado de varias instituciones p\u00fablicas durante el gobierno de su hermano Danilo Medina, seg\u00fan el Ministerio P\u00fablico. <\/span><\/p>\n<p><span class=\"text1noticias\"> <\/span><\/p>\n<p><span class=\"text1noticias\">El \u00f3rgano de la persecuci\u00f3n asegur\u00f3 tambi\u00e9n que el imputado ha pretendido eliminar evidencias de la investigaci\u00f3n, por lo que resulta importante que permanezca en prisi\u00f3n. <\/span><\/p>\n<p><span class=\"text1noticias\"> <\/span><\/p>\n<p><span class=\"text1noticias\">\u00abUno de los testaferros que m\u00e1s aparecen realizando transacciones millonarias es Jos\u00e9 Dolores Santana\u00bb, explic\u00f3 la procuradora adjunta Yeni Berenice Reynoso, tras sostener que aparece como accionista y directivo de varias de las empresas, incluida Domedical Suply SRL, que particip\u00f3 como proveedora para el equipamiento de hospitales p\u00fablicos. Para colmo, agreg\u00f3, tambi\u00e9n trabajaba en el Ministerio de Salud P\u00fablica, entidad receptora de los servicios. <\/span><\/p>\n<p><span class=\"text1noticias\"> <\/span><\/p>\n<p><span class=\"text1noticias\">Indic\u00f3 que, incluso, cuando el Ministerio P\u00fablico desarrollaba la investigaci\u00f3n en el Ministerio de Salud, Dolores Santana trat\u00f3 de alterar evidencias pretendiendo entregar equipos faltantes. <\/span><\/p>\n<p><span class=\"text1noticias\"> <\/span><\/p>\n<p><span class=\"text1noticias\">Durante el conocimiento de medidas de coerci\u00f3n a los 11 imputados en el expediente derivado de la operaci\u00f3n Anti Pulpo, Reynoso indic\u00f3 que de los suministros de Domedical no solo hay equipos m\u00e9dicos sobrevaluados de hasta 200 por ciento, sino tambi\u00e9n de mala calidad y hasta usados. <\/span><\/p>\n<p><span class=\"text1noticias\"> <\/span><\/p>\n<p><span class=\"text1noticias\">Pol\u00edtica como medio de enriquecimiento il\u00edcito <\/span><\/p>\n<p><span class=\"text1noticias\"> <\/span><\/p>\n<p><span class=\"text1noticias\">La magistrada Reynoso reiter\u00f3 la petici\u00f3n de prisi\u00f3n preventiva por un a\u00f1o para Dolores Santana, por tratarse de uno de los encartados que m\u00e1s contactos han realizado con potenciales testigos. <\/span><\/p>\n<p><span class=\"text1noticias\"> <\/span><\/p>\n<p><span class=\"text1noticias\">En el momento de su detenci\u00f3n, el Ministerio P\u00fablico le ocup\u00f3 un cheque que iba remitido a uno de los abogados de este caso, por un monto de casi cinco millones de pesos, que estaba firmado por Santana, pero a nombre de la raz\u00f3n social de Domedical. <\/span><\/p>\n<p><span class=\"text1noticias\"> <\/span><\/p>\n<p><span class=\"text1noticias\">\u00abTambi\u00e9n era miembro de Tornado, que es una fuerza pol\u00edtica de apoyo al Partido de la Liberaci\u00f3n Dominicana\u00bb, detall\u00f3 Reynoso, para explicar que se trataba de un articulado de intereses para el enriquecimiento de un grupo con los recursos del Estado. Dijo que, precisamente, el gobierno de Danilo Medina declar\u00f3 de urgencia el equipamiento de los hospitales, proceso para el que fueron contratadas las empresas de su hermano, en las que Dolores Santana figura como prestanombre y ejecutivo, y luego estas empresas aportaban recursos a campa\u00f1as pol\u00edticas del oficialismo. <\/span><\/p>\n<p><span class=\"text1noticias\"> <\/span><\/p>\n<p><span class=\"text1noticias\">Fuente: Direcci\u00f3n de Comunicaci\u00f3n, Prensa y RRPP <\/span><\/p>\n<p><span class=\"text1noticias\">Procuradur\u00eda General-Ministerio P\u00fablico RD <\/span><\/p>\n<p><span class=\"text1noticias\">L<\/span>unes, 7 de diciembre de 2020.<\/p>\n<h6> 2020-12-07 10:24:51 <\/h6>\n<p><!--\n<link rel=\"stylesheet\" href=\"css\/bootstrap.min.css\">\n\n\n<ul class=\"pagination\">\n\t    \n\t\n\n<li >\n\t<a href='?page_no=110'>Previous<\/a>\n\t<\/li>\n\n\n       \n    \n\n<li><a href='?page_no=1'>1<\/a><\/li>\n\n\n\n<li><a href='?page_no=2'>2<\/a><\/li>\n\n\n\n<li><a>...<\/a><\/li>\n\n\n\n<li><a href='?page_no=109'>109<\/a><\/li>\n\n\n\n<li><a href='?page_no=110'>110<\/a><\/li>\n\n\n\n<li class='active'><a>111<\/a><\/li>\n\n\n\n<li><a href='?page_no=112'>112<\/a><\/li>\n\n\n\n<li><a href='?page_no=113'>113<\/a><\/li>\n\n\n\n<li><a>...<\/a><\/li>\n\n\n\n<li><a href='?page_no=136'>136<\/a><\/li>\n\n\n\n<li><a href='?page_no=137'>137<\/a><\/li>\n\n    \n\t\n\n<li >\n\t<a href='?page_no=112'>Next<\/a>\n\t<\/li>\n\n\n    \n\n<li><a href='?page_no=137'>Last &rsaquo;&rsaquo;<\/a><\/li>\n\n<\/ul>\n\n\n--><br \/>\n<\/body><\/p>\n","protected":false},"excerpt":{"rendered":"<p>diariodominicano.com Santo Domingo, R. D., 7 de diciembre, 2020.- Despu\u00e9s de 14 horas de audiencia, el juez de la instrucci\u00f3n Jos\u00e9 Alejandro Vargas aplaz\u00f3 para las 2:00 de la tarde de este lunes la audiencia de medidas de coerci\u00f3n contra los imputados por corrupci\u00f3n en el expediente estructurado por el Ministerio P\u00fablico como consecuencia de [&hellip;]<\/p>\n","protected":false},"author":3,"featured_media":0,"comment_status":"open","ping_status":"open","sticky":false,"template":"","format":"standard","meta":{"footnotes":""},"categories":[24],"tags":[],"class_list":["post-261681","post","type-post","status-publish","format-standard","hentry","category-justicia-y-derecho"],"_links":{"self":[{"href":"https:\/\/diariodominicano.com\/index.php?rest_route=\/wp\/v2\/posts\/261681","targetHints":{"allow":["GET"]}}],"collection":[{"href":"https:\/\/diariodominicano.com\/index.php?rest_route=\/wp\/v2\/posts"}],"about":[{"href":"https:\/\/diariodominicano.com\/index.php?rest_route=\/wp\/v2\/types\/post"}],"author":[{"embeddable":true,"href":"https:\/\/diariodominicano.com\/index.php?rest_route=\/wp\/v2\/users\/3"}],"replies":[{"embeddable":true,"href":"https:\/\/diariodominicano.com\/index.php?rest_route=%2Fwp%2Fv2%2Fcomments&post=261681"}],"version-history":[{"count":0,"href":"https:\/\/diariodominicano.com\/index.php?rest_route=\/wp\/v2\/posts\/261681\/revisions"}],"wp:attachment":[{"href":"https:\/\/diariodominicano.com\/index.php?rest_route=%2Fwp%2Fv2%2Fmedia&parent=261681"}],"wp:term":[{"taxonomy":"category","embeddable":true,"href":"https:\/\/diariodominicano.com\/index.php?rest_route=%2Fwp%2Fv2%2Fcategories&post=261681"},{"taxonomy":"post_tag","embeddable":true,"href":"https:\/\/diariodominicano.com\/index.php?rest_route=%2Fwp%2Fv2%2Ftags&post=261681"}],"curies":[{"name":"wp","href":"https:\/\/api.w.org\/{rel}","templated":true}]}}