{"id":261678,"date":"2020-12-07T14:05:28","date_gmt":"2020-12-07T14:05:28","guid":{"rendered":"http:\/\/diariodominicano.ddns.net\/?p=261678"},"modified":"2020-12-07T14:05:28","modified_gmt":"2020-12-07T14:05:28","slug":"policia-nacional-apresa-presunto-microtraficante-de-drogas-acusado-de-ultimar-a-una-persona-y-herir-de-balas-a-otras-dos-en-distintos-sectores-de-santiago","status":"publish","type":"post","link":"https:\/\/diariodominicano.com\/?p=261678","title":{"rendered":"Polic\u00eda Nacional apresa presunto microtraficante de drogas acusado de ultimar a una persona y herir de balas a otras dos en distintos sectores de Santiago"},"content":{"rendered":"<p><body><\/p>\n<p><img decoding=\"async\" src=\"http:\/\/localhost:8080\/img3\/PN-Santiago7-12-20.jpg\" \/>  <\/p>\n<p><span class=\"text1noticias\">diariodominicano.com<\/span><\/p>\n<p><span class=\"text1noticias\"> <\/span><\/p>\n<p><span class=\"text1noticias\">Santiago RD, 7 de diciembre 2020.- Nuestra Polic\u00eda Nacional arrest\u00f3 a un hombre a quien se le acusa de haberle quitado la vida a una persona y herir de balas a otras dos, en hechos ocurridos por separados en el sector Los Salados y Cienfuegos del distrito municipal Santiago Oeste, de esta provincia, a quien adem\u00e1s se le ocup\u00f3 m\u00e1s de medio kilo de presumiblemente  coca\u00edna y otras evidencias.<\/span><\/p>\n<p><span class=\"text1noticias\"> <\/span><\/p>\n<p><span class=\"text1noticias\">Se trata de \u00c1ngel Tavera Pichardo y\/o Ronny Jos\u00e9 Tavera Pichardo, de 22 a\u00f1os, quien fue arrestado mediante orden judicial No. 1897-2020 por el homicidio del nacional haitiano Zabuca Pie, alias Aguacate, de 25 a\u00f1os, a causa de herida de arma blanca, hecho que sucedi\u00f3 en el sector Los Salados, en fecha 06-05-2020. <\/span><\/p>\n<p><span class=\"text1noticias\"> <\/span><\/p>\n<p><span class=\"text1noticias\">En su contra tambi\u00e9n existe la orden judicial No.8992, acusado de herir de balas a Andr\u00e9s Elisaury Enrique Jorge, de 27 a\u00f1os y a Wailin L\u00f3pez Almonte, de 19 a\u00f1os, en el barrio Mella II de Cienfuegos, Santiago Oeste, en fecha 18-10-2020. <\/span><\/p>\n<p><span class=\"text1noticias\"> <\/span><\/p>\n<p><span class=\"text1noticias\">Cuando los agentes policiales arrestaron a Tavera Pichardo le ocuparon dos porciones de presunta coca\u00edna con un peso de 511.4 gramos, una balanza y una radio de comunicaci\u00f3n.<\/span><\/p>\n<p><span class=\"text1noticias\"> <\/span><\/p>\n<p><span class=\"text1noticias\">Al ser depurado en la unidad de Archivo central de la Polic\u00eda se verific\u00f3 que figura con un registro por posesi\u00f3n de sustancias narc\u00f3ticas, siendo sometido a la justicia por la Direcci\u00f3n Nacional de Control de Drogas DNCD en 26-06-2017.<\/span><\/p>\n<p><span class=\"text1noticias\"> <\/span><\/p>\n<p><span class=\"text1noticias\">En cuanto al arrestado \u00c1ngel Tavera Pichardo est\u00e1 bajo el control del Ministerio P\u00fablico a los fines de ser sometido a la acci\u00f3n de la justicia.<\/span><\/p>\n<p><span class=\"text1noticias\"> <\/span><\/p>\n<p><span class=\"text1noticias\"> <\/span><\/p>\n<p><span class=\"text1noticias\"> Fuente: SUBDIRECCI\u00d3N DE COMUNICACIONES ESTRAT\u00c9GICAS DE LA POLIC\u00cdA NACIONAL DIRECCI\u00d3N REGIONAL CIBAO CENTRAL<\/span><\/p>\n<p><span class=\"text1noticias\">Subdirecci\u00f3n de Comunicaciones Estret\u00e9gicas<\/span><\/p>\n<p><span class=\"text1noticias\">Direcci\u00f3n Regional Cibao Central Polic\u00eda Nacional<\/span><\/p>\n<h6> 2020-12-07 14:05:28 <\/h6>\n<p><!--\n<link rel=\"stylesheet\" href=\"css\/bootstrap.min.css\">\n\n\n<ul class=\"pagination\">\n\t    \n\t\n\n<li >\n\t<a href='?page_no=108'>Previous<\/a>\n\t<\/li>\n\n\n       \n    \n\n<li><a href='?page_no=1'>1<\/a><\/li>\n\n\n\n<li><a href='?page_no=2'>2<\/a><\/li>\n\n\n\n<li><a>...<\/a><\/li>\n\n\n\n<li><a href='?page_no=107'>107<\/a><\/li>\n\n\n\n<li><a href='?page_no=108'>108<\/a><\/li>\n\n\n\n<li class='active'><a>109<\/a><\/li>\n\n\n\n<li><a href='?page_no=110'>110<\/a><\/li>\n\n\n\n<li><a href='?page_no=111'>111<\/a><\/li>\n\n\n\n<li><a>...<\/a><\/li>\n\n\n\n<li><a href='?page_no=136'>136<\/a><\/li>\n\n\n\n<li><a href='?page_no=137'>137<\/a><\/li>\n\n    \n\t\n\n<li >\n\t<a href='?page_no=110'>Next<\/a>\n\t<\/li>\n\n\n    \n\n<li><a href='?page_no=137'>Last &rsaquo;&rsaquo;<\/a><\/li>\n\n<\/ul>\n\n\n--><br \/>\n<\/body><\/p>\n","protected":false},"excerpt":{"rendered":"<p>diariodominicano.com Santiago RD, 7 de diciembre 2020.- Nuestra Polic\u00eda Nacional arrest\u00f3 a un hombre a quien se le acusa de haberle quitado la vida a una persona y herir de balas a otras dos, en hechos ocurridos por separados en el sector Los Salados y Cienfuegos del distrito municipal Santiago Oeste, de esta provincia, a [&hellip;]<\/p>\n","protected":false},"author":3,"featured_media":0,"comment_status":"open","ping_status":"open","sticky":false,"template":"","format":"standard","meta":{"footnotes":""},"categories":[24],"tags":[],"class_list":["post-261678","post","type-post","status-publish","format-standard","hentry","category-justicia-y-derecho"],"_links":{"self":[{"href":"https:\/\/diariodominicano.com\/index.php?rest_route=\/wp\/v2\/posts\/261678","targetHints":{"allow":["GET"]}}],"collection":[{"href":"https:\/\/diariodominicano.com\/index.php?rest_route=\/wp\/v2\/posts"}],"about":[{"href":"https:\/\/diariodominicano.com\/index.php?rest_route=\/wp\/v2\/types\/post"}],"author":[{"embeddable":true,"href":"https:\/\/diariodominicano.com\/index.php?rest_route=\/wp\/v2\/users\/3"}],"replies":[{"embeddable":true,"href":"https:\/\/diariodominicano.com\/index.php?rest_route=%2Fwp%2Fv2%2Fcomments&post=261678"}],"version-history":[{"count":0,"href":"https:\/\/diariodominicano.com\/index.php?rest_route=\/wp\/v2\/posts\/261678\/revisions"}],"wp:attachment":[{"href":"https:\/\/diariodominicano.com\/index.php?rest_route=%2Fwp%2Fv2%2Fmedia&parent=261678"}],"wp:term":[{"taxonomy":"category","embeddable":true,"href":"https:\/\/diariodominicano.com\/index.php?rest_route=%2Fwp%2Fv2%2Fcategories&post=261678"},{"taxonomy":"post_tag","embeddable":true,"href":"https:\/\/diariodominicano.com\/index.php?rest_route=%2Fwp%2Fv2%2Ftags&post=261678"}],"curies":[{"name":"wp","href":"https:\/\/api.w.org\/{rel}","templated":true}]}}