{"id":261676,"date":"2020-12-07T21:44:55","date_gmt":"2020-12-07T21:44:55","guid":{"rendered":"http:\/\/diariodominicano.ddns.net\/?p=261676"},"modified":"2020-12-07T21:44:55","modified_gmt":"2020-12-07T21:44:55","slug":"ministerio-publico-y-policia-logran-la-entrega-desde-italia-de-un-dominicano-acusado-de-homicidio","status":"publish","type":"post","link":"https:\/\/diariodominicano.com\/?p=261676","title":{"rendered":"Ministerio P\u00fablico y Polic\u00eda logran la entrega desde Italia de un dominicano acusado de homicidio"},"content":{"rendered":"<p><body><\/p>\n<p><img decoding=\"async\" src=\"http:\/\/localhost:8080\/img3\/Suprema7-12-20.jpg\" \/>  <\/p>\n<p><span class=\"text1noticias\">diariodominicano.com<\/span><\/p>\n<p><span class=\"text1noticias\"> <\/span><\/p>\n<p><span class=\"text1noticias\">Salcedo, Hermanas Mirabal, R. D., 7 de diciembre, 2020.- El Ministerio P\u00fablico de esta jurisdicci\u00f3n logr\u00f3, en una operaci\u00f3n conjunta con la Polic\u00eda Nacional, la entrega desde Italia de un dominicano acusado de cometer un homicidio, ocurrido el 15 de enero de 2017, en San Jos\u00e9 de Cenov\u00ed, del municipio Villa Tapia.<\/span><\/p>\n<p><span class=\"text1noticias\"> <\/span><\/p>\n<p><span class=\"text1noticias\">Marino Javier V\u00e1squez S\u00e1nchez (Marinito El Picante) huy\u00f3 del pa\u00eds con destino desconocido y permaneci\u00f3 pr\u00f3fugo por m\u00e1s de tres a\u00f1os, luego de causarle la muerte, de varios disparos, a Alfredo Mayi Amadis.<\/span><\/p>\n<p><span class=\"text1noticias\"> <\/span><\/p>\n<p><span class=\"text1noticias\">El crimen se produjo durante un incidente en el que tambi\u00e9n resultaron con heridas Leury Reyes Taveras y Stefano Antonio Mendoza G\u00e1lvez, todos de nacionalidad dominicana.<\/span><\/p>\n<p><span class=\"text1noticias\"> <\/span><\/p>\n<p><span class=\"text1noticias\">La informaci\u00f3n, suministrada a trav\u00e9s de un comunicado de prensa, resalta el trabajo conjunto entre los organismos nacionales y la cooperaci\u00f3n jur\u00eddica internacional en la lucha contra la delincuencia y el crimen.<\/span><\/p>\n<p><span class=\"text1noticias\"> <\/span><\/p>\n<p><span class=\"text1noticias\">Destaca que se trata del primer caso de entrega de un dominicano perseguido por un delito en la actual gesti\u00f3n que encabeza la procuradora general de la Rep\u00fablica, Miriam Germ\u00e1n Brito.<\/span><\/p>\n<p><span class=\"text1noticias\"> <\/span><\/p>\n<p><span class=\"text1noticias\">V\u00e1squez S\u00e1nchez ser\u00e1 tra\u00eddo al pa\u00eds en el vuelo IB 6501, de Iberia, procedente de Italia, a las 9:00 de la noche de este lunes. Lo recibir\u00e1n representantes del Ministerio P\u00fablico de esta demarcaci\u00f3n, quienes luego lo trasladar\u00e1n hasta la ciudad de Salcedo para ser presentado ante un juez. <\/span><\/p>\n<p><span class=\"text1noticias\"> <\/span><\/p>\n<p><span class=\"text1noticias\">V\u00e1squez S\u00e1nchez ser\u00e1 sometido a la acci\u00f3n de la justicia en las pr\u00f3ximas horas. El Ministerio P\u00fablico pedir\u00e1 que se le imponga una medida de coerci\u00f3n consistente en prisi\u00f3n preventiva, por los hechos que se les imputan.<\/span><\/p>\n<p><span class=\"text1noticias\"> <\/span><\/p>\n<p><span class=\"text1noticias\">De acuerdo a las informaciones suministradas por las autoridades, la investigaci\u00f3n que condujo al apresamiento y posterior entrega del imputado V\u00e1squez S\u00e1nchez, desde Roma, Italia, hasta Rep\u00fablica Dominicana, se hizo posible gracias a un trabajo articulado del Departamento de Asuntos Internacionales y Extradiciones del Ministerio P\u00fablico, la Oficina Central Nacional (OCN-Interpol) de la Polic\u00eda Nacional, y sus hom\u00f3logos en Roma-Italia.<\/span><\/p>\n<p><span class=\"text1noticias\"> <\/span><\/p>\n<p><span class=\"text1noticias\">Tambi\u00e9n, con la colaboraci\u00f3n de otros organismos de seguridad de ambas naciones que dieron estricto seguimiento a este caso.<\/span><\/p>\n<p><span class=\"text1noticias\"> <\/span><\/p>\n<p><span class=\"text1noticias\">Con relaci\u00f3n al caso, el Ministerio P\u00fablico se\u00f1ala que ocurri\u00f3 en horas de la madrugada del referido d\u00eda, mientras el hoy occiso se encontraba compartiendo entre amigos con ocasi\u00f3n de la celebraci\u00f3n de las fiestas patronales en honor a la virgen de la Altagracia.<\/span><\/p>\n<p><span class=\"text1noticias\"> <\/span><\/p>\n<p><span class=\"text1noticias\">Detalla que, que el imputado lleg\u00f3 en su veh\u00edculo y al encontrar la multitud que se encontraba en el lugar, se enfureci\u00f3 al no poder cruzar y, minutos despu\u00e9s, procedi\u00f3 a hacer varios disparos que le segaron la vida a Mayi Amadis.<\/span><\/p>\n<p><span class=\"text1noticias\"> <\/span><\/p>\n<p><span class=\"text1noticias\">Fuente: Comunicaciones Prensa <\/span><\/p>\n<p><span class=\"text1noticias\">Direcci\u00f3n de Comunicaci\u00f3n, Prensa y RRPP <\/span><\/p>\n<p><span class=\"text1noticias\">Procuradur\u00eda General-Ministerio P\u00fablico RD <\/span><\/p>\n<p><span class=\"text1noticias\">Lunes, 7 de diciembr<\/span>e de 2020.<\/p>\n<\/p>\n<\/p>\n<h6> 2020-12-07 21:44:55 <\/h6>\n<p><!--\n<link rel=\"stylesheet\" href=\"css\/bootstrap.min.css\">\n\n\n<ul class=\"pagination\">\n\t    \n\t\n\n<li >\n\t<a href='?page_no=106'>Previous<\/a>\n\t<\/li>\n\n\n       \n    \n\n<li><a href='?page_no=1'>1<\/a><\/li>\n\n\n\n<li><a href='?page_no=2'>2<\/a><\/li>\n\n\n\n<li><a>...<\/a><\/li>\n\n\n\n<li><a href='?page_no=105'>105<\/a><\/li>\n\n\n\n<li><a href='?page_no=106'>106<\/a><\/li>\n\n\n\n<li class='active'><a>107<\/a><\/li>\n\n\n\n<li><a href='?page_no=108'>108<\/a><\/li>\n\n\n\n<li><a href='?page_no=109'>109<\/a><\/li>\n\n\n\n<li><a>...<\/a><\/li>\n\n\n\n<li><a href='?page_no=136'>136<\/a><\/li>\n\n\n\n<li><a href='?page_no=137'>137<\/a><\/li>\n\n    \n\t\n\n<li >\n\t<a href='?page_no=108'>Next<\/a>\n\t<\/li>\n\n\n    \n\n<li><a href='?page_no=137'>Last &rsaquo;&rsaquo;<\/a><\/li>\n\n<\/ul>\n\n\n--><br \/>\n<\/body><\/p>\n","protected":false},"excerpt":{"rendered":"<p>diariodominicano.com Salcedo, Hermanas Mirabal, R. D., 7 de diciembre, 2020.- El Ministerio P\u00fablico de esta jurisdicci\u00f3n logr\u00f3, en una operaci\u00f3n conjunta con la Polic\u00eda Nacional, la entrega desde Italia de un dominicano acusado de cometer un homicidio, ocurrido el 15 de enero de 2017, en San Jos\u00e9 de Cenov\u00ed, del municipio Villa Tapia. Marino Javier [&hellip;]<\/p>\n","protected":false},"author":3,"featured_media":0,"comment_status":"open","ping_status":"open","sticky":false,"template":"","format":"standard","meta":{"footnotes":""},"categories":[24],"tags":[],"class_list":["post-261676","post","type-post","status-publish","format-standard","hentry","category-justicia-y-derecho"],"_links":{"self":[{"href":"https:\/\/diariodominicano.com\/index.php?rest_route=\/wp\/v2\/posts\/261676","targetHints":{"allow":["GET"]}}],"collection":[{"href":"https:\/\/diariodominicano.com\/index.php?rest_route=\/wp\/v2\/posts"}],"about":[{"href":"https:\/\/diariodominicano.com\/index.php?rest_route=\/wp\/v2\/types\/post"}],"author":[{"embeddable":true,"href":"https:\/\/diariodominicano.com\/index.php?rest_route=\/wp\/v2\/users\/3"}],"replies":[{"embeddable":true,"href":"https:\/\/diariodominicano.com\/index.php?rest_route=%2Fwp%2Fv2%2Fcomments&post=261676"}],"version-history":[{"count":0,"href":"https:\/\/diariodominicano.com\/index.php?rest_route=\/wp\/v2\/posts\/261676\/revisions"}],"wp:attachment":[{"href":"https:\/\/diariodominicano.com\/index.php?rest_route=%2Fwp%2Fv2%2Fmedia&parent=261676"}],"wp:term":[{"taxonomy":"category","embeddable":true,"href":"https:\/\/diariodominicano.com\/index.php?rest_route=%2Fwp%2Fv2%2Fcategories&post=261676"},{"taxonomy":"post_tag","embeddable":true,"href":"https:\/\/diariodominicano.com\/index.php?rest_route=%2Fwp%2Fv2%2Ftags&post=261676"}],"curies":[{"name":"wp","href":"https:\/\/api.w.org\/{rel}","templated":true}]}}