{"id":261670,"date":"2020-12-08T15:29:34","date_gmt":"2020-12-08T15:29:34","guid":{"rendered":"http:\/\/diariodominicano.ddns.net\/?p=261670"},"modified":"2020-12-08T15:29:34","modified_gmt":"2020-12-08T15:29:34","slug":"wilson-camacho-el-ministerio-publico-ha-presentado-mas-de-400-pruebas-contra-los-arrestados-en-la-operacion-anti-pulpo","status":"publish","type":"post","link":"https:\/\/diariodominicano.com\/?p=261670","title":{"rendered":"Wilson Camacho: el Ministerio P\u00fablico ha presentado m\u00e1s de 400 pruebas contra los arrestados en la Operaci\u00f3n Anti Pulpo"},"content":{"rendered":"<p><body><\/p>\n<p><img decoding=\"async\" src=\"http:\/\/localhost:8080\/img3\/WilsonCamacho8-12-20.JPG\" \/>  <\/p>\n<p><span class=\"text1noticias\">diariodominicano.com<\/span><\/p>\n<p><span class=\"text1noticias\"> <\/span><\/p>\n<p> Santo Domingo, R. D., 8 de diciembre, 2020.- <span class=\"text1noticias\">\u00abNosotros hemos presentado, para una medida de coerci\u00f3n, m\u00e1s de 400 elementos de pruebas, que son m\u00e1s que suficientes para que el tribunal pueda acreditar que los imputados son, con mucha probabilidad, autores o c\u00f3mplices, de los hechos que se les imputan\u00bb, asegur\u00f3 hoy el magistrado Wilson Camacho respecto a la medida de coerci\u00f3n contra los 11 arrestados en la Operaci\u00f3n Anti Pulpo. <\/span><\/p>\n<p><span class=\"text1noticias\"> <\/span><\/p>\n<p><span class=\"text1noticias\">\u00abAdem\u00e1s, hemos demostrado en ese tribunal que varios de los imputados han intentado destruir pruebas, amenazar a testigos y esas son razones suficientes para que el tribunal, por la tutela del propio proceso, dicte prisi\u00f3n preventiva\u00bb, a\u00f1adi\u00f3 el titular de la Procuradur\u00eda Especializada de Persecuci\u00f3n de la Corrupci\u00f3n Administrativa (Pepca). <\/span><\/p>\n<p><span class=\"text1noticias\"> <\/span><\/p>\n<p><span class=\"text1noticias\">Mediante la Operaci\u00f3n Anti Pulpo el Ministerio P\u00fablico desarticul\u00f3 una amplia red de corrupci\u00f3n administrativa de la que era parte fundamental el imputado Juan Alexis Medina S\u00e1nchez, quien, conforme a la acusaci\u00f3n, cre\u00f3 un entramado societario para hacer negocios millonarios con el Estado, aprovechando su condici\u00f3n privilegiada de ser hermano del entonces presidente Danilo Medina S\u00e1nchez. <\/span><\/p>\n<p><span class=\"text1noticias\"> <\/span><\/p>\n<p><span class=\"text1noticias\">En el expediente contra Juan Alexis figura su hermana Carmen Magalys Medina S\u00e1nchez. <\/span><\/p>\n<p><span class=\"text1noticias\"> <\/span><\/p>\n<p><span class=\"text1noticias\">Adem\u00e1s de los hermanos Medina S\u00e1nchez, el expediente acusa a Francisco Pag\u00e1n Rodr\u00edguez, Lorenzo Wilfredo (Freddy) Hidalgo N\u00fa\u00f1ez, Rafael Antonio Germos\u00e9n And\u00fajar, Fernando A. Rosa Rosa, Aquiles Alejandro Christopher S\u00e1nchez, Domingo Antonio Santiago Mu\u00f1oz, Juli\u00e1n Esteban Suriel Suazo, Jos\u00e9 Dolores Santana Carmona y Wacal Vernavel M\u00e9ndez Pineda.<\/span><\/p>\n<p><span class=\"text1noticias\"> <\/span><\/p>\n<p><span class=\"text1noticias\">Fuente: Direcci\u00f3n de Comunicaci\u00f3n, Prensa y RRPP <\/span><\/p>\n<p><span class=\"text1noticias\">Procuradur\u00eda General-Ministerio P\u00fablico RD <\/span><\/p>\n<p><span class=\"text1noticias\">Martes, 8 de d<\/span>iciembre de 2020.<\/p>\n<h6> 2020-12-08 15:29:34 <\/h6>\n<p><!--\n<link rel=\"stylesheet\" href=\"css\/bootstrap.min.css\">\n\n\n<ul class=\"pagination\">\n\t    \n\t\n\n<li >\n\t<a href='?page_no=100'>Previous<\/a>\n\t<\/li>\n\n\n       \n    \n\n<li><a href='?page_no=1'>1<\/a><\/li>\n\n\n\n<li><a href='?page_no=2'>2<\/a><\/li>\n\n\n\n<li><a>...<\/a><\/li>\n\n\n\n<li><a href='?page_no=99'>99<\/a><\/li>\n\n\n\n<li><a href='?page_no=100'>100<\/a><\/li>\n\n\n\n<li class='active'><a>101<\/a><\/li>\n\n\n\n<li><a href='?page_no=102'>102<\/a><\/li>\n\n\n\n<li><a href='?page_no=103'>103<\/a><\/li>\n\n\n\n<li><a>...<\/a><\/li>\n\n\n\n<li><a href='?page_no=136'>136<\/a><\/li>\n\n\n\n<li><a href='?page_no=137'>137<\/a><\/li>\n\n    \n\t\n\n<li >\n\t<a href='?page_no=102'>Next<\/a>\n\t<\/li>\n\n\n    \n\n<li><a href='?page_no=137'>Last &rsaquo;&rsaquo;<\/a><\/li>\n\n<\/ul>\n\n\n--><br \/>\n<\/body><\/p>\n","protected":false},"excerpt":{"rendered":"<p>diariodominicano.com Santo Domingo, R. D., 8 de diciembre, 2020.- \u00abNosotros hemos presentado, para una medida de coerci\u00f3n, m\u00e1s de 400 elementos de pruebas, que son m\u00e1s que suficientes para que el tribunal pueda acreditar que los imputados son, con mucha probabilidad, autores o c\u00f3mplices, de los hechos que se les imputan\u00bb, asegur\u00f3 hoy el magistrado [&hellip;]<\/p>\n","protected":false},"author":3,"featured_media":0,"comment_status":"open","ping_status":"open","sticky":false,"template":"","format":"standard","meta":{"footnotes":""},"categories":[24],"tags":[],"class_list":["post-261670","post","type-post","status-publish","format-standard","hentry","category-justicia-y-derecho"],"_links":{"self":[{"href":"https:\/\/diariodominicano.com\/index.php?rest_route=\/wp\/v2\/posts\/261670","targetHints":{"allow":["GET"]}}],"collection":[{"href":"https:\/\/diariodominicano.com\/index.php?rest_route=\/wp\/v2\/posts"}],"about":[{"href":"https:\/\/diariodominicano.com\/index.php?rest_route=\/wp\/v2\/types\/post"}],"author":[{"embeddable":true,"href":"https:\/\/diariodominicano.com\/index.php?rest_route=\/wp\/v2\/users\/3"}],"replies":[{"embeddable":true,"href":"https:\/\/diariodominicano.com\/index.php?rest_route=%2Fwp%2Fv2%2Fcomments&post=261670"}],"version-history":[{"count":0,"href":"https:\/\/diariodominicano.com\/index.php?rest_route=\/wp\/v2\/posts\/261670\/revisions"}],"wp:attachment":[{"href":"https:\/\/diariodominicano.com\/index.php?rest_route=%2Fwp%2Fv2%2Fmedia&parent=261670"}],"wp:term":[{"taxonomy":"category","embeddable":true,"href":"https:\/\/diariodominicano.com\/index.php?rest_route=%2Fwp%2Fv2%2Fcategories&post=261670"},{"taxonomy":"post_tag","embeddable":true,"href":"https:\/\/diariodominicano.com\/index.php?rest_route=%2Fwp%2Fv2%2Ftags&post=261670"}],"curies":[{"name":"wp","href":"https:\/\/api.w.org\/{rel}","templated":true}]}}