{"id":261669,"date":"2020-12-08T17:20:53","date_gmt":"2020-12-08T17:20:53","guid":{"rendered":"http:\/\/diariodominicano.ddns.net\/?p=261669"},"modified":"2020-12-08T17:20:53","modified_gmt":"2020-12-08T17:20:53","slug":"la-fiscalia-deposita-acusacion-contra-implicados-en-la-red-de-cesar-el-abusador","status":"publish","type":"post","link":"https:\/\/diariodominicano.com\/?p=261669","title":{"rendered":"La Fiscal\u00eda deposita acusaci\u00f3n contra implicados en la red de \u00abC\u00e9sar El Abusador\u00bb"},"content":{"rendered":"<p><body><\/p>\n<p><img decoding=\"async\" src=\"http:\/\/localhost:8080\/img3\/ExpCesar Abu8-12-20.jpeg\" \/>  <\/p>\n<p><span class=\"text1noticias\">diariodominicano.com<\/span><\/p>\n<\/p>\n<p><span class=\"text1noticias\"> Santo Domingo, R. D., 8 de diciembre, 2020.- La Fiscal\u00eda del Distrito Nacional, junto a la Procuradur\u00eda Especializada de Antilavado de Activos y Financiamiento al Terrorismo deposit\u00f3 la tarde de este martes la acusaci\u00f3n contra los implicados en la red de narcotr\u00e1fico encabezada por C\u00e9sar Emilio Peralta, mejor conocido como \u00abC\u00e9sar El Abusador\u00bb, y en la que est\u00e1n involucradas unas 43 personas f\u00edsicas y jur\u00eddicas. <\/span><\/p>\n<p><span class=\"text1noticias\"> <\/span><\/p>\n<p><span class=\"text1noticias\">El sometimiento, firmado por la procuradora fiscal del Distrito Nacional, Rosalba Ramos, y el titular de la Procuradur\u00eda Especializada Antilavado de Activos y Financiamiento del Terrorismo, Luis Gonz\u00e1lez, indica que la red moviliz\u00f3 un aproximado de 3, 500 millones de pesos. <\/span><\/p>\n<p><span class=\"text1noticias\"> <\/span><\/p>\n<p><span class=\"text1noticias\">Seg\u00fan el expediente, depositado por ante el juez coordinador de los Juzgados de Instrucci\u00f3n del Distrito Nacional, entre los nuevos imputados se menciona a Melchor Antonio Alc\u00e1ntara Damir\u00f3n, empresario de la construcci\u00f3n; Genri Daniel Santana Bad\u00eda, Jhonan Alexander Ure\u00f1a Mart\u00ednez, Biancis Evangeline Castellanos Miranda, Reynaldo Alberto Canela, Ram\u00f3n Reinardo Guerra Molina, entre otros. <\/span><\/p>\n<p><span class=\"text1noticias\"> <\/span><\/p>\n<p><span class=\"text1noticias\">En la primera etapa del proceso hab\u00edan sido imputados la esposa de \u00abC\u00e9sar El Abusador\u00bb, Marisol Franco; Jos\u00e9 Bernab\u00e9 Quiterio (El Ni\u00f1o), Manuel S\u00e1nchez P\u00e9rez (Pupilo), Johanny Paniagua, Yadher Rafael V\u00e1squez Araujo (Jake Mate) y Edward Patricio Montero Cabral (El Zapatazo). <\/span><\/p>\n<p><span class=\"text1noticias\"> <\/span><\/p>\n<p><span class=\"text1noticias\">Tambi\u00e9n Alan Gilberto Bueno Alc\u00e9quiez (Alan D\u00f3lar), Rafael Reyes, Rodolfo Cede\u00f1o Ure\u00f1a (El comandante), Heriberto de la Cruz P\u00e9rez (Erick Aqua), Lidio Pe\u00f1a Mota, Jeifry del Rosario Gautier, Jos\u00e9 Tapia P\u00e9rez (Bola Negra), Baltazar Mesa (El Maestro) y Sergio G\u00f3mez D\u00edaz.<\/span><\/p>\n<p><span class=\"text1noticias\"> <\/span><\/p>\n<p><span class=\"text1noticias\">Un comunicado servido por la Direcci\u00f3n de Comunicaci\u00f3n de la Procuradur\u00eda General de la Rep\u00fablica destaca que el llamado imperio de \u00abEl Abusador\u00bb cay\u00f3 en agosto de 2019 despu\u00e9s de que las autoridades dominicanas desarticularan su presunta red de lavados de activos y narcotr\u00e1fico, tras una investigaci\u00f3n de casi tres a\u00f1os. <\/span><\/p>\n<p><span class=\"text1noticias\"> <\/span><\/p>\n<p><span class=\"text1noticias\">Fuente: Direcci\u00f3n de Comunicaci\u00f3n, Prensa y RRPP <\/span><\/p>\n<p><span class=\"text1noticias\">Procuradur\u00eda General-Ministerio P\u00fablico RD <\/span><\/p>\n<p><span class=\"text1noticias\">Martes, 8 de <\/span>diciembre de 2020<\/p>\n<h6> 2020-12-08 17:20:53 <\/h6>\n<p><!--\n<link rel=\"stylesheet\" href=\"css\/bootstrap.min.css\">\n\n\n<ul class=\"pagination\">\n\t    \n\t\n\n<li >\n\t<a href='?page_no=99'>Previous<\/a>\n\t<\/li>\n\n\n       \n    \n\n<li><a href='?page_no=1'>1<\/a><\/li>\n\n\n\n<li><a href='?page_no=2'>2<\/a><\/li>\n\n\n\n<li><a>...<\/a><\/li>\n\n\n\n<li><a href='?page_no=98'>98<\/a><\/li>\n\n\n\n<li><a href='?page_no=99'>99<\/a><\/li>\n\n\n\n<li class='active'><a>100<\/a><\/li>\n\n\n\n<li><a href='?page_no=101'>101<\/a><\/li>\n\n\n\n<li><a href='?page_no=102'>102<\/a><\/li>\n\n\n\n<li><a>...<\/a><\/li>\n\n\n\n<li><a href='?page_no=136'>136<\/a><\/li>\n\n\n\n<li><a href='?page_no=137'>137<\/a><\/li>\n\n    \n\t\n\n<li >\n\t<a href='?page_no=101'>Next<\/a>\n\t<\/li>\n\n\n    \n\n<li><a href='?page_no=137'>Last &rsaquo;&rsaquo;<\/a><\/li>\n\n<\/ul>\n\n\n--><br \/>\n<\/body><\/p>\n","protected":false},"excerpt":{"rendered":"<p>diariodominicano.com Santo Domingo, R. D., 8 de diciembre, 2020.- La Fiscal\u00eda del Distrito Nacional, junto a la Procuradur\u00eda Especializada de Antilavado de Activos y Financiamiento al Terrorismo deposit\u00f3 la tarde de este martes la acusaci\u00f3n contra los implicados en la red de narcotr\u00e1fico encabezada por C\u00e9sar Emilio Peralta, mejor conocido como \u00abC\u00e9sar El Abusador\u00bb, y [&hellip;]<\/p>\n","protected":false},"author":3,"featured_media":0,"comment_status":"open","ping_status":"open","sticky":false,"template":"","format":"standard","meta":{"footnotes":""},"categories":[24],"tags":[],"class_list":["post-261669","post","type-post","status-publish","format-standard","hentry","category-justicia-y-derecho"],"_links":{"self":[{"href":"https:\/\/diariodominicano.com\/index.php?rest_route=\/wp\/v2\/posts\/261669","targetHints":{"allow":["GET"]}}],"collection":[{"href":"https:\/\/diariodominicano.com\/index.php?rest_route=\/wp\/v2\/posts"}],"about":[{"href":"https:\/\/diariodominicano.com\/index.php?rest_route=\/wp\/v2\/types\/post"}],"author":[{"embeddable":true,"href":"https:\/\/diariodominicano.com\/index.php?rest_route=\/wp\/v2\/users\/3"}],"replies":[{"embeddable":true,"href":"https:\/\/diariodominicano.com\/index.php?rest_route=%2Fwp%2Fv2%2Fcomments&post=261669"}],"version-history":[{"count":0,"href":"https:\/\/diariodominicano.com\/index.php?rest_route=\/wp\/v2\/posts\/261669\/revisions"}],"wp:attachment":[{"href":"https:\/\/diariodominicano.com\/index.php?rest_route=%2Fwp%2Fv2%2Fmedia&parent=261669"}],"wp:term":[{"taxonomy":"category","embeddable":true,"href":"https:\/\/diariodominicano.com\/index.php?rest_route=%2Fwp%2Fv2%2Fcategories&post=261669"},{"taxonomy":"post_tag","embeddable":true,"href":"https:\/\/diariodominicano.com\/index.php?rest_route=%2Fwp%2Fv2%2Ftags&post=261669"}],"curies":[{"name":"wp","href":"https:\/\/api.w.org\/{rel}","templated":true}]}}