{"id":261613,"date":"2020-12-03T23:06:15","date_gmt":"2020-12-03T23:06:15","guid":{"rendered":"http:\/\/diariodominicano.ddns.net\/?p=261613"},"modified":"2020-12-03T23:06:15","modified_gmt":"2020-12-03T23:06:15","slug":"el-dia-que-militares-de-republica-dominicana-desalojaron-militares-invasores-de-haiti-del-fuerte-de-cachiman","status":"publish","type":"post","link":"https:\/\/diariodominicano.com\/?p=261613","title":{"rendered":"El d\u00eda que militares de Rep\u00fablica Dominicana desalojaron militares invasores de Hait\u00ed del Fuerte de Cachim\u00e1n"},"content":{"rendered":"<p><body><\/p>\n<p><img decoding=\"async\" src=\"http:\/\/localhost:8080\/img3\/Antonio Duverge.jpg\" \/>  <\/p>\n<p><strong>Diariodominicano.com<\/strong><\/p>\n<p><strong>El d\u00eda que militares de Rep\u00fablica Dominicana desalojaron militares invasores de Hait\u00ed del Fuerte de Cachim\u00e1n<\/strong><\/p>\n<p><strong>Monumento en honor al general Antonio Duverge, en el parque Mirador Sur, en la ciudad de Santo Domingo.<\/strong><\/p>\n<p><strong>Tras ataques intensos, las fuerzas dominicanas tomaron a Cachim\u00e1n y por disposici\u00f3n del General Antonio Duverg\u00e9,  en el lugar fue establecido un puesto de avanzada al mando del comandante Juan Evangelista Batista.<\/strong><\/p>\n<p><strong> <\/strong><\/p>\n<p><strong>Por H\u00e9ctor Tineo Nolasco<\/strong><\/p>\n<p><strong>Diariodominicano.com<\/strong><\/p>\n<\/p>\n<p><strong>COMENDADOR, el   4 de diciembre de 1844,<\/strong> militares de la Rep\u00fablica Dominicana, comandadas por el general Antonio Duverg\u00e9 desalojaron a invasores  haitianos del fuerte de Cachim\u00e1n en la regi\u00f3n Sur, cerca de Comendador.<\/p>\n<\/p>\n<p>    Tras ataques intensos, las fuerzas dominicanas tomaron a Cachim\u00e1n y por disposici\u00f3n del General Antonio Duverg\u00e9,  en el lugar fue establecido un puesto de avanzada al mando del comandante Juan Evangelista Batista.<\/p>\n<\/p>\n<p>  <strong> La Rep\u00fablica Dominicana fue proclamada el 27 de febrero de 1844, con lo que termin\u00f3 la ocupaci\u00f3n haitiana, el Gobierno de Hait\u00ed se resist\u00eda a aceptar el Estado Dominicano.<\/strong><\/p>\n<\/p>\n<p>  Por ello, a partir de la fundaci\u00f3n de la Rep\u00fablica organiz\u00f3 m\u00faltiples invasiones contra el territorio dominicano, pero los dominicanos se impusieron.<\/p>\n<\/p>\n<p>   El general Antonio Duverg\u00e9 al desalojar a los haitianos del fuerte de Cachim\u00e1n, se anot\u00f3 con sus hombres otro punto en la lucha en defensa de la soberan\u00eda nacional. Antes combati\u00f3 a los haitianos en la Batalla de Azua, conocida en la historia dominicana como la Batalla del 19 de Marzo.<\/p>\n<\/p>\n<p>Tambi\u00e9n, el 13 de abril de 1844, el general Antonio Duverg\u00e9, y los oficiales Cheri Victoria y Felipe Alfau, dirigieron las operaciones en la Batalla de El Memiso, en la cual los dominicanos derrotaron a los haitianos.<\/p>\n<\/p>\n<p>    Antonio Duverg\u00e9 por m\u00e9ritos lleg\u00f3 al grado de General de Divisi\u00f3n. En la lucha contra los haitianos tambi\u00e9n se destac\u00f3 en las batallas de  Estrelleta,  El N\u00famero, y Las Carreras, entre otras acciones en defensa de la soberan\u00eda nacional.<\/p>\n<h6> 2020-12-03 23:06:15 <\/h6>\n<p><!--\n<link rel=\"stylesheet\" href=\"css\/bootstrap.min.css\">\n\n\n<ul class=\"pagination\">\n\t    \n\t\n\n<li >\n\t<a href='?page_no=98'>Previous<\/a>\n\t<\/li>\n\n\n       \n    \n\n<li><a href='?page_no=1'>1<\/a><\/li>\n\n\n\n<li><a href='?page_no=2'>2<\/a><\/li>\n\n\n\n<li><a>...<\/a><\/li>\n\n\n\n<li><a href='?page_no=97'>97<\/a><\/li>\n\n\n\n<li><a href='?page_no=98'>98<\/a><\/li>\n\n\n\n<li class='active'><a>99<\/a><\/li>\n\n\n\n<li><a href='?page_no=100'>100<\/a><\/li>\n\n\n\n<li><a href='?page_no=101'>101<\/a><\/li>\n\n\n\n<li><a>...<\/a><\/li>\n\n\n\n<li><a href='?page_no=110'>110<\/a><\/li>\n\n\n\n<li><a href='?page_no=111'>111<\/a><\/li>\n\n    \n\t\n\n<li >\n\t<a href='?page_no=100'>Next<\/a>\n\t<\/li>\n\n\n    \n\n<li><a href='?page_no=111'>Last &rsaquo;&rsaquo;<\/a><\/li>\n\n<\/ul>\n\n\n--><br \/>\n<\/body><\/p>\n","protected":false},"excerpt":{"rendered":"<p>Diariodominicano.com El d\u00eda que militares de Rep\u00fablica Dominicana desalojaron militares invasores de Hait\u00ed del Fuerte de Cachim\u00e1n Monumento en honor al general Antonio Duverge, en el parque Mirador Sur, en la ciudad de Santo Domingo. Tras ataques intensos, las fuerzas dominicanas tomaron a Cachim\u00e1n y por disposici\u00f3n del General Antonio Duverg\u00e9, en el lugar fue [&hellip;]<\/p>\n","protected":false},"author":3,"featured_media":0,"comment_status":"open","ping_status":"open","sticky":false,"template":"","format":"standard","meta":{"footnotes":""},"categories":[21],"tags":[],"class_list":["post-261613","post","type-post","status-publish","format-standard","hentry","category-cultura"],"_links":{"self":[{"href":"https:\/\/diariodominicano.com\/index.php?rest_route=\/wp\/v2\/posts\/261613","targetHints":{"allow":["GET"]}}],"collection":[{"href":"https:\/\/diariodominicano.com\/index.php?rest_route=\/wp\/v2\/posts"}],"about":[{"href":"https:\/\/diariodominicano.com\/index.php?rest_route=\/wp\/v2\/types\/post"}],"author":[{"embeddable":true,"href":"https:\/\/diariodominicano.com\/index.php?rest_route=\/wp\/v2\/users\/3"}],"replies":[{"embeddable":true,"href":"https:\/\/diariodominicano.com\/index.php?rest_route=%2Fwp%2Fv2%2Fcomments&post=261613"}],"version-history":[{"count":0,"href":"https:\/\/diariodominicano.com\/index.php?rest_route=\/wp\/v2\/posts\/261613\/revisions"}],"wp:attachment":[{"href":"https:\/\/diariodominicano.com\/index.php?rest_route=%2Fwp%2Fv2%2Fmedia&parent=261613"}],"wp:term":[{"taxonomy":"category","embeddable":true,"href":"https:\/\/diariodominicano.com\/index.php?rest_route=%2Fwp%2Fv2%2Fcategories&post=261613"},{"taxonomy":"post_tag","embeddable":true,"href":"https:\/\/diariodominicano.com\/index.php?rest_route=%2Fwp%2Fv2%2Ftags&post=261613"}],"curies":[{"name":"wp","href":"https:\/\/api.w.org\/{rel}","templated":true}]}}