{"id":261611,"date":"2020-12-04T20:16:45","date_gmt":"2020-12-04T20:16:45","guid":{"rendered":"http:\/\/diariodominicano.ddns.net\/?p=261611"},"modified":"2020-12-04T20:16:45","modified_gmt":"2020-12-04T20:16:45","slug":"el-ministro-del-mescyt-y-rector-de-ucsd-se-reunen-para-dar-seguimiento-a-programas-interinstitucionales","status":"publish","type":"post","link":"https:\/\/diariodominicano.com\/?p=261611","title":{"rendered":"&#13;El ministro del MESCYT y rector de UCSD se re\u00fanen para dar seguimiento a programas interinstitucionales"},"content":{"rendered":"<p><body><\/p>\n<p><img decoding=\"async\" src=\"http:\/\/localhost:8080\/img3\/mescyt4-12-20.jpg\" \/>  <\/p>\n<p><span class=\"text1noticias\">diariodominicano.com<\/span><\/p>\n<\/p>\n<p><span class=\"text1noticias\">Santo Domingo, R. D., 4 de diciembre, 2020.- El ministro de Educaci\u00f3n Superior, Ciencia y Tecnolog\u00eda, doctor Franklin Garc\u00eda Ferm\u00edn, y el rector de la Universidad Cat\u00f3lica de Santo Domingo (UCSD), monse\u00f1or Ram\u00f3n Benito \u00c1ngeles Fern\u00e1ndez, sostuvieron una reuni\u00f3n con el prop\u00f3sito de dar seguimiento a los trabajos interinstitucionales que mantiene el MESCYT con las instituciones de educaci\u00f3n superior.<\/span><\/p>\n<p><span class=\"text1noticias\"> <\/span><\/p>\n<p><span class=\"text1noticias\">Durante el encuentro, que se realiz\u00f3 en el despacho del MESCYT, Garc\u00eda Ferm\u00edn y monse\u00f1or Angeles Fern\u00e1ndez se mostraron contestes con el mantenimiento de una constante comunicaci\u00f3n y seguimiento a los proyectos a favor de la educaci\u00f3n superior.<\/span><\/p>\n<p><span class=\"text1noticias\"> <\/span><\/p>\n<p><span class=\"text1noticias\">Garc\u00eda Ferm\u00edn expuso al prelado que su gesti\u00f3n siempre estar\u00e1 abierta a todas IES, por ser actores primordiales en el desarrollo del pa\u00eds y uno de los ejes sobre los cuales gira la pol\u00edtica de gobierno del presidente Luis Abinader.<\/span><\/p>\n<p><span class=\"text1noticias\"> <\/span><\/p>\n<p><span class=\"text1noticias\">Mientras que el rector de la UCSD reconoce la labor y atenci\u00f3n que mantiene el funcionario con el sistema de educaci\u00f3n superior en medio de la pandemia del Covid-19.<\/span><\/p>\n<p><span class=\"text1noticias\"> <\/span><\/p>\n<p><span class=\"text1noticias\">En el encuentro estuvieron el viceministro del MESCYT, Jos\u00e9 A. Cancel y el asesor especial, Julio Altagracia; Ram\u00f3n Garc\u00eda Tatis; vicerrector de Administraci\u00f3n y Desarrollo; y el coordinador t\u00e9cnico de rector\u00eda, Edwin Lopez.<\/span><\/p>\n<p><span class=\"text1noticias\"> <\/span><\/p>\n<p><span class=\"text1noticias\">PIE DE FOTO: <\/span><\/p>\n<p><span class=\"text1noticias\">El ministro del MESCYT, doctor Franklin Garc\u00eda Ferm\u00edn, y monse\u00f1or Benito \u00c1ngeles Fern\u00e1ndez.<\/span><\/p>\n<p><span class=\"text1noticias\"> <\/span><\/p>\n<p><span class=\"text1noticias\">Fuente: Federico Mendez Nova<\/span><\/p>\n<h6> 2020-12-04 20:16:45 <\/h6>\n<p><!--\n<link rel=\"stylesheet\" href=\"css\/bootstrap.min.css\">\n\n\n<ul class=\"pagination\">\n\t    \n\t\n\n<li >\n\t<a href='?page_no=96'>Previous<\/a>\n\t<\/li>\n\n\n       \n    \n\n<li><a href='?page_no=1'>1<\/a><\/li>\n\n\n\n<li><a href='?page_no=2'>2<\/a><\/li>\n\n\n\n<li><a>...<\/a><\/li>\n\n\n\n<li><a href='?page_no=95'>95<\/a><\/li>\n\n\n\n<li><a href='?page_no=96'>96<\/a><\/li>\n\n\n\n<li class='active'><a>97<\/a><\/li>\n\n\n\n<li><a href='?page_no=98'>98<\/a><\/li>\n\n\n\n<li><a href='?page_no=99'>99<\/a><\/li>\n\n\n\n<li><a>...<\/a><\/li>\n\n\n\n<li><a href='?page_no=110'>110<\/a><\/li>\n\n\n\n<li><a href='?page_no=111'>111<\/a><\/li>\n\n    \n\t\n\n<li >\n\t<a href='?page_no=98'>Next<\/a>\n\t<\/li>\n\n\n    \n\n<li><a href='?page_no=111'>Last &rsaquo;&rsaquo;<\/a><\/li>\n\n<\/ul>\n\n\n--><br \/>\n<\/body><\/p>\n","protected":false},"excerpt":{"rendered":"<p>diariodominicano.com Santo Domingo, R. D., 4 de diciembre, 2020.- El ministro de Educaci\u00f3n Superior, Ciencia y Tecnolog\u00eda, doctor Franklin Garc\u00eda Ferm\u00edn, y el rector de la Universidad Cat\u00f3lica de Santo Domingo (UCSD), monse\u00f1or Ram\u00f3n Benito \u00c1ngeles Fern\u00e1ndez, sostuvieron una reuni\u00f3n con el prop\u00f3sito de dar seguimiento a los trabajos interinstitucionales que mantiene el MESCYT con [&hellip;]<\/p>\n","protected":false},"author":3,"featured_media":0,"comment_status":"open","ping_status":"open","sticky":false,"template":"","format":"standard","meta":{"footnotes":""},"categories":[21],"tags":[],"class_list":["post-261611","post","type-post","status-publish","format-standard","hentry","category-cultura"],"_links":{"self":[{"href":"https:\/\/diariodominicano.com\/index.php?rest_route=\/wp\/v2\/posts\/261611","targetHints":{"allow":["GET"]}}],"collection":[{"href":"https:\/\/diariodominicano.com\/index.php?rest_route=\/wp\/v2\/posts"}],"about":[{"href":"https:\/\/diariodominicano.com\/index.php?rest_route=\/wp\/v2\/types\/post"}],"author":[{"embeddable":true,"href":"https:\/\/diariodominicano.com\/index.php?rest_route=\/wp\/v2\/users\/3"}],"replies":[{"embeddable":true,"href":"https:\/\/diariodominicano.com\/index.php?rest_route=%2Fwp%2Fv2%2Fcomments&post=261611"}],"version-history":[{"count":0,"href":"https:\/\/diariodominicano.com\/index.php?rest_route=\/wp\/v2\/posts\/261611\/revisions"}],"wp:attachment":[{"href":"https:\/\/diariodominicano.com\/index.php?rest_route=%2Fwp%2Fv2%2Fmedia&parent=261611"}],"wp:term":[{"taxonomy":"category","embeddable":true,"href":"https:\/\/diariodominicano.com\/index.php?rest_route=%2Fwp%2Fv2%2Fcategories&post=261611"},{"taxonomy":"post_tag","embeddable":true,"href":"https:\/\/diariodominicano.com\/index.php?rest_route=%2Fwp%2Fv2%2Ftags&post=261611"}],"curies":[{"name":"wp","href":"https:\/\/api.w.org\/{rel}","templated":true}]}}