{"id":261609,"date":"2020-12-05T07:31:42","date_gmt":"2020-12-05T07:31:42","guid":{"rendered":"http:\/\/diariodominicano.ddns.net\/?p=261609"},"modified":"2020-12-05T07:31:42","modified_gmt":"2020-12-05T07:31:42","slug":"cristobal-colon-y-su-comitiva-llegan-a-la-isla-de-santo-domingo","status":"publish","type":"post","link":"https:\/\/diariodominicano.com\/?p=261609","title":{"rendered":"Crist\u00f3bal Col\u00f3n y su comitiva llegan a la isla de Santo Domingo"},"content":{"rendered":"<p><body><\/p>\n<p><img decoding=\"async\" src=\"img3\/colon00444.jpg\" \/>  <\/p>\n<p><strong>Diariodominicano.com<\/strong><\/p>\n<p><strong>Crist\u00f3bal Col\u00f3n y su comitiva llegan a la isla de Santo Domingo<\/strong><\/p>\n<p><strong>El arribo de Crist\u00f3bal Col\u00f3n y sus hombres se produjo por la bah\u00eda de San Nicol\u00e1s, en el territorio de Hait\u00ed.<\/strong><\/p>\n<p><strong>Por H\u00e9ctor Tineo Nolasco<\/strong><\/p>\n<p><strong>Diariodominicano.com<\/strong><\/p>\n<p><strong>SANTO DOMINGO, el  5 de diciembre de 1492<\/strong>, Crist\u00f3bal Col\u00f3n y su comitiva llegaron a la isla de Santo Domingo. En ese momento la isla era llamada por los abor\u00edgenes \u00abQuisqueya o Hait\u00ed\u00bb. Y Crist\u00f3bal Col\u00f3n la bautiz\u00f3 con el nombre de la Espa\u00f1ola.<\/p>\n<\/p>\n<p>     El arribo de Crist\u00f3bal Col\u00f3n y sus hombres se produjo por la bah\u00eda de San Nicol\u00e1s, en el territorio de Hait\u00ed.<\/p>\n<\/p>\n<p>    A partir de ese momento, Crist\u00f3bal Col\u00f3n y sus hombres iniciaron el proceso de colonizaci\u00f3n en  un recorrido por la isla. <\/p>\n<\/p>\n<p>    A finales de 1493, Crist\u00f3bal Col\u00f3n fund\u00f3 el primer municipio de Am\u00e9rica, La Isabela, en la hoy provincia de Puerto Plata, en la costa Atl\u00e1ntica de Rep\u00fablica Dominicana.<\/p>\n<\/p>\n<p>   All\u00ed enfrentaron m\u00faltiples dificultades por la escasez de alimentos y medicamentos. Una parte de los hombres que acompa\u00f1aron a Col\u00f3n enfermaron y murieron.<\/p>\n<\/p>\n<p>   No obstante, los colonizadores lograron establecerse en la isla y luego fundaron la ciudad de Santo Domingo, la primera ciudad de Am\u00e9rica y construyeron la primera Catedral de Am\u00e9rica, entre otras obras.<\/p>\n<\/p>\n<p>     En la isla de Santo Domingo,  los colonizadores desarrollaron un proceso de explotaci\u00f3n de la mano de obra aborigen que provoc\u00f3 el exterminio de su poblaci\u00f3n nativa,  y luego tuvieron que exportar esclavos africanos.<\/p>\n<\/p>\n<h6> 2020-12-05 07:31:42 <\/h6>\n<p><!--\n<link rel=\"stylesheet\" href=\"css\/bootstrap.min.css\">\n\n\n<ul class=\"pagination\">\n\t    \n\t\n\n<li >\n\t<a href='?page_no=94'>Previous<\/a>\n\t<\/li>\n\n\n       \n    \n\n<li><a href='?page_no=1'>1<\/a><\/li>\n\n\n\n<li><a href='?page_no=2'>2<\/a><\/li>\n\n\n\n<li><a>...<\/a><\/li>\n\n\n\n<li><a href='?page_no=93'>93<\/a><\/li>\n\n\n\n<li><a href='?page_no=94'>94<\/a><\/li>\n\n\n\n<li class='active'><a>95<\/a><\/li>\n\n\n\n<li><a href='?page_no=96'>96<\/a><\/li>\n\n\n\n<li><a href='?page_no=97'>97<\/a><\/li>\n\n\n\n<li><a>...<\/a><\/li>\n\n\n\n<li><a href='?page_no=110'>110<\/a><\/li>\n\n\n\n<li><a href='?page_no=111'>111<\/a><\/li>\n\n    \n\t\n\n<li >\n\t<a href='?page_no=96'>Next<\/a>\n\t<\/li>\n\n\n    \n\n<li><a href='?page_no=111'>Last &rsaquo;&rsaquo;<\/a><\/li>\n\n<\/ul>\n\n\n--><br \/>\n<\/body><\/p>\n","protected":false},"excerpt":{"rendered":"<p>Diariodominicano.com Crist\u00f3bal Col\u00f3n y su comitiva llegan a la isla de Santo Domingo El arribo de Crist\u00f3bal Col\u00f3n y sus hombres se produjo por la bah\u00eda de San Nicol\u00e1s, en el territorio de Hait\u00ed. Por H\u00e9ctor Tineo Nolasco Diariodominicano.com SANTO DOMINGO, el 5 de diciembre de 1492, Crist\u00f3bal Col\u00f3n y su comitiva llegaron a la [&hellip;]<\/p>\n","protected":false},"author":3,"featured_media":0,"comment_status":"open","ping_status":"open","sticky":false,"template":"","format":"standard","meta":{"footnotes":""},"categories":[21],"tags":[],"class_list":["post-261609","post","type-post","status-publish","format-standard","hentry","category-cultura"],"_links":{"self":[{"href":"https:\/\/diariodominicano.com\/index.php?rest_route=\/wp\/v2\/posts\/261609","targetHints":{"allow":["GET"]}}],"collection":[{"href":"https:\/\/diariodominicano.com\/index.php?rest_route=\/wp\/v2\/posts"}],"about":[{"href":"https:\/\/diariodominicano.com\/index.php?rest_route=\/wp\/v2\/types\/post"}],"author":[{"embeddable":true,"href":"https:\/\/diariodominicano.com\/index.php?rest_route=\/wp\/v2\/users\/3"}],"replies":[{"embeddable":true,"href":"https:\/\/diariodominicano.com\/index.php?rest_route=%2Fwp%2Fv2%2Fcomments&post=261609"}],"version-history":[{"count":0,"href":"https:\/\/diariodominicano.com\/index.php?rest_route=\/wp\/v2\/posts\/261609\/revisions"}],"wp:attachment":[{"href":"https:\/\/diariodominicano.com\/index.php?rest_route=%2Fwp%2Fv2%2Fmedia&parent=261609"}],"wp:term":[{"taxonomy":"category","embeddable":true,"href":"https:\/\/diariodominicano.com\/index.php?rest_route=%2Fwp%2Fv2%2Fcategories&post=261609"},{"taxonomy":"post_tag","embeddable":true,"href":"https:\/\/diariodominicano.com\/index.php?rest_route=%2Fwp%2Fv2%2Ftags&post=261609"}],"curies":[{"name":"wp","href":"https:\/\/api.w.org\/{rel}","templated":true}]}}