{"id":261608,"date":"2020-12-05T07:38:16","date_gmt":"2020-12-05T07:38:16","guid":{"rendered":"http:\/\/diariodominicano.ddns.net\/?p=261608"},"modified":"2020-12-05T07:38:16","modified_gmt":"2020-12-05T07:38:16","slug":"nace-jose-maria-cabral-4","status":"publish","type":"post","link":"https:\/\/diariodominicano.com\/?p=261608","title":{"rendered":"Nace Jos\u00e9 Mar\u00eda Cabral"},"content":{"rendered":"<p><body><\/p>\n<p><strong>Diariodominicano.com<\/strong><\/p>\n<p><strong>Nace Jos\u00e9 Mar\u00eda Cabral<\/strong><\/p>\n<p><strong>Jos\u00e9 Mar\u00eda Cabral se destac\u00f3  como pol\u00edtico y militar. Particip\u00f3 en batallas contra  los haitianos que invadieron el pa\u00eds durante los primeros  12 a\u00f1os de la Rep\u00fablica Dominicana. Entre las batallas en las que defendi\u00f3 la soberan\u00eda nacional figuran la de La Estrelleta y la de El N\u00famero.<\/strong><\/p>\n<p><strong>Por HTN<\/strong><\/p>\n<p><strong>Diariodominicano.com<\/strong><\/p>\n<p><strong>SAN CRIST\u00d6BAL, el  5 de diciembre de 1819,<\/strong> naci\u00f3 en la ciudad de San Crist\u00f3bal, Jos\u00e9 Mar\u00eda Cabral y Luna, hijo de  Marcos Cabral y  Mar\u00eda Ramona Luna.<\/p>\n<\/p>\n<p>     Jos\u00e9 Mar\u00eda Cabral se destac\u00f3  como pol\u00edtico y militar. Particip\u00f3 en batallas contra  los haitianos que invadieron el pa\u00eds durante los primeros  12 a\u00f1os de la Rep\u00fablica Dominicana. Entre las batallas en las que defendi\u00f3 la soberan\u00eda nacional figuran la de La Estrelleta y la de El N\u00famero.<\/p>\n<\/p>\n<p>En  1861 acompa\u00f1\u00f3 al pr\u00f3cer Francisco del Rosario S\u00e1nchez en su lucha contra la Anexi\u00f3n de la Rep\u00fablica y al fracasar la misi\u00f3n se refugi\u00f3 en Hait\u00ed.<\/p>\n<\/p>\n<p>     En el a\u00f1o 1865, Jos\u00e9 Mar\u00eda Cabral tom\u00f3 el poder al derrocar al Presidente Pedro Antonio Pimentel. Se mantuvo en la presidencia del   4 de agosto al 8 de diciembre de 1865, cuando entreg\u00f3 el poder a Buenaventura B\u00e1ez, quien regres\u00f3 del  exilio. <\/p>\n<\/p>\n<p>    Luego ocup\u00f3 la presidencia durante el per\u00edodo del 22 de agosto al 31 de enero de 1868, cuando fue derrocado por un Movimiento liderado por el ex Presidente Buenaventura B\u00e1ez.<\/p>\n<\/p>\n<\/p>\n<\/p>\n<\/p>\n<h6> 2020-12-05 07:38:16 <\/h6>\n<p><!--\n<link rel=\"stylesheet\" href=\"css\/bootstrap.min.css\">\n\n\n<ul class=\"pagination\">\n\t    \n\t\n\n<li >\n\t<a href='?page_no=93'>Previous<\/a>\n\t<\/li>\n\n\n       \n    \n\n<li><a href='?page_no=1'>1<\/a><\/li>\n\n\n\n<li><a href='?page_no=2'>2<\/a><\/li>\n\n\n\n<li><a>...<\/a><\/li>\n\n\n\n<li><a href='?page_no=92'>92<\/a><\/li>\n\n\n\n<li><a href='?page_no=93'>93<\/a><\/li>\n\n\n\n<li class='active'><a>94<\/a><\/li>\n\n\n\n<li><a href='?page_no=95'>95<\/a><\/li>\n\n\n\n<li><a href='?page_no=96'>96<\/a><\/li>\n\n\n\n<li><a>...<\/a><\/li>\n\n\n\n<li><a href='?page_no=110'>110<\/a><\/li>\n\n\n\n<li><a href='?page_no=111'>111<\/a><\/li>\n\n    \n\t\n\n<li >\n\t<a href='?page_no=95'>Next<\/a>\n\t<\/li>\n\n\n    \n\n<li><a href='?page_no=111'>Last &rsaquo;&rsaquo;<\/a><\/li>\n\n<\/ul>\n\n\n--><br \/>\n<\/body><\/p>\n","protected":false},"excerpt":{"rendered":"<p>Diariodominicano.com Nace Jos\u00e9 Mar\u00eda Cabral Jos\u00e9 Mar\u00eda Cabral se destac\u00f3 como pol\u00edtico y militar. Particip\u00f3 en batallas contra los haitianos que invadieron el pa\u00eds durante los primeros 12 a\u00f1os de la Rep\u00fablica Dominicana. Entre las batallas en las que defendi\u00f3 la soberan\u00eda nacional figuran la de La Estrelleta y la de El N\u00famero. Por HTN [&hellip;]<\/p>\n","protected":false},"author":3,"featured_media":0,"comment_status":"open","ping_status":"open","sticky":false,"template":"","format":"standard","meta":{"footnotes":""},"categories":[21],"tags":[],"class_list":["post-261608","post","type-post","status-publish","format-standard","hentry","category-cultura"],"_links":{"self":[{"href":"https:\/\/diariodominicano.com\/index.php?rest_route=\/wp\/v2\/posts\/261608","targetHints":{"allow":["GET"]}}],"collection":[{"href":"https:\/\/diariodominicano.com\/index.php?rest_route=\/wp\/v2\/posts"}],"about":[{"href":"https:\/\/diariodominicano.com\/index.php?rest_route=\/wp\/v2\/types\/post"}],"author":[{"embeddable":true,"href":"https:\/\/diariodominicano.com\/index.php?rest_route=\/wp\/v2\/users\/3"}],"replies":[{"embeddable":true,"href":"https:\/\/diariodominicano.com\/index.php?rest_route=%2Fwp%2Fv2%2Fcomments&post=261608"}],"version-history":[{"count":0,"href":"https:\/\/diariodominicano.com\/index.php?rest_route=\/wp\/v2\/posts\/261608\/revisions"}],"wp:attachment":[{"href":"https:\/\/diariodominicano.com\/index.php?rest_route=%2Fwp%2Fv2%2Fmedia&parent=261608"}],"wp:term":[{"taxonomy":"category","embeddable":true,"href":"https:\/\/diariodominicano.com\/index.php?rest_route=%2Fwp%2Fv2%2Fcategories&post=261608"},{"taxonomy":"post_tag","embeddable":true,"href":"https:\/\/diariodominicano.com\/index.php?rest_route=%2Fwp%2Fv2%2Ftags&post=261608"}],"curies":[{"name":"wp","href":"https:\/\/api.w.org\/{rel}","templated":true}]}}