{"id":261606,"date":"2020-12-06T12:31:45","date_gmt":"2020-12-06T12:31:45","guid":{"rendered":"http:\/\/diariodominicano.ddns.net\/?p=261606"},"modified":"2020-12-06T12:31:45","modified_gmt":"2020-12-06T12:31:45","slug":"el-itla-capacitara-personal-del-inspodom-y-brindara-soporte-tecnologico","status":"publish","type":"post","link":"https:\/\/diariodominicano.com\/?p=261606","title":{"rendered":"El ITLA capacitar\u00e1 personal del INSPODOM y brindar\u00e1 soporte tecnol\u00f3gico"},"content":{"rendered":"<p><body><\/p>\n<p><img decoding=\"async\" src=\"http:\/\/localhost:8080\/img3\/ItlaeImposdom6-12-20.jpg\" \/>  <\/p>\n<p><span class=\"text1noticias\"> <\/span><\/p>\n<p><span class=\"text1noticias\">diariodominicano.com<\/span><\/p>\n<\/p>\n<p><span class=\"text1noticias\">Santo Domingo, R. D., 6 de diciembre, 2020.- El Rector del Instituto Tecnol\u00f3gico de las Am\u00e9ricas, Omar M\u00e9ndez Lluberes, el Presidente de la Fundaci\u00f3n Parque Cibern\u00e9tico, Eddy Mart\u00ednez  Manzueta y el director general del Instituto Postal Dominicano, Ad\u00e1n Peguero, firmaron un convenio interinstitucional para automatizar y digitalizar todos los datos, documentos y archivos del INSPODOM. <\/span><\/p>\n<\/p>\n<p><span class=\"text1noticias\">Durante la firma del convenio,  M\u00e9ndez Lluberes,  felicito al director general del INSPODOM por ejecutar esta gran iniciativa que transformar\u00e1 la imagen en un antes y un despu\u00e9s de la entidad con el Soluci\u00f3n Factory. <\/span><\/p>\n<p><span class=\"text1noticias\"> <\/span><\/p>\n<p><span class=\"text1noticias\">\u00a8 Hoy con este convenio el INSPODOM se transforma a otro nivel donde los ciudadanos contaran con una entidad automatizada, capacitada con un tiempo de respuesta con lo que son sus servicios con garant\u00eda y sobretodo transparencia. \u00a8<\/span><\/p>\n<\/p>\n<p><span class=\"text1noticias\">De igual forma el presidente de la Fundaci\u00f3n del Parque Cibern\u00e9tico, Eddy Mart\u00ednez, dijo que ya se ha iniciado un levantamiento de informaci\u00f3n para automatizar todos los datos y archivos de esa entidad.<\/span><\/p>\n<\/p>\n<p><span class=\"text1noticias\">\u00a8Tenernos el compromiso tanto a nivel profesional y humano para asegurarnos que esta cooperaci\u00f3n interinstitucional brinde su fruto y ayude a convertir al INSPODOM en ese sue\u00f1o y esa visi\u00f3n que tiene su director general.\u00a8 <\/span><\/p>\n<\/p>\n<p><span class=\"text1noticias\">Mientras que el director General del Instituto Postal Dominicano, ingeniero Adam Peguero, enfatiz\u00f3 que sin la tecnolog\u00eda la instituci\u00f3n se manejar\u00eda de manera obsoleta porque los sistemas no est\u00e1n acorde a los nuevos tiempos. <\/span><\/p>\n<\/p>\n<p><span class=\"text1noticias\">\u00a8 Para ser eficientes necesitamos la tecnolog\u00eda y ustedes nos pueden ayudar, para nosotros esto ser\u00eda el inicio del relanzamiento del Inspodom y estamos agradecido de esta colaboraci\u00f3n, m\u00e1s que un acuerdo interinstitucional, es un acuerdo con nuestra patria\u00a8. <\/span><\/p>\n<\/p>\n<p><span class=\"text1noticias\">Tanto el ITLA como el Parque Cibern\u00e9tico a trav\u00e9s del Centro Innovation Soluci\u00f3n Factory, el cual provee servicios y acompa\u00f1amiento en los procesos de transformaci\u00f3n digital a las empresas e instituciones del Estado, capacitara de manera digital a todo el personal del INSPODOM como tambi\u00e9n les brindara el soporte tecnol\u00f3gico.<\/span><\/p>\n<\/p>\n<p><span class=\"text1noticias\">Fuente: Lic. Yolanda Tapia<\/span><\/p>\n<p><span class=\"text1noticias\">Encargada de Prensa<\/span><\/p>\n<p><span class=\"text1noticias\">Instituto Tecnol\u00f3gico de las Am\u00e9ricas, ITLA<\/span><\/p>\n<p> <span class=\"text1noticias\">Informaci\u00f3n para la Prensa<\/span><\/p>\n<h6> 2020-12-06 12:31:45 <\/h6>\n<p><!--\n<link rel=\"stylesheet\" href=\"css\/bootstrap.min.css\">\n\n\n<ul class=\"pagination\">\n\t    \n\t\n\n<li >\n\t<a href='?page_no=91'>Previous<\/a>\n\t<\/li>\n\n\n       \n    \n\n<li><a href='?page_no=1'>1<\/a><\/li>\n\n\n\n<li><a href='?page_no=2'>2<\/a><\/li>\n\n\n\n<li><a>...<\/a><\/li>\n\n\n\n<li><a href='?page_no=90'>90<\/a><\/li>\n\n\n\n<li><a href='?page_no=91'>91<\/a><\/li>\n\n\n\n<li class='active'><a>92<\/a><\/li>\n\n\n\n<li><a href='?page_no=93'>93<\/a><\/li>\n\n\n\n<li><a href='?page_no=94'>94<\/a><\/li>\n\n\n\n<li><a>...<\/a><\/li>\n\n\n\n<li><a href='?page_no=110'>110<\/a><\/li>\n\n\n\n<li><a href='?page_no=111'>111<\/a><\/li>\n\n    \n\t\n\n<li >\n\t<a href='?page_no=93'>Next<\/a>\n\t<\/li>\n\n\n    \n\n<li><a href='?page_no=111'>Last &rsaquo;&rsaquo;<\/a><\/li>\n\n<\/ul>\n\n\n--><br \/>\n<\/body><\/p>\n","protected":false},"excerpt":{"rendered":"<p>diariodominicano.com Santo Domingo, R. D., 6 de diciembre, 2020.- El Rector del Instituto Tecnol\u00f3gico de las Am\u00e9ricas, Omar M\u00e9ndez Lluberes, el Presidente de la Fundaci\u00f3n Parque Cibern\u00e9tico, Eddy Mart\u00ednez Manzueta y el director general del Instituto Postal Dominicano, Ad\u00e1n Peguero, firmaron un convenio interinstitucional para automatizar y digitalizar todos los datos, documentos y archivos del [&hellip;]<\/p>\n","protected":false},"author":3,"featured_media":0,"comment_status":"open","ping_status":"open","sticky":false,"template":"","format":"standard","meta":{"footnotes":""},"categories":[21],"tags":[],"class_list":["post-261606","post","type-post","status-publish","format-standard","hentry","category-cultura"],"_links":{"self":[{"href":"https:\/\/diariodominicano.com\/index.php?rest_route=\/wp\/v2\/posts\/261606","targetHints":{"allow":["GET"]}}],"collection":[{"href":"https:\/\/diariodominicano.com\/index.php?rest_route=\/wp\/v2\/posts"}],"about":[{"href":"https:\/\/diariodominicano.com\/index.php?rest_route=\/wp\/v2\/types\/post"}],"author":[{"embeddable":true,"href":"https:\/\/diariodominicano.com\/index.php?rest_route=\/wp\/v2\/users\/3"}],"replies":[{"embeddable":true,"href":"https:\/\/diariodominicano.com\/index.php?rest_route=%2Fwp%2Fv2%2Fcomments&post=261606"}],"version-history":[{"count":0,"href":"https:\/\/diariodominicano.com\/index.php?rest_route=\/wp\/v2\/posts\/261606\/revisions"}],"wp:attachment":[{"href":"https:\/\/diariodominicano.com\/index.php?rest_route=%2Fwp%2Fv2%2Fmedia&parent=261606"}],"wp:term":[{"taxonomy":"category","embeddable":true,"href":"https:\/\/diariodominicano.com\/index.php?rest_route=%2Fwp%2Fv2%2Fcategories&post=261606"},{"taxonomy":"post_tag","embeddable":true,"href":"https:\/\/diariodominicano.com\/index.php?rest_route=%2Fwp%2Fv2%2Ftags&post=261606"}],"curies":[{"name":"wp","href":"https:\/\/api.w.org\/{rel}","templated":true}]}}