{"id":261605,"date":"2020-12-06T14:06:05","date_gmt":"2020-12-06T14:06:05","guid":{"rendered":"http:\/\/diariodominicano.ddns.net\/?p=261605"},"modified":"2020-12-06T14:06:05","modified_gmt":"2020-12-06T14:06:05","slug":"rd-y-republica-popular-china-suscriben-acuerdos-para-impulsar-la-formacion-tecnico-profesional","status":"publish","type":"post","link":"https:\/\/diariodominicano.com\/?p=261605","title":{"rendered":"RD y Rep\u00fablica Popular China suscriben acuerdos para impulsar la  Formaci\u00f3n T\u00e9cnico Profesional"},"content":{"rendered":"<p><body><\/p>\n<p><img decoding=\"async\" src=\"http:\/\/localhost:8080\/img3\/INFOTEP-RafaelSantos6-12-20.jpg\" \/><br \/><img decoding=\"async\" src=\"http:\/\/localhost:8080\/img3\/Infotep-Franja-Ruta6-12-20.jpg\" \/>  <\/p>\n<p><span class=\"text1noticias\"> diariodominicano.com<\/span><\/p>\n<\/p>\n<p><span class=\"text1noticias\">Santo Domingo, R. D., 6 de noviembre, 2020.- En una singular ceremonia conjunta y virtual celebrada entre autoridades de la Rep\u00fablica Dominicana y de la Rep\u00fablica Popular China, el Instituto Nacional de Formaci\u00f3n T\u00e9cnico Profesional (INFOTEP) y la Escuela T\u00e9cnica Profesional de Nanjing Jinling suscribieron un acuerdo mediante el cual proyectan la construcci\u00f3n de una comunidad que han denominado \u00abla Franja y la Ruta\u00bb.<\/span><\/p>\n<\/p>\n<p><span class=\"text1noticias\">El acuerdo, que tendr\u00e1 una duraci\u00f3n de cinco a\u00f1os, fue suscrito por el director general de la entidad tripartita, Rafael Santos Bad\u00eda, desde la Rep\u00fablica Dominicana, y el rector de la Escuela T\u00e9cnica Profesional de Nanjing Jinling,  Zhou Leshan, desde la Rep\u00fablica Popular China.<\/span><\/p>\n<\/p>\n<p><span class=\"text1noticias\">Ser\u00e1 ejecutado a nivel nacional e internacional, dirigido al personal administrativo, t\u00e9cnico, docente y estudiantil, a trav\u00e9s de diversos programas, que incluyen los de herramientas tecnol\u00f3gicas, automotriz, arte y dise\u00f1o, negocios, nutrici\u00f3n, arte culinario y gesti\u00f3n tur\u00edstica, entre otros.<\/span><\/p>\n<\/p>\n<p><span class=\"text1noticias\">El director general del INFOTEP, Rafael Santos Bad\u00eda, explic\u00f3 que este convenio se constituye en la base formal para la cooperaci\u00f3n internacional en materia de gesti\u00f3n de educaci\u00f3n, formaci\u00f3n t\u00e9cnico profesional, desarrollo sostenible, formaci\u00f3n biling\u00fce, empleo estudiantil e investigaci\u00f3n cient\u00edfica y tecnol\u00f3gica, entre otras.<\/span><\/p>\n<p><span class=\"text1noticias\">\u00abEste es un convenio de amistad educacional y de mutua cooperaci\u00f3n, que adem\u00e1s de construir una comunidad de formaci\u00f3n t\u00e9cnico profesional dentro de la Iniciativa La Franja y La Ruta, fortalecer\u00e1 la cooperaci\u00f3n entre nosotros y el centro Nanjing Jinling con las empresas productivas, a trav\u00e9s del Programa de Formaci\u00f3n Dual\u00bb.<\/span><\/p>\n<\/p>\n<p><span class=\"text1noticias\">Establece tambi\u00e9n el compromiso de las partes para el desarrollo de publicaciones conjuntas, actividades pedag\u00f3gicas, intercambio de experiencias cient\u00edficas y pedag\u00f3gicas, participaci\u00f3n en debates, conferencias o simposios de com\u00fan inter\u00e9s y participaci\u00f3n en proyectos de cooperaci\u00f3n.<\/span><\/p>\n<\/p>\n<p><span class=\"text1noticias\">\u00abConstituye un significativo acontecimiento por el que nuestra instituci\u00f3n se ver\u00e1 fortalecida y a la vez, permitir\u00e1 a la gran escuela oriental recibir experiencias de las actividades formativas de nuestra entidad, que justo acaba de cumplir 40 a\u00f1os de fundada\u00bb, precis\u00f3 Santos Bad\u00eda.<\/span><\/p>\n<p><span class=\"text1noticias\">La ceremonia<\/span><\/p>\n<p><span class=\"text1noticias\">La ceremonia para la firma del acuerdo, se trat\u00f3 de una innovadora experiencia, en la que intervinieron distintos actores de la vida institucional de las Rep\u00fablicas Dominicana y  China.<\/span><\/p>\n<p><span class=\"text1noticias\">El programa incluy\u00f3 sendas exposiciones sobre aspectos tur\u00edstico-culturales. Una, sobre  Saman\u00e1, ciudad localizada en la costa norte de la Rep\u00fablica Dominicana; y otra, sobre el Distrito de Qinhuai, de la Rep\u00fablica Popular China.<\/span><\/p>\n<\/p>\n<p><span class=\"text1noticias\">Los representantes de ambas localidades, Nelson N\u00fa\u00f1ez, alcalde del municipio cabecera de Saman\u00e1, Santa B\u00e1rbara de Saman\u00e1,  y Zhang Tai, director en funci\u00f3n del distrito chino de Qinhuai, estuvieron en la actividad.<\/span><\/p>\n<\/p>\n<p><span class=\"text1noticias\">N\u00fa\u00f1ez y Zhang Tai firmaron un Memor\u00e1ndum para el Establecimiento de Relaci\u00f3n de Cooperaci\u00f3n Amistosa entre el Distrito Qinhuai de Nanjing y el Municipio de Saman\u00e1.<\/span><\/p>\n<\/p>\n<p><span class=\"text1noticias\">Otros acuerdos son para la cooperaci\u00f3n del fomento del talento art\u00edstico y la cooperaci\u00f3n tur\u00edstica entre ambas comunidades dominicana y china.<\/span><\/p>\n<\/p>\n<p><span class=\"text1noticias\">Los embajadores Briunny Garabito Segura, de la Rep\u00fablica Dominicana, en la Rep\u00fablica Popular China, y el representante de esa naci\u00f3n asi\u00e1tica en el pa\u00eds, Zhang Run, pronunciaron sendos discursos relativos a la amistad, cooperaci\u00f3n, solidaridad y reciprocidad que mantienen esos pa\u00edses, cuyas relaciones diplom\u00e1ticas fueron establecidas el 30 de abril del a\u00f1o 2018. <\/span><\/p>\n<\/p>\n<p><span class=\"text1noticias\">El embajador de la Rep\u00fablica Popular China, Zhang Run, resalt\u00f3 la importancia hist\u00f3rica de los acuerdos suscritos, no s\u00f3lo por la forma virtual en la que se llev\u00f3 a cabo la actividad, sino tambi\u00e9n por la trascendencia de sus prop\u00f3sitos, sustentado en el hermanamiento de las ciudades de ambos pa\u00edses. A trav\u00e9s de estee puente, ambos lados puedan realizar intercambios en diversos campos como el de turismo, la capacitaci\u00f3n, la econom\u00eda y comercio, as\u00ed como en el arte y la cultura.  <\/span><\/p>\n<\/p>\n<p>Fuente: Prensa INFOTEP<\/p>\n<p><span class=\"text1noticias\">Rep\u00fablica Dominicana<\/span><\/p>\n<h6> 2020-12-06 14:06:05 <\/h6>\n<p><!--\n<link rel=\"stylesheet\" href=\"css\/bootstrap.min.css\">\n\n\n<ul class=\"pagination\">\n\t    \n\t\n\n<li >\n\t<a href='?page_no=90'>Previous<\/a>\n\t<\/li>\n\n\n       \n    \n\n<li><a href='?page_no=1'>1<\/a><\/li>\n\n\n\n<li><a href='?page_no=2'>2<\/a><\/li>\n\n\n\n<li><a>...<\/a><\/li>\n\n\n\n<li><a href='?page_no=89'>89<\/a><\/li>\n\n\n\n<li><a href='?page_no=90'>90<\/a><\/li>\n\n\n\n<li class='active'><a>91<\/a><\/li>\n\n\n\n<li><a href='?page_no=92'>92<\/a><\/li>\n\n\n\n<li><a href='?page_no=93'>93<\/a><\/li>\n\n\n\n<li><a>...<\/a><\/li>\n\n\n\n<li><a href='?page_no=110'>110<\/a><\/li>\n\n\n\n<li><a href='?page_no=111'>111<\/a><\/li>\n\n    \n\t\n\n<li >\n\t<a href='?page_no=92'>Next<\/a>\n\t<\/li>\n\n\n    \n\n<li><a href='?page_no=111'>Last &rsaquo;&rsaquo;<\/a><\/li>\n\n<\/ul>\n\n\n--><br \/>\n<\/body><\/p>\n","protected":false},"excerpt":{"rendered":"<p>diariodominicano.com Santo Domingo, R. D., 6 de noviembre, 2020.- En una singular ceremonia conjunta y virtual celebrada entre autoridades de la Rep\u00fablica Dominicana y de la Rep\u00fablica Popular China, el Instituto Nacional de Formaci\u00f3n T\u00e9cnico Profesional (INFOTEP) y la Escuela T\u00e9cnica Profesional de Nanjing Jinling suscribieron un acuerdo mediante el cual proyectan la construcci\u00f3n de [&hellip;]<\/p>\n","protected":false},"author":3,"featured_media":0,"comment_status":"open","ping_status":"open","sticky":false,"template":"","format":"standard","meta":{"footnotes":""},"categories":[21],"tags":[],"class_list":["post-261605","post","type-post","status-publish","format-standard","hentry","category-cultura"],"_links":{"self":[{"href":"https:\/\/diariodominicano.com\/index.php?rest_route=\/wp\/v2\/posts\/261605","targetHints":{"allow":["GET"]}}],"collection":[{"href":"https:\/\/diariodominicano.com\/index.php?rest_route=\/wp\/v2\/posts"}],"about":[{"href":"https:\/\/diariodominicano.com\/index.php?rest_route=\/wp\/v2\/types\/post"}],"author":[{"embeddable":true,"href":"https:\/\/diariodominicano.com\/index.php?rest_route=\/wp\/v2\/users\/3"}],"replies":[{"embeddable":true,"href":"https:\/\/diariodominicano.com\/index.php?rest_route=%2Fwp%2Fv2%2Fcomments&post=261605"}],"version-history":[{"count":0,"href":"https:\/\/diariodominicano.com\/index.php?rest_route=\/wp\/v2\/posts\/261605\/revisions"}],"wp:attachment":[{"href":"https:\/\/diariodominicano.com\/index.php?rest_route=%2Fwp%2Fv2%2Fmedia&parent=261605"}],"wp:term":[{"taxonomy":"category","embeddable":true,"href":"https:\/\/diariodominicano.com\/index.php?rest_route=%2Fwp%2Fv2%2Fcategories&post=261605"},{"taxonomy":"post_tag","embeddable":true,"href":"https:\/\/diariodominicano.com\/index.php?rest_route=%2Fwp%2Fv2%2Ftags&post=261605"}],"curies":[{"name":"wp","href":"https:\/\/api.w.org\/{rel}","templated":true}]}}