{"id":261602,"date":"2020-12-07T14:51:41","date_gmt":"2020-12-07T14:51:41","guid":{"rendered":"http:\/\/diariodominicano.ddns.net\/?p=261602"},"modified":"2020-12-07T14:51:41","modified_gmt":"2020-12-07T14:51:41","slug":"mescyt-y-la-uasd-gradua-1065-estudiantes-de-diplomado-en-desarrollo-de-software","status":"publish","type":"post","link":"https:\/\/diariodominicano.com\/?p=261602","title":{"rendered":"MESCYT y la UASD grad\u00faa 1,065 estudiantes de diplomado en desarrollo de software"},"content":{"rendered":"<p><body><\/p>\n<p><img decoding=\"async\" src=\"http:\/\/localhost:8080\/img3\/Mescyt-UASD7-12-20.jpg\" \/><br \/><img decoding=\"async\" src=\"http:\/\/localhost:8080\/img3\/Mescyt7-12-20.jpg\" \/>  <\/p>\n<p><span class=\"text1noticias\"> diariodominicano.com<\/span><\/p>\n<p><span class=\"text1noticias\"> <\/span><\/p>\n<p><span class=\"text1noticias\"> Santo Domingo, R. D., 7 de diciembre, 2020.- Al encabezar la graduaci\u00f3n de 1,065 estudiantes de un diplomado en desarrollo de software, el ministro de Educaci\u00f3n Superior, Ciencia y Tecnolog\u00eda, doctor Franklin Garc\u00eda Ferm\u00edn, afirm\u00f3 que el MESCYT impulsa los mecanismos necesarios para resolver la demanda creciente de profesionales cualificados del \u00e1rea en el pa\u00eds. <\/span><\/p>\n<p><span class=\"text1noticias\"> <\/span><\/p>\n<p><span class=\"text1noticias\">El diplomado es un resultado concreto de la puesta en marcha del proyecto de formaci\u00f3n y capacitaci\u00f3n de talento humano en desarrollo de softwares creado sobre la base de un convenio suscrito por el MESCYT y la Universidad Aut\u00f3noma de Santo Domingo (UASD), con el respaldo t\u00e9cnico del programa Rep\u00fablica Digital.<\/span><\/p>\n<p><span class=\"text1noticias\">  <\/span><\/p>\n<p><span class=\"text1noticias\">Garc\u00eda Ferm\u00edn sostuvo que este esfuerzo tiene su antecedente m\u00e1s importante en un estudio realizado por el Banco Interamericano de Desarrollo (BID), cuyo resultado indica que para el 2025 la industria del software emplear\u00e1 m\u00e1s de un mill\u00f3n 200 mil programadores en Am\u00e9rica Latina y el Caribe.<\/span><\/p>\n<p><span class=\"text1noticias\">  <\/span><\/p>\n<p><span class=\"text1noticias\"> \u00abEl personal de software se hace cada vez m\u00e1s necesario ya que a pesar de que algunas universidades imparten carreras de software, la realidad es que hay un gran d\u00e9ficit de personal cualificado en desarrollo de software para resolver las necesidades tecnol\u00f3gicas de las empresas del pa\u00eds\u00bb, enfatiz\u00f3.<\/span><\/p>\n<p><span class=\"text1noticias\"> <\/span><\/p>\n<p><span class=\"text1noticias\">Plante\u00f3 que a trav\u00e9s del proyecto BecaSoft, el MESCYT procura la formaci\u00f3n de capital humano en el \u00e1rea de desarrollo de softwares con el fin de impulsar esa industria en el pa\u00eds. <\/span><\/p>\n<p><span class=\"text1noticias\"> <\/span><\/p>\n<p><span class=\"text1noticias\">\u00abDe esta manera, estamos contribuyendo a incrementar exponencialmente las oportunidades de empleos para miles de j\u00f3venes de uno y otro sexos, con el cual coadyuvaremos al progreso social y al desarrollo econ\u00f3mico del pa\u00eds\u00bb, agreg\u00f3. <\/span><\/p>\n<p><span class=\"text1noticias\"> <\/span><\/p>\n<p><span class=\"text1noticias\">El funcionario indica que por tal raz\u00f3n, las personas que dise\u00f1an, desarrollan y mantienen los programas de computadoras en el pa\u00eds tendr\u00e1n mayores oportunidades de empleo y desarrollo, lo cual se facilita para los dominicanos por estar dotado de grandes ventajas, como su localizaci\u00f3n geogr\u00e1fica, situaci\u00f3n que permite exportar soluciones inform\u00e1ticas hacia otros destinos. <\/span><\/p>\n<p><span class=\"text1noticias\"> <\/span><\/p>\n<p><span class=\"text1noticias\">\u00abEn el \u00e1mbito educativo, los programas acad\u00e9micos de desarrollo de softwares han crecido exponencialmente, debido al incremento de la demanda de mano de obra local cualificada\u00bb, dijo. <\/span><\/p>\n<p><span class=\"text1noticias\"> <\/span><\/p>\n<p><span class=\"text1noticias\">Signific\u00f3 que debido a los continuos avances e innovaciones propios del \u00e1rea de desarrollo de softwares, es necesario redise\u00f1ar el curr\u00edculo, contar con un personal docente altamente preparado que instruya y capacite a los estudiantes de tecnolog\u00edas de punta. <\/span><\/p>\n<p><span class=\"text1noticias\"> <\/span><\/p>\n<p><span class=\"text1noticias\">Afirm\u00f3 que las universidades deben contar con la infraestructura tecnol\u00f3gica para poder impartir este tipo de formaci\u00f3n y capacitaci\u00f3n, frenar el decrecimiento de la matr\u00edcula de las carreras del \u00e1rea de tecnolog\u00edas y hacerle frente a la demanda de profesionales y t\u00e9cnicos cualificados en los mercados local e internacional.<\/span><\/p>\n<p><span class=\"text1noticias\"> <\/span><\/p>\n<p><span class=\"text1noticias\">En ese tenor, el vicerrector administrativo de la UASD, Pablo Valdez, manifest\u00f3 que el acuerdo interinstitucional entre el MESCYT, la academia estatal y Rep\u00fablica Digital, para desarrollar el diplomado, busca la soluci\u00f3n a un problema que consiste en la baja producci\u00f3n de softwares en el pa\u00eds, lo cual estaba incidiendo en la disminuci\u00f3n de la competitividad de las empresas, las instituciones y la naci\u00f3n.<\/span><\/p>\n<p><span class=\"text1noticias\"> <\/span><\/p>\n<p><span class=\"text1noticias\">De su lado, el decano de la Facultad de Ciencias de la UASD, Radham\u00e9s Silverio, sostuvo que el desarrollo de software es de prioridad nacional porque contribuye a enfrentar los retos de una rep\u00fablica digital y reducir los niveles de dependencia en materia tecnol\u00f3gica, proceso que permite pasar de consumidores a creadores de tecnolog\u00edas.<\/span><\/p>\n<p><span class=\"text1noticias\"> <\/span><\/p>\n<p><span class=\"text1noticias\">Las palabras de agradecimiento fueron pronunciadas por la estudiante Darlene Reynoso Guti\u00e9rrez, egresada de mayor \u00edndice del Programa de Inteligencia de Negocios y Big Data.<\/span><\/p>\n<p><span class=\"text1noticias\"> <\/span><\/p>\n<p><span class=\"text1noticias\">En el acto estuvieron presentes el viceministro del MESCYT, Genaro Rodr\u00edguez Mart\u00ednez, el asesor especial, Julio Altagracia; el director de Fomento y Difusi\u00f3n de Ciencia y Tecnolog\u00eda, Andr\u00e9s Merejo; la directora de la Escuela de Inform\u00e1tica de la UASD, Raysa V\u00e1squez; el coordinador de programas especiales de la Rector\u00eda, Ariosto Rojas, entre otros. <\/span><\/p>\n<p><span class=\"text1noticias\"> <\/span><\/p>\n<p><span class=\"text1noticias\">PIE DE FOTO:<\/span><\/p>\n<p><span class=\"text1noticias\"> 1.- El Ministro del MESCYT, doctor Franklin Garc\u00eda Ferm\u00edn, encabez\u00f3 el acto de graduaci\u00f3n de los estudiantes, junto al viceministro Genaro Rodr\u00edguez Mart\u00ednez; el vicerrector de la UASD, Pablo Valdez, el decano de la Facultad de Ciencias, Radham\u00e9s Silverio. <\/span><\/p>\n<p><span class=\"text1noticias\"> <\/span><\/p>\n<p><span class=\"text1noticias\">2.- Garc\u00eda Ferm\u00edn entrega el certificado a uno de los graduandos.<\/span><\/p>\n<p><span class=\"text1noticias\"> <\/span><\/p>\n<\/p>\n<p>Fuente: Federico Mendez Nova<\/p>\n<p>Ministerio de Educaci\u00f3nSuperior Ciencia y Tecnolog\u00eda (<span class=\"text1noticias\">MESCYT)<\/span><\/p>\n<h6> 2020-12-07 14:51:41 <\/h6>\n<p><!--\n<link rel=\"stylesheet\" href=\"css\/bootstrap.min.css\">\n\n\n<ul class=\"pagination\">\n\t    \n\t\n\n<li >\n\t<a href='?page_no=88'>Previous<\/a>\n\t<\/li>\n\n\n       \n    \n\n<li><a href='?page_no=1'>1<\/a><\/li>\n\n\n\n<li><a href='?page_no=2'>2<\/a><\/li>\n\n\n\n<li><a>...<\/a><\/li>\n\n\n\n<li><a href='?page_no=87'>87<\/a><\/li>\n\n\n\n<li><a href='?page_no=88'>88<\/a><\/li>\n\n\n\n<li class='active'><a>89<\/a><\/li>\n\n\n\n<li><a href='?page_no=90'>90<\/a><\/li>\n\n\n\n<li><a href='?page_no=91'>91<\/a><\/li>\n\n\n\n<li><a>...<\/a><\/li>\n\n\n\n<li><a href='?page_no=110'>110<\/a><\/li>\n\n\n\n<li><a href='?page_no=111'>111<\/a><\/li>\n\n    \n\t\n\n<li >\n\t<a href='?page_no=90'>Next<\/a>\n\t<\/li>\n\n\n    \n\n<li><a href='?page_no=111'>Last &rsaquo;&rsaquo;<\/a><\/li>\n\n<\/ul>\n\n\n--><br \/>\n<\/body><\/p>\n","protected":false},"excerpt":{"rendered":"<p>diariodominicano.com Santo Domingo, R. D., 7 de diciembre, 2020.- Al encabezar la graduaci\u00f3n de 1,065 estudiantes de un diplomado en desarrollo de software, el ministro de Educaci\u00f3n Superior, Ciencia y Tecnolog\u00eda, doctor Franklin Garc\u00eda Ferm\u00edn, afirm\u00f3 que el MESCYT impulsa los mecanismos necesarios para resolver la demanda creciente de profesionales cualificados del \u00e1rea en el [&hellip;]<\/p>\n","protected":false},"author":3,"featured_media":0,"comment_status":"open","ping_status":"open","sticky":false,"template":"","format":"standard","meta":{"footnotes":""},"categories":[21],"tags":[],"class_list":["post-261602","post","type-post","status-publish","format-standard","hentry","category-cultura"],"_links":{"self":[{"href":"https:\/\/diariodominicano.com\/index.php?rest_route=\/wp\/v2\/posts\/261602","targetHints":{"allow":["GET"]}}],"collection":[{"href":"https:\/\/diariodominicano.com\/index.php?rest_route=\/wp\/v2\/posts"}],"about":[{"href":"https:\/\/diariodominicano.com\/index.php?rest_route=\/wp\/v2\/types\/post"}],"author":[{"embeddable":true,"href":"https:\/\/diariodominicano.com\/index.php?rest_route=\/wp\/v2\/users\/3"}],"replies":[{"embeddable":true,"href":"https:\/\/diariodominicano.com\/index.php?rest_route=%2Fwp%2Fv2%2Fcomments&post=261602"}],"version-history":[{"count":0,"href":"https:\/\/diariodominicano.com\/index.php?rest_route=\/wp\/v2\/posts\/261602\/revisions"}],"wp:attachment":[{"href":"https:\/\/diariodominicano.com\/index.php?rest_route=%2Fwp%2Fv2%2Fmedia&parent=261602"}],"wp:term":[{"taxonomy":"category","embeddable":true,"href":"https:\/\/diariodominicano.com\/index.php?rest_route=%2Fwp%2Fv2%2Fcategories&post=261602"},{"taxonomy":"post_tag","embeddable":true,"href":"https:\/\/diariodominicano.com\/index.php?rest_route=%2Fwp%2Fv2%2Ftags&post=261602"}],"curies":[{"name":"wp","href":"https:\/\/api.w.org\/{rel}","templated":true}]}}